{"id":11140,"date":"2021-06-21T11:37:00","date_gmt":"2021-06-21T17:37:00","guid":{"rendered":"https:\/\/gobernacionaltaverapaz.gob.gt\/?p=11140"},"modified":"2021-06-23T12:56:15","modified_gmt":"2021-06-23T18:56:15","slug":"da-internacional-de-la-lucha-contra-el-uso-indebido-el-trfico-ilcito-de-drogas","status":"publish","type":"post","link":"https:\/\/gobernacionaltaverapaz.gob.gt\/?p=11140","title":{"rendered":"D\u00eda Internacional de la Lucha contra el Uso indebido y el tr\u00e1fico Il\u00edcito de Drogas"},"content":{"rendered":"<p style=\"text-align: justify;\">El Se\u00f1or Gobernador Departamental, Romel Manuel Veliz Castro, acompa\u00f1ado de la Se\u00f1ora Gobernador de Baja Verapaz, Rubidia Ascencio, dieron acompa\u00f1amiento a la inauguraci\u00f3n de la semana de prevenci\u00f3n contra el uso indebido y tr\u00e1fico il\u00edcito de drogas en cooperaci\u00f3n con el Tercer Viceministerio del <a href=\"https:\/\/www.facebook.com\/mingobguate\/?fref=mentions&amp;__xts__%5B0%5D=68.ARCNkMGTYl6e-tc0XCeRJvXTq6w56pmL0vQBhmqsETFJ-XiBH7XaLc3TtonGwisH5lZiEhyX7vCLYTxi4vSaHx-ioc1XQKrt0O-TKHXnefkpbeA7VbU1eh2NxlwZIMNmudvuACTtcC71bwGBYTfxjDttFOrAhMmkPtJ2AmjOBCDjNAiC1HBnOumH3ZHJN3zP0eyQJUSrzCdr6fGY2cwUdOvP0VNIHTaHHqW4vp79xJn-aShDuCmpmFY_PiGFScBKRFkVIyxxGpQziDNnbwmHLMlGf-UtcaO99noFl9TGlw3nAwLTqx9mpw&amp;__tn__=K-R\" target=\"_blank\" rel=\"noopener\">Ministerio de Gobernaci\u00f3n Guatemala<\/a>, Msc. <span class=\"textexposedshow\">Carlos Garc\u00eda Rubio, actividad desarrollada en la Comisaria 51 de Cob\u00e1n, Alta Verapaz.<\/span><\/p>\n<p style=\"text-align: justify;\">El Secretario Ejecutivo de <a href=\"https:\/\/www.facebook.com\/seccatidgt\/?fref=mentions&amp;__xts__%5B0%5D=68.ARCNkMGTYl6e-tc0XCeRJvXTq6w56pmL0vQBhmqsETFJ-XiBH7XaLc3TtonGwisH5lZiEhyX7vCLYTxi4vSaHx-ioc1XQKrt0O-TKHXnefkpbeA7VbU1eh2NxlwZIMNmudvuACTtcC71bwGBYTfxjDttFOrAhMmkPtJ2AmjOBCDjNAiC1HBnOumH3ZHJN3zP0eyQJUSrzCdr6fGY2cwUdOvP0VNIHTaHHqW4vp79xJn-aShDuCmpmFY_PiGFScBKRFkVIyxxGpQziDNnbwmHLMlGf-UtcaO99noFl9TGlw3nAwLTqx9mpw&amp;__tn__=K-R\" target=\"_blank\" rel=\"noopener\">SECCATID<\/a>, Lic. Fredy Anzueto resalt\u00f3 la importancia de la sensibilizaci\u00f3n en el tema de prevenci\u00f3n del consumo de drogas, La <a href=\"https:\/\/www.facebook.com\/seccatidgt\/?fref=mentions&amp;__xts__%5B0%5D=68.ARCNkMGTYl6e-tc0XCeRJvXTq6w56pmL0vQBhmqsETFJ-XiBH7XaLc3TtonGwisH5lZiEhyX7vCLYTxi4vSaHx-ioc1XQKrt0O-TKHXnefkpbeA7VbU1eh2NxlwZIMNmudvuACTtcC71bwGBYTfxjDttFOrAhMmkPtJ2AmjOBCDjNAiC1HBnOumH3ZHJN3zP0eyQJUSrzCdr6fGY2cwUdOvP0VNIHTaHHqW4vp79xJn-aShDuCmpmFY_PiGFScBKRFkVIyxxGpQziDNnbwmHLMlGf-UtcaO99noFl9TGlw3nAwLTqx9mpw&amp;__tn__=K-R\" target=\"_blank\" rel=\"noopener\">SECCATID<\/a> presenta servicios de atenci\u00f3n a personas con problemas de drogodependencias a trav\u00e9s del \u00fanico Centro de Tratamiento Ambulatorio -CTA- que se encuentra ubicado en la ciudad capital. El CTA atiende de manera gratuita a personas que presentan consumo problem\u00e1tico de alguna sustancia psicoactiva y que acuden al centro de manera voluntaria; adem\u00e1s atiende usuarios que son remitidos por otros programas de gobierno, juzgados, ONG\u00b4s entre otros, dando cobertura a todo el territorio nacional.<\/p>\n<p><a href=\"https:\/\/www.facebook.com\/hashtag\/seccatid?__eep__=6&amp;source=feed_text&amp;epa=HASHTAG&amp;__xts__%5B0%5D=68.ARCNkMGTYl6e-tc0XCeRJvXTq6w56pmL0vQBhmqsETFJ-XiBH7XaLc3TtonGwisH5lZiEhyX7vCLYTxi4vSaHx-ioc1XQKrt0O-TKHXnefkpbeA7VbU1eh2NxlwZIMNmudvuACTtcC71bwGBYTfxjDttFOrAhMmkPtJ2AmjOBCDjNAiC1HBnOumH3ZHJN3zP0eyQJUSrzCdr6fGY2cwUdOvP0VNIHTaHHqW4vp79xJn-aShDuCmpmFY_PiGFScBKRFkVIyxxGpQziDNnbwmHLMlGf-UtcaO99noFl9TGlw3nAwLTqx9mpw&amp;__tn__=%2ANK-R\" data-ft=\"{&quot;type&quot;:104,&quot;tn&quot;:&quot;*N&quot;}\"><span class=\"58cl\"><span aria-label=\"hashtag\"><span style=\"text-decoration: none; text-underline: none;\">#<\/span><\/span><\/span><span class=\"58cm\">SECCATID<\/span><\/a> <a href=\"https:\/\/www.facebook.com\/hashtag\/prevenci\u00f3n?__eep__=6&amp;source=feed_text&amp;epa=HASHTAG&amp;__xts__%5B0%5D=68.ARCNkMGTYl6e-tc0XCeRJvXTq6w56pmL0vQBhmqsETFJ-XiBH7XaLc3TtonGwisH5lZiEhyX7vCLYTxi4vSaHx-ioc1XQKrt0O-TKHXnefkpbeA7VbU1eh2NxlwZIMNmudvuACTtcC71bwGBYTfxjDttFOrAhMmkPtJ2AmjOBCDjNAiC1HBnOumH3ZHJN3zP0eyQJUSrzCdr6fGY2cwUdOvP0VNIHTaHHqW4vp79xJn-aShDuCmpmFY_PiGFScBKRFkVIyxxGpQziDNnbwmHLMlGf-UtcaO99noFl9TGlw3nAwLTqx9mpw&amp;__tn__=%2ANK-R\" target=\"_blank\" rel=\"noopener\" data-ft=\"{&quot;type&quot;:104,&quot;tn&quot;:&quot;*N&quot;}\"><span class=\"58cl\"><span aria-label=\"hashtag\"><span style=\"text-decoration: none; text-underline: none;\">#<\/span><\/span><\/span><span class=\"58cm\">Prevenci\u00f3n<\/span><\/a><br \/>\n<a href=\"https:\/\/www.facebook.com\/hashtag\/guatemalanosedetiene?__eep__=6&amp;source=feed_text&amp;epa=HASHTAG&amp;__xts__%5B0%5D=68.ARCNkMGTYl6e-tc0XCeRJvXTq6w56pmL0vQBhmqsETFJ-XiBH7XaLc3TtonGwisH5lZiEhyX7vCLYTxi4vSaHx-ioc1XQKrt0O-TKHXnefkpbeA7VbU1eh2NxlwZIMNmudvuACTtcC71bwGBYTfxjDttFOrAhMmkPtJ2AmjOBCDjNAiC1HBnOumH3ZHJN3zP0eyQJUSrzCdr6fGY2cwUdOvP0VNIHTaHHqW4vp79xJn-aShDuCmpmFY_PiGFScBKRFkVIyxxGpQziDNnbwmHLMlGf-UtcaO99noFl9TGlw3nAwLTqx9mpw&amp;__tn__=%2ANK-R\" target=\"_blank\" rel=\"noopener\" data-ft=\"{&quot;type&quot;:104,&quot;tn&quot;:&quot;*N&quot;}\"><span class=\"58cl\"><span aria-label=\"hashtag\"><span style=\"text-decoration: none; text-underline: none;\">#<\/span><\/span><\/span><span class=\"58cm\">GuatemalaNoSeDetiene<\/span><\/a><br \/>\n<a href=\"https:\/\/www.facebook.com\/hashtag\/juntossaldremosadelante?__eep__=6&amp;source=feed_text&amp;epa=HASHTAG&amp;__xts__%5B0%5D=68.ARCNkMGTYl6e-tc0XCeRJvXTq6w56pmL0vQBhmqsETFJ-XiBH7XaLc3TtonGwisH5lZiEhyX7vCLYTxi4vSaHx-ioc1XQKrt0O-TKHXnefkpbeA7VbU1eh2NxlwZIMNmudvuACTtcC71bwGBYTfxjDttFOrAhMmkPtJ2AmjOBCDjNAiC1HBnOumH3ZHJN3zP0eyQJUSrzCdr6fGY2cwUdOvP0VNIHTaHHqW4vp79xJn-aShDuCmpmFY_PiGFScBKRFkVIyxxGpQziDNnbwmHLMlGf-UtcaO99noFl9TGlw3nAwLTqx9mpw&amp;__tn__=%2ANK-R\" target=\"_blank\" rel=\"noopener\" data-ft=\"{&quot;type&quot;:104,&quot;tn&quot;:&quot;*N&quot;}\"><span class=\"58cl\"><span aria-label=\"hashtag\"><span style=\"text-decoration: none; text-underline: none;\">#<\/span><\/span><\/span><span class=\"58cm\">JuntosSaldremosAdelante<\/span><\/a><\/p>\n<div><\/div>\n","protected":false},"excerpt":{"rendered":"<p>El Se\u00f1or Gobernador Departamental, Romel Manuel Veliz Castro, acompa\u00f1ado de la Se\u00f1ora Gobernador de Baja Verapaz, Rubidia Ascencio, dieron acompa\u00f1amiento a la inauguraci\u00f3n de la semana de prevenci\u00f3n contra el uso indebido y tr\u00e1fico il\u00edcito de drogas en cooperaci\u00f3n con el Tercer Viceministerio del Ministerio de Gobernaci\u00f3n Guatemala, Msc. Carlos Garc\u00eda Rubio, actividad desarrollada en [&hellip;]<\/p>\n","protected":false},"author":1,"featured_media":11150,"comment_status":"closed","ping_status":"open","sticky":false,"template":"","format":"gallery","meta":[],"categories":[183,5],"tags":[178],"_links":{"self":[{"href":"https:\/\/gobernacionaltaverapaz.gob.gt\/index.php?rest_route=\/wp\/v2\/posts\/11140"}],"collection":[{"href":"https:\/\/gobernacionaltaverapaz.gob.gt\/index.php?rest_route=\/wp\/v2\/posts"}],"about":[{"href":"https:\/\/gobernacionaltaverapaz.gob.gt\/index.php?rest_route=\/wp\/v2\/types\/post"}],"author":[{"embeddable":true,"href":"https:\/\/gobernacionaltaverapaz.gob.gt\/index.php?rest_route=\/wp\/v2\/users\/1"}],"replies":[{"embeddable":true,"href":"https:\/\/gobernacionaltaverapaz.gob.gt\/index.php?rest_route=%2Fwp%2Fv2%2Fcomments&post=11140"}],"version-history":[{"count":2,"href":"https:\/\/gobernacionaltaverapaz.gob.gt\/index.php?rest_route=\/wp\/v2\/posts\/11140\/revisions"}],"predecessor-version":[{"id":11152,"href":"https:\/\/gobernacionaltaverapaz.gob.gt\/index.php?rest_route=\/wp\/v2\/posts\/11140\/revisions\/11152"}],"wp:featuredmedia":[{"embeddable":true,"href":"https:\/\/gobernacionaltaverapaz.gob.gt\/index.php?rest_route=\/wp\/v2\/media\/11150"}],"wp:attachment":[{"href":"https:\/\/gobernacionaltaverapaz.gob.gt\/index.php?rest_route=%2Fwp%2Fv2%2Fmedia&parent=11140"}],"wp:term":[{"taxonomy":"category","embeddable":true,"href":"https:\/\/gobernacionaltaverapaz.gob.gt\/index.php?rest_route=%2Fwp%2Fv2%2Fcategories&post=11140"},{"taxonomy":"post_tag","embeddable":true,"href":"https:\/\/gobernacionaltaverapaz.gob.gt\/index.php?rest_route=%2Fwp%2Fv2%2Ftags&post=11140"}],"curies":[{"name":"wp","href":"https:\/\/api.w.org\/{rel}","templated":true}]}}