{"id":11168,"date":"2021-06-24T10:42:11","date_gmt":"2021-06-24T16:42:11","guid":{"rendered":"https:\/\/gobernacionaltaverapaz.gob.gt\/?p=11168"},"modified":"2021-07-02T15:39:43","modified_gmt":"2021-07-02T21:39:43","slug":"reunin-extraordinaria-de-la-comisin-departamental-de-seguridad-alimentaria-nutricional-del-la-codesan","status":"publish","type":"post","link":"https:\/\/gobernacionaltaverapaz.gob.gt\/?p=11168","title":{"rendered":"Reuni\u00f3n Extraordinaria de la Comisi\u00f3n Departamental de Seguridad Alimentaria y Nutricional del la -CODESAN-"},"content":{"rendered":"<p style=\"text-align: justify;\">El d\u00eda de hoy se llev\u00f3 a cabo una reuni\u00f3n extraordinaria de la -CODESAN-, con el objetivo de facilitar el v\u00ednculo entre el nivel municipal, Departamental y Nacional para contribuir a canalizar los problemas, establecer prioridades y soluciones de Seguridad Alimentaria y Nutricional, que contribuyan a la reducci\u00f3n de vulnerabilidad de los grupos poblacionales.<\/p>\n<p style=\"text-align: justify;\">En el desarrollo de la reuni\u00f3n se present\u00f3 la COMUSAN de San Crist\u00f3bal Verapaz, quien expreso el problema relacionado a la posible contaminaci\u00f3n de agua en dos comunidades del municipio ya mencionado, el Se\u00f1or Gobernador resalto que dentro de las recomendaciones de trabajo de nuestro se\u00f1or presidente <a href=\"https:\/\/www.facebook.com\/AlejandroGiammattei\/?__cft__%5b0%5d=AZWCH_NWtTHDghyMuTbGAbA-fqVe1CQxMMfImlqSM-3obUDUA7_EWpuVdHXFBY0AMrivd1jFI_rg-5LE1DV-BmD8t_d_ZRqBsWbRoNljXZP5JE8Kf-U6dg8w3d5EKyZpzB0N813aXfn-M3_bf0OfgbRU&amp;__tn__=kK-R\" target=\"_blank\" rel=\"noopener\">Alejandro Giammattei<\/a>, es darle pronta soluci\u00f3n a los problemas que aquejan a nuestros municipios sin crear tantos tr\u00e1mites burocr\u00e1ticos, es por ello que se coordin\u00f3 con el supervisor de Saneamiento Ambiental de la Direcci\u00f3n de \u00c1rea de Salud de Alta Verapaz, para que se le d\u00e9 una pronta atenci\u00f3n a la problem\u00e1tica presentada.<\/p>\n<p style=\"text-align: justify;\">Dentro de la agenda de trabajo tambi\u00e9n se abord\u00f3 la presentaci\u00f3n de la Sala situacional de morbilidad y mortalidad correspondiente al mes de mayo, Presentaci\u00f3n de avances del proyecto de emergencia por tormenta ETA e IOTA en los municipios del Polochic, Presentaci\u00f3n de avances en la implementaci\u00f3n de proyectos (Asistencia Alimentaria y Resiliencia) del programa Mundial de Alimentos \u2013PMA-, presentaci\u00f3n de la estrategia en la implementaci\u00f3n de las Oficinas Municipales de Agua y Saneamiento \u2013OMAS- en municipios del departamento de Alta Verapaz, Socializaci\u00f3n del proyecto Comunicaci\u00f3n para el Desarrollo \u2013CpD- y Gobernanza local SAN y por \u00faltimo se realiz\u00f3 la coordinaci\u00f3n interinstitucional para la entrega del complemento fortificado Nutri ni\u00f1o que se encuentra resguardado en INDECA Tactic.<\/p>\n<p><a href=\"https:\/\/www.facebook.com\/Sesangt\/?__cft__%5b0%5d=AZWCH_NWtTHDghyMuTbGAbA-fqVe1CQxMMfImlqSM-3obUDUA7_EWpuVdHXFBY0AMrivd1jFI_rg-5LE1DV-BmD8t_d_ZRqBsWbRoNljXZP5JE8Kf-U6dg8w3d5EKyZpzB0N813aXfn-M3_bf0OfgbRU&amp;__tn__=kK-R\" target=\"_blank\" rel=\"noopener\">Secretar\u00eda de Seguridad Alimentaria y Nutricional-SESAN<br \/>\n<\/a><a href=\"https:\/\/www.facebook.com\/hashtag\/guatemalanosedetiene?__eep__=6&amp;__cft__%5b0%5d=AZWCH_NWtTHDghyMuTbGAbA-fqVe1CQxMMfImlqSM-3obUDUA7_EWpuVdHXFBY0AMrivd1jFI_rg-5LE1DV-BmD8t_d_ZRqBsWbRoNljXZP5JE8Kf-U6dg8w3d5EKyZpzB0N813aXfn-M3_bf0OfgbRU&amp;__tn__=*NK-R\" target=\"_blank\" rel=\"noopener\">#GuatemalaNoSeDetiene<br \/>\n<\/a><a href=\"https:\/\/www.facebook.com\/hashtag\/juntossaldremosadelante?__eep__=6&amp;__cft__%5b0%5d=AZWCH_NWtTHDghyMuTbGAbA-fqVe1CQxMMfImlqSM-3obUDUA7_EWpuVdHXFBY0AMrivd1jFI_rg-5LE1DV-BmD8t_d_ZRqBsWbRoNljXZP5JE8Kf-U6dg8w3d5EKyZpzB0N813aXfn-M3_bf0OfgbRU&amp;__tn__=*NK-R\" target=\"_blank\" rel=\"noopener\">#JuntosSaldremosAdelante<br \/>\n<\/a><a href=\"https:\/\/www.facebook.com\/hashtag\/sesan?__eep__=6&amp;__cft__%5b0%5d=AZWCH_NWtTHDghyMuTbGAbA-fqVe1CQxMMfImlqSM-3obUDUA7_EWpuVdHXFBY0AMrivd1jFI_rg-5LE1DV-BmD8t_d_ZRqBsWbRoNljXZP5JE8Kf-U6dg8w3d5EKyZpzB0N813aXfn-M3_bf0OfgbRU&amp;__tn__=*NK-R\" target=\"_blank\" rel=\"noopener\">#SESAN<\/a><\/p>\n<div><\/div>\n","protected":false},"excerpt":{"rendered":"<p>Con el objetivo de facilitar el v\u00ednculo entre el nivel municipal, Departamental y Nacional para contribuir a canalizar los problemas, establecer prioridades y soluciones de Seguridad Alimentaria y Nutricional<\/p>\n","protected":false},"author":1,"featured_media":11169,"comment_status":"closed","ping_status":"open","sticky":false,"template":"","format":"gallery","meta":[],"categories":[194],"tags":[178],"_links":{"self":[{"href":"https:\/\/gobernacionaltaverapaz.gob.gt\/index.php?rest_route=\/wp\/v2\/posts\/11168"}],"collection":[{"href":"https:\/\/gobernacionaltaverapaz.gob.gt\/index.php?rest_route=\/wp\/v2\/posts"}],"about":[{"href":"https:\/\/gobernacionaltaverapaz.gob.gt\/index.php?rest_route=\/wp\/v2\/types\/post"}],"author":[{"embeddable":true,"href":"https:\/\/gobernacionaltaverapaz.gob.gt\/index.php?rest_route=\/wp\/v2\/users\/1"}],"replies":[{"embeddable":true,"href":"https:\/\/gobernacionaltaverapaz.gob.gt\/index.php?rest_route=%2Fwp%2Fv2%2Fcomments&post=11168"}],"version-history":[{"count":3,"href":"https:\/\/gobernacionaltaverapaz.gob.gt\/index.php?rest_route=\/wp\/v2\/posts\/11168\/revisions"}],"predecessor-version":[{"id":11179,"href":"https:\/\/gobernacionaltaverapaz.gob.gt\/index.php?rest_route=\/wp\/v2\/posts\/11168\/revisions\/11179"}],"wp:featuredmedia":[{"embeddable":true,"href":"https:\/\/gobernacionaltaverapaz.gob.gt\/index.php?rest_route=\/wp\/v2\/media\/11169"}],"wp:attachment":[{"href":"https:\/\/gobernacionaltaverapaz.gob.gt\/index.php?rest_route=%2Fwp%2Fv2%2Fmedia&parent=11168"}],"wp:term":[{"taxonomy":"category","embeddable":true,"href":"https:\/\/gobernacionaltaverapaz.gob.gt\/index.php?rest_route=%2Fwp%2Fv2%2Fcategories&post=11168"},{"taxonomy":"post_tag","embeddable":true,"href":"https:\/\/gobernacionaltaverapaz.gob.gt\/index.php?rest_route=%2Fwp%2Fv2%2Ftags&post=11168"}],"curies":[{"name":"wp","href":"https:\/\/api.w.org\/{rel}","templated":true}]}}