{"id":11180,"date":"2021-06-24T21:20:38","date_gmt":"2021-06-25T03:20:38","guid":{"rendered":"https:\/\/gobernacionaltaverapaz.gob.gt\/?p=11180"},"modified":"2021-07-02T15:48:18","modified_gmt":"2021-07-02T21:48:18","slug":"43-aniversario-de-la-36-cia-de-bomberos-voluntarios-de-cobn-av","status":"publish","type":"post","link":"https:\/\/gobernacionaltaverapaz.gob.gt\/?p=11180","title":{"rendered":"43 Aniversario de la 36 Cia. De Bomberos Voluntarios de Cob\u00e1n A.V."},"content":{"rendered":"<p style=\"text-align: justify;\">El Se\u00f1or Gobernador Departamental, Romel Manuel Veliz Castro, felicita a la 36 Cia. De Bomberos Voluntarios de Cob\u00e1n, Alta Verapaz, por arribar a sus 43 aniversario, el se\u00f1or gobernador resalto la importancia de los cuerpos de socorro en la vida de las personas y las comunidades que se encuentran siempre expuestas a situaciones que pueden resultar traum\u00e1ticas, y que amenazan o ponen en riesgo su integridad, los bomberos son h\u00e9roes que son una fuerza de protecci\u00f3n urbana comunitaria que participan activamente frente a situaciones de emergencia y cat\u00e1strofe, expreso.<\/p>\n<p style=\"text-align: justify;\">As\u00ed mismo se realiz\u00f3 la entrega de colchones tipo algod\u00f3n, mismas que fueron donadas por una iniciativa privada.<\/p>\n<p><a href=\"https:\/\/www.facebook.com\/hashtag\/guatemalanosedetiene?__eep__=6&amp;__cft__%5b0%5d=AZUIV5GZy4N5UFZj-5OJu6Fi4mKXNv-u7BVIWtPRCT1nCsfrWbtwEL0nfYQ7WKhtej447dtXPwV0wLoW_yAgJKMQ0yDL-CiVvZx7coiW4g_4b2IqY-pNjzDD6fpupYSrrhO0Fbrr3lSV7T3EhVA7DV01&amp;__tn__=*NK-R\" target=\"_blank\" rel=\"noopener\">#GuatemalaNoSeDetiene<br \/>\n<\/a><a href=\"https:\/\/www.facebook.com\/hashtag\/juntossaldremosadelante?__eep__=6&amp;__cft__%5b0%5d=AZUIV5GZy4N5UFZj-5OJu6Fi4mKXNv-u7BVIWtPRCT1nCsfrWbtwEL0nfYQ7WKhtej447dtXPwV0wLoW_yAgJKMQ0yDL-CiVvZx7coiW4g_4b2IqY-pNjzDD6fpupYSrrhO0Fbrr3lSV7T3EhVA7DV01&amp;__tn__=*NK-R\" target=\"_blank\" rel=\"noopener\">#JuntosSaldremosAdelante<\/a><\/p>\n<div><\/div>\n","protected":false},"excerpt":{"rendered":"<p>As\u00ed mismo se realiz\u00f3 la entrega de colchones tipo algod\u00f3n, mismas que fueron donadas por una iniciativa privada.<\/p>\n","protected":false},"author":1,"featured_media":11182,"comment_status":"closed","ping_status":"open","sticky":false,"template":"","format":"gallery","meta":[],"categories":[197],"tags":[178],"_links":{"self":[{"href":"https:\/\/gobernacionaltaverapaz.gob.gt\/index.php?rest_route=\/wp\/v2\/posts\/11180"}],"collection":[{"href":"https:\/\/gobernacionaltaverapaz.gob.gt\/index.php?rest_route=\/wp\/v2\/posts"}],"about":[{"href":"https:\/\/gobernacionaltaverapaz.gob.gt\/index.php?rest_route=\/wp\/v2\/types\/post"}],"author":[{"embeddable":true,"href":"https:\/\/gobernacionaltaverapaz.gob.gt\/index.php?rest_route=\/wp\/v2\/users\/1"}],"replies":[{"embeddable":true,"href":"https:\/\/gobernacionaltaverapaz.gob.gt\/index.php?rest_route=%2Fwp%2Fv2%2Fcomments&post=11180"}],"version-history":[{"count":3,"href":"https:\/\/gobernacionaltaverapaz.gob.gt\/index.php?rest_route=\/wp\/v2\/posts\/11180\/revisions"}],"predecessor-version":[{"id":11191,"href":"https:\/\/gobernacionaltaverapaz.gob.gt\/index.php?rest_route=\/wp\/v2\/posts\/11180\/revisions\/11191"}],"wp:featuredmedia":[{"embeddable":true,"href":"https:\/\/gobernacionaltaverapaz.gob.gt\/index.php?rest_route=\/wp\/v2\/media\/11182"}],"wp:attachment":[{"href":"https:\/\/gobernacionaltaverapaz.gob.gt\/index.php?rest_route=%2Fwp%2Fv2%2Fmedia&parent=11180"}],"wp:term":[{"taxonomy":"category","embeddable":true,"href":"https:\/\/gobernacionaltaverapaz.gob.gt\/index.php?rest_route=%2Fwp%2Fv2%2Fcategories&post=11180"},{"taxonomy":"post_tag","embeddable":true,"href":"https:\/\/gobernacionaltaverapaz.gob.gt\/index.php?rest_route=%2Fwp%2Fv2%2Ftags&post=11180"}],"curies":[{"name":"wp","href":"https:\/\/api.w.org\/{rel}","templated":true}]}}