{"id":11192,"date":"2021-06-25T19:57:49","date_gmt":"2021-06-26T01:57:49","guid":{"rendered":"https:\/\/gobernacionaltaverapaz.gob.gt\/?p=11192"},"modified":"2021-07-02T16:01:27","modified_gmt":"2021-07-02T22:01:27","slug":"reunin-ordinaria-de-trabajo-del-codedeav-2","status":"publish","type":"post","link":"https:\/\/gobernacionaltaverapaz.gob.gt\/?p=11192","title":{"rendered":"Reuni\u00f3n Ordinaria de trabajo del CODEDEAV"},"content":{"rendered":"<p style=\"text-align: justify;\">Gobernador Departamental, Romel Manuel V\u00e9liz Castro en su calidad de Presidente del Consejo Departamental de Desarrollo de Alta Verapaz y Romelia Magdalena Cal, en su calidad de jefa de la oficina Departamental de la Secretaria de Planificaci\u00f3n y Programaci\u00f3n de la Presidencia -SEGEPLAN- Y Secretaria del Consejo, presidieron reuni\u00f3n ordinaria del Consejo Departamental de Desarrollo, realizado en el municipio de San Crist\u00f3bal, Alta Verapaz, con el objetivo de abordar varios temas en beneficio de la poblaci\u00f3n Alta Verapacense.<\/p>\n<p style=\"text-align: justify;\">La agenda se desarroll\u00f3 de la siguiente manera; participaci\u00f3n del Sector No Gubernamental, Seguimiento acuerdos del Ministerio de Educaci\u00f3n, en la contrataci\u00f3n de maestros para los municipios, Presentaci\u00f3n del proyecto Centros Comunitarios Digitales Stellar Ixq- Saq`e, informe de avances f\u00edsicos y financieros de proyectos ejecutados con recursos IVA-PAZ, socializaci\u00f3n de listados de proyectos rescindidos en reuni\u00f3n anterior, entre otros puntos varios.<\/p>\n<p><a href=\"https:\/\/www.facebook.com\/hashtag\/scepesdesarrollo?__eep__=6&amp;__cft__%5b0%5d=AZUavNcwgLbHs6NbUc5PK8ouuTJ1JjFfkJOD_UeNQeiqD0Zkd7M4G2unz99u0TjHx7yvdTLkxmZ1kwV5BmiWFpuBemCoQ-x_EhBlqB4ZaGjVhXI_tZXJhb1Fnk0YOWWEj2PactTezee5O9zG2V91fRFd&amp;__tn__=*NK-R\">#SCEPesDesarrollo<br \/>\n<\/a><a href=\"https:\/\/www.facebook.com\/hashtag\/guatemalanosedetiene?__eep__=6&amp;__cft__%5b0%5d=AZUavNcwgLbHs6NbUc5PK8ouuTJ1JjFfkJOD_UeNQeiqD0Zkd7M4G2unz99u0TjHx7yvdTLkxmZ1kwV5BmiWFpuBemCoQ-x_EhBlqB4ZaGjVhXI_tZXJhb1Fnk0YOWWEj2PactTezee5O9zG2V91fRFd&amp;__tn__=*NK-R\">#GuatemalaNoSeDetiene<br \/>\n<\/a><a href=\"https:\/\/www.facebook.com\/hashtag\/juntossaldremosadelante?__eep__=6&amp;__cft__%5b0%5d=AZUavNcwgLbHs6NbUc5PK8ouuTJ1JjFfkJOD_UeNQeiqD0Zkd7M4G2unz99u0TjHx7yvdTLkxmZ1kwV5BmiWFpuBemCoQ-x_EhBlqB4ZaGjVhXI_tZXJhb1Fnk0YOWWEj2PactTezee5O9zG2V91fRFd&amp;__tn__=*NK-R\">#JuntosSaldremosAdelante<\/a><\/p>\n<div><\/div>\n","protected":false},"excerpt":{"rendered":"<p>Gobernador Departamental, Romel Manuel V\u00e9liz Castro en su calidad de Presidente del Consejo Departamental de Desarrollo de Alta Verapaz y Romelia Magdalena Cal, en su calidad de jefa de la oficina Departamental de la Secretaria de Planificaci\u00f3n y Programaci\u00f3n de la Presidencia -SEGEPLAN- Y Secretaria del Consejo, presidieron reuni\u00f3n ordinaria del Consejo Departamental de Desarrollo, [&hellip;]<\/p>\n","protected":false},"author":1,"featured_media":11199,"comment_status":"closed","ping_status":"open","sticky":false,"template":"","format":"gallery","meta":[],"categories":[194],"tags":[178],"_links":{"self":[{"href":"https:\/\/gobernacionaltaverapaz.gob.gt\/index.php?rest_route=\/wp\/v2\/posts\/11192"}],"collection":[{"href":"https:\/\/gobernacionaltaverapaz.gob.gt\/index.php?rest_route=\/wp\/v2\/posts"}],"about":[{"href":"https:\/\/gobernacionaltaverapaz.gob.gt\/index.php?rest_route=\/wp\/v2\/types\/post"}],"author":[{"embeddable":true,"href":"https:\/\/gobernacionaltaverapaz.gob.gt\/index.php?rest_route=\/wp\/v2\/users\/1"}],"replies":[{"embeddable":true,"href":"https:\/\/gobernacionaltaverapaz.gob.gt\/index.php?rest_route=%2Fwp%2Fv2%2Fcomments&post=11192"}],"version-history":[{"count":2,"href":"https:\/\/gobernacionaltaverapaz.gob.gt\/index.php?rest_route=\/wp\/v2\/posts\/11192\/revisions"}],"predecessor-version":[{"id":11205,"href":"https:\/\/gobernacionaltaverapaz.gob.gt\/index.php?rest_route=\/wp\/v2\/posts\/11192\/revisions\/11205"}],"wp:featuredmedia":[{"embeddable":true,"href":"https:\/\/gobernacionaltaverapaz.gob.gt\/index.php?rest_route=\/wp\/v2\/media\/11199"}],"wp:attachment":[{"href":"https:\/\/gobernacionaltaverapaz.gob.gt\/index.php?rest_route=%2Fwp%2Fv2%2Fmedia&parent=11192"}],"wp:term":[{"taxonomy":"category","embeddable":true,"href":"https:\/\/gobernacionaltaverapaz.gob.gt\/index.php?rest_route=%2Fwp%2Fv2%2Fcategories&post=11192"},{"taxonomy":"post_tag","embeddable":true,"href":"https:\/\/gobernacionaltaverapaz.gob.gt\/index.php?rest_route=%2Fwp%2Fv2%2Ftags&post=11192"}],"curies":[{"name":"wp","href":"https:\/\/api.w.org\/{rel}","templated":true}]}}