{"id":11206,"date":"2021-06-29T16:06:31","date_gmt":"2021-06-29T22:06:31","guid":{"rendered":"https:\/\/gobernacionaltaverapaz.gob.gt\/?p=11206"},"modified":"2021-07-02T16:23:21","modified_gmt":"2021-07-02T22:23:21","slug":"trabajos-de-apertura-mantenimiento-de-carretera-asciende-hacia-sierra-de-las-minas-en-santa-catalina-la-tinta-alta-verapaz","status":"publish","type":"post","link":"https:\/\/gobernacionaltaverapaz.gob.gt\/?p=11206","title":{"rendered":"Trabajos de apertura y mantenimiento de carretera que asciende hacia Sierra de Las Minas, en Santa Catalina La Tinta Alta Verapaz."},"content":{"rendered":"<p style=\"text-align: justify;\">Como parte de los compromisos adquiridos por el Se\u00f1or Presidente de la Republica <a href=\"https:\/\/www.facebook.com\/AlejandroGiammattei\/?__cft__%5b0%5d=AZXj-oi7IV09yMT3MhOLoZQL-kQ9-dVWRMtto00B8i5Qquf927LfsBnPG1r7EJ1tll7nMuBm5XgDNrfM8lbgO3jptnFBtYQ4y3Fhr1gcu4xKsmpJ3bC1vKRQOgW2AV93bT1y1Q_Az7UZU_yQPfYT_J9i&amp;__tn__=kK-R\" target=\"_blank\" rel=\"noopener\">Alejandro Giammattei<\/a> durante el Gabinete M\u00f3vil en su visita al municipio de la Tinta, se iniciaron los trabajos de carreteras en el cruce barrio Samilha hacia el cruce San Vicente 1, jurisdicci\u00f3n de Sierra de las Minas, Santa Catalina la Tinta.<\/p>\n<p style=\"text-align: justify;\">El se\u00f1or Gobernador Departamental, Romel Manuel Veliz Castro, acompa\u00f1ado del se\u00f1or alcalde municipal de Santa Catalina la Tinta, Lic. Jos\u00e9 Gilberto Artola Choc, realizaron las coordinaciones para el traslado del Convoy del cuerpo de Ingenieros del Ej\u00e9rcito, quienes dieron inicio al manteamiento de la carretera en la ubicaci\u00f3n ya mencionada.<\/p>\n<p style=\"text-align: justify;\">Se tiene planificado realizar los trabajos de mantenimientos en los siguientes tramos:<\/p>\n<p style=\"text-align: justify;\">Mejoramiento de carretera cruce Barrio Samilha a caser\u00edo San Vicente II. Longitud 10 kil\u00f3metros<\/p>\n<p style=\"text-align: justify;\">Mejoramiento de carretera cruce Barrio Samilha I. Longitud 5 kil\u00f3metros<\/p>\n<p style=\"text-align: justify;\">Mejoramiento de carretera cruce Barrio Samilha II. Longitud 3.1 kil\u00f3metros<\/p>\n<p style=\"text-align: justify;\">Mejoramiento de carretera Caser\u00edo San Vicente II a Cruce Caser\u00edo San Vicente I. Longitud 4 kil\u00f3metros<\/p>\n<p style=\"text-align: justify;\">Mejoramiento de carretera Crosce Caser\u00edo San Vicente I hacia Cruce Barrio Samilha. Longitud 9 Kil\u00f3metros.<\/p>\n<p style=\"text-align: justify;\">Con ello contribuir a la reactivaci\u00f3n econ\u00f3mica y la viabilidad en su acceso a los comunitarios, el Gobierno de Guatemala se acerca a los lugares m\u00e1s rec\u00f3nditos de la verde verapaz.<\/p>\n<p><a href=\"https:\/\/www.facebook.com\/hashtag\/guatemalanosedetiene?__eep__=6&amp;__cft__%5b0%5d=AZXj-oi7IV09yMT3MhOLoZQL-kQ9-dVWRMtto00B8i5Qquf927LfsBnPG1r7EJ1tll7nMuBm5XgDNrfM8lbgO3jptnFBtYQ4y3Fhr1gcu4xKsmpJ3bC1vKRQOgW2AV93bT1y1Q_Az7UZU_yQPfYT_J9i&amp;__tn__=*NK-R\" target=\"_blank\" rel=\"noopener\">#GuatemalaNoSeDetiene<br \/>\n<\/a><a href=\"https:\/\/www.facebook.com\/hashtag\/juntossaldremosadelante?__eep__=6&amp;__cft__%5b0%5d=AZXj-oi7IV09yMT3MhOLoZQL-kQ9-dVWRMtto00B8i5Qquf927LfsBnPG1r7EJ1tll7nMuBm5XgDNrfM8lbgO3jptnFBtYQ4y3Fhr1gcu4xKsmpJ3bC1vKRQOgW2AV93bT1y1Q_Az7UZU_yQPfYT_J9i&amp;__tn__=*NK-R\" target=\"_blank\" rel=\"noopener\">#JuntosSaldremosAdelante<br \/>\n<\/a><a href=\"https:\/\/www.facebook.com\/hashtag\/ejercitogt?__eep__=6&amp;__cft__%5b0%5d=AZXj-oi7IV09yMT3MhOLoZQL-kQ9-dVWRMtto00B8i5Qquf927LfsBnPG1r7EJ1tll7nMuBm5XgDNrfM8lbgO3jptnFBtYQ4y3Fhr1gcu4xKsmpJ3bC1vKRQOgW2AV93bT1y1Q_Az7UZU_yQPfYT_J9i&amp;__tn__=*NK-R\" target=\"_blank\" rel=\"noopener\">#ejercitogt<\/a><\/p>\n<div><\/div>\n<p>&nbsp;<\/p>\n","protected":false},"excerpt":{"rendered":"<p>Como parte de los compromisos adquiridos por el Se\u00f1or Presidente de la Republica Alejandro Giammattei durante el Gabinete M\u00f3vil en su visita al municipio de la Tinta, se iniciaron los trabajos de carreteras en el cruce barrio Samilha hacia el cruce San Vicente 1, jurisdicci\u00f3n de Sierra de las Minas, Santa Catalina la Tinta. El [&hellip;]<\/p>\n","protected":false},"author":1,"featured_media":11207,"comment_status":"closed","ping_status":"open","sticky":false,"template":"","format":"gallery","meta":[],"categories":[4],"tags":[178],"_links":{"self":[{"href":"https:\/\/gobernacionaltaverapaz.gob.gt\/index.php?rest_route=\/wp\/v2\/posts\/11206"}],"collection":[{"href":"https:\/\/gobernacionaltaverapaz.gob.gt\/index.php?rest_route=\/wp\/v2\/posts"}],"about":[{"href":"https:\/\/gobernacionaltaverapaz.gob.gt\/index.php?rest_route=\/wp\/v2\/types\/post"}],"author":[{"embeddable":true,"href":"https:\/\/gobernacionaltaverapaz.gob.gt\/index.php?rest_route=\/wp\/v2\/users\/1"}],"replies":[{"embeddable":true,"href":"https:\/\/gobernacionaltaverapaz.gob.gt\/index.php?rest_route=%2Fwp%2Fv2%2Fcomments&post=11206"}],"version-history":[{"count":2,"href":"https:\/\/gobernacionaltaverapaz.gob.gt\/index.php?rest_route=\/wp\/v2\/posts\/11206\/revisions"}],"predecessor-version":[{"id":11213,"href":"https:\/\/gobernacionaltaverapaz.gob.gt\/index.php?rest_route=\/wp\/v2\/posts\/11206\/revisions\/11213"}],"wp:featuredmedia":[{"embeddable":true,"href":"https:\/\/gobernacionaltaverapaz.gob.gt\/index.php?rest_route=\/wp\/v2\/media\/11207"}],"wp:attachment":[{"href":"https:\/\/gobernacionaltaverapaz.gob.gt\/index.php?rest_route=%2Fwp%2Fv2%2Fmedia&parent=11206"}],"wp:term":[{"taxonomy":"category","embeddable":true,"href":"https:\/\/gobernacionaltaverapaz.gob.gt\/index.php?rest_route=%2Fwp%2Fv2%2Fcategories&post=11206"},{"taxonomy":"post_tag","embeddable":true,"href":"https:\/\/gobernacionaltaverapaz.gob.gt\/index.php?rest_route=%2Fwp%2Fv2%2Ftags&post=11206"}],"curies":[{"name":"wp","href":"https:\/\/api.w.org\/{rel}","templated":true}]}}