{"id":11214,"date":"2021-06-30T10:36:09","date_gmt":"2021-06-30T16:36:09","guid":{"rendered":"https:\/\/gobernacionaltaverapaz.gob.gt\/?p=11214"},"modified":"2021-07-02T16:34:53","modified_gmt":"2021-07-02T22:34:53","slug":"actualizacin-de-informacin-del-plan-de-desarrollo-departamental-de-alta-verapaz-2011-2025","status":"publish","type":"post","link":"https:\/\/gobernacionaltaverapaz.gob.gt\/?p=11214","title":{"rendered":"Actualizaci\u00f3n de informaci\u00f3n del Plan de Desarrollo Departamental de Alta Verapaz 2011- 2025"},"content":{"rendered":"<p style=\"text-align: justify;\">El d\u00eda de hoy se realiz\u00f3 la reuni\u00f3n de trabajo con el fin de actualizar la informaci\u00f3n del Plan de Desarrollo Departamental \u2013PDD- a cargo de la Secretaria de planificaci\u00f3n y programaci\u00f3n de la presidencia \u2013SEGEPLAN- .<\/p>\n<p style=\"text-align: justify;\">El Plan de Desarrollo Departamental \u2013PDD- de Alta Verapaz, constituye en consecuencia un instrumento de gesti\u00f3n, que facilita la articulaci\u00f3n de las pol\u00edticas p\u00fablicas y la inversi\u00f3n en el \u00e1mbito departamental, adem\u00e1s permite realizar vinculaciones entre las Prioridades Nacionales de Desarrollo -PND-, inversiones p\u00fablicas, privadas y de cooperaci\u00f3n internacional con una perspectiva estrat\u00e9gica que apunta al desarrollo sostenible del territorio.<\/p>\n<p style=\"text-align: justify;\">El se\u00f1or Gobernador Departamental, Romel Manuel Veliz Castro, resalt\u00f3 la importancia de ser part\u00edcipes y darle seguimiento a los planes de trabajo e intervenciones de a\u00f1os anteriores, con el fin de obtener resultados positivos para nuestro departamento.<\/p>\n<p style=\"text-align: justify;\">En este proceso tambi\u00e9n se cuenta con el apoyo t\u00e9cnico de la organizaci\u00f3n internacional <a href=\"https:\/\/www.facebook.com\/RainforestAlliance\/?__cft__%5b0%5d=AZV7NKqCAOWEUNjYDQr8ugtqpTTPQzZf-YiDLhPKa5s1S49EQlo4SdjhocHdbFkJUrpcjtxAXzXa8YPda3bONwI2YDxUMUwhA_YeM_hthhQXii2EUC0vGNSN1ZNBB0vGi7hNL0Ptrg0q7oirSg41jTK9&amp;__tn__=kK-R\" target=\"_blank\" rel=\"noopener\">Rainforest Alliance<\/a>, con la que el MARN firm\u00f3 un convenio interinstitucional en noviembre de 2020, para la elaboraci\u00f3n del plan del cambio clim\u00e1tico departamental.<\/p>\n<p><a href=\"https:\/\/www.facebook.com\/hashtag\/guatemalanosedetiene?__eep__=6&amp;__cft__%5b0%5d=AZV7NKqCAOWEUNjYDQr8ugtqpTTPQzZf-YiDLhPKa5s1S49EQlo4SdjhocHdbFkJUrpcjtxAXzXa8YPda3bONwI2YDxUMUwhA_YeM_hthhQXii2EUC0vGNSN1ZNBB0vGi7hNL0Ptrg0q7oirSg41jTK9&amp;__tn__=*NK-R\" target=\"_blank\" rel=\"noopener\">#GuatemalaNoSeDetiene<\/a><br \/>\n<a href=\"https:\/\/www.facebook.com\/hashtag\/juntossaldremosadelante?__eep__=6&amp;__cft__%5b0%5d=AZV7NKqCAOWEUNjYDQr8ugtqpTTPQzZf-YiDLhPKa5s1S49EQlo4SdjhocHdbFkJUrpcjtxAXzXa8YPda3bONwI2YDxUMUwhA_YeM_hthhQXii2EUC0vGNSN1ZNBB0vGi7hNL0Ptrg0q7oirSg41jTK9&amp;__tn__=*NK-R\" target=\"_blank\" rel=\"noopener\">#JuntosSaldremosAdelante<\/a><br \/>\n<a href=\"https:\/\/www.facebook.com\/hashtag\/scepesdesarrollo?__eep__=6&amp;__cft__%5b0%5d=AZV7NKqCAOWEUNjYDQr8ugtqpTTPQzZf-YiDLhPKa5s1S49EQlo4SdjhocHdbFkJUrpcjtxAXzXa8YPda3bONwI2YDxUMUwhA_YeM_hthhQXii2EUC0vGNSN1ZNBB0vGi7hNL0Ptrg0q7oirSg41jTK9&amp;__tn__=*NK-R\" target=\"_blank\" rel=\"noopener\">#SCEPesDesarrollo<\/a><br \/>\n<a href=\"https:\/\/www.facebook.com\/hashtag\/rainforestalliancecertified?__eep__=6&amp;__cft__%5b0%5d=AZV7NKqCAOWEUNjYDQr8ugtqpTTPQzZf-YiDLhPKa5s1S49EQlo4SdjhocHdbFkJUrpcjtxAXzXa8YPda3bONwI2YDxUMUwhA_YeM_hthhQXii2EUC0vGNSN1ZNBB0vGi7hNL0Ptrg0q7oirSg41jTK9&amp;__tn__=*NK-R\" target=\"_blank\" rel=\"noopener\">#rainforestalliancecertified<\/a><\/p>\n<div><\/div>\n","protected":false},"excerpt":{"rendered":"<p>El d\u00eda de hoy se realiz\u00f3 la reuni\u00f3n de trabajo con el fin de actualizar la informaci\u00f3n del Plan de Desarrollo Departamental \u2013PDD- a cargo de la Secretaria de planificaci\u00f3n y programaci\u00f3n de la presidencia \u2013SEGEPLAN- . El Plan de Desarrollo Departamental \u2013PDD- de Alta Verapaz, constituye en consecuencia un instrumento de gesti\u00f3n, que facilita [&hellip;]<\/p>\n","protected":false},"author":1,"featured_media":11224,"comment_status":"closed","ping_status":"open","sticky":false,"template":"","format":"gallery","meta":[],"categories":[183],"tags":[178],"_links":{"self":[{"href":"https:\/\/gobernacionaltaverapaz.gob.gt\/index.php?rest_route=\/wp\/v2\/posts\/11214"}],"collection":[{"href":"https:\/\/gobernacionaltaverapaz.gob.gt\/index.php?rest_route=\/wp\/v2\/posts"}],"about":[{"href":"https:\/\/gobernacionaltaverapaz.gob.gt\/index.php?rest_route=\/wp\/v2\/types\/post"}],"author":[{"embeddable":true,"href":"https:\/\/gobernacionaltaverapaz.gob.gt\/index.php?rest_route=\/wp\/v2\/users\/1"}],"replies":[{"embeddable":true,"href":"https:\/\/gobernacionaltaverapaz.gob.gt\/index.php?rest_route=%2Fwp%2Fv2%2Fcomments&post=11214"}],"version-history":[{"count":2,"href":"https:\/\/gobernacionaltaverapaz.gob.gt\/index.php?rest_route=\/wp\/v2\/posts\/11214\/revisions"}],"predecessor-version":[{"id":11226,"href":"https:\/\/gobernacionaltaverapaz.gob.gt\/index.php?rest_route=\/wp\/v2\/posts\/11214\/revisions\/11226"}],"wp:featuredmedia":[{"embeddable":true,"href":"https:\/\/gobernacionaltaverapaz.gob.gt\/index.php?rest_route=\/wp\/v2\/media\/11224"}],"wp:attachment":[{"href":"https:\/\/gobernacionaltaverapaz.gob.gt\/index.php?rest_route=%2Fwp%2Fv2%2Fmedia&parent=11214"}],"wp:term":[{"taxonomy":"category","embeddable":true,"href":"https:\/\/gobernacionaltaverapaz.gob.gt\/index.php?rest_route=%2Fwp%2Fv2%2Fcategories&post=11214"},{"taxonomy":"post_tag","embeddable":true,"href":"https:\/\/gobernacionaltaverapaz.gob.gt\/index.php?rest_route=%2Fwp%2Fv2%2Ftags&post=11214"}],"curies":[{"name":"wp","href":"https:\/\/api.w.org\/{rel}","templated":true}]}}