{"id":11227,"date":"2021-07-01T21:24:15","date_gmt":"2021-07-02T03:24:15","guid":{"rendered":"https:\/\/gobernacionaltaverapaz.gob.gt\/?p=11227"},"modified":"2021-07-02T16:57:47","modified_gmt":"2021-07-02T22:57:47","slug":"avanza-entrega-de-nutrinios-en-alta-verapaz","status":"publish","type":"post","link":"https:\/\/gobernacionaltaverapaz.gob.gt\/?p=11227","title":{"rendered":"Avanza entrega de NutriNi\u00f1os en Alta Verapaz"},"content":{"rendered":"<p style=\"text-align: justify;\">En los dos d\u00edas recientes se han repartido m\u00e1s de 4 mil 500 kilos del alimento complementario en 4 municipios priorizados.<\/p>\n<p style=\"text-align: justify;\">Por tercer d\u00eda consecutivo, en Alta Verapaz se lleva a cabo la distribuci\u00f3n del alimento complementario fortificado NutriNi\u00f1os a todos los distritos de Salud.<\/p>\n<p style=\"text-align: justify;\">Desde la bodega del Instituto Nacional de Comercializaci\u00f3n Agr\u00edcola (Indeca) salen los veh\u00edculos que llevan el producto, el cual posteriormente se entregar\u00e1 a ni\u00f1os de entre 6 meses y 5 a\u00f1os en condici\u00f3n de vulnerabilidad alimentaria.<\/p>\n<p style=\"text-align: justify;\">El gobernador Romel Veliz verific\u00f3 esta tarea y resalt\u00f3 la importancia de hacer llegar el NutriNi\u00f1os lo antes posible a los beneficiarios, para contribuir a su bienestar.<\/p>\n<p style=\"text-align: justify;\">Alta Verapaz es uno de los departamentos priorizados por la Gran Cruzada Nacional por la Nutrici\u00f3n, debido a los \u00edndices de desnutrici\u00f3n registrados en varias de sus comunidades. Debido a esto, Veliz coordina con otros entes estatales las acciones oportunas para atender a los afectados por el flagelo.<\/p>\n<p style=\"text-align: justify;\">Como parte de esas medidas, solo el mi\u00e9rcoles se repartieron 2 mil 766 kilogramos en Tamah\u00fa y San Crist\u00f3bal Verapaz. Un d\u00eda antes se llevaron mil 900 a Tucur\u00fa y Santa Cruz Verapaz. En total, en esta etapa se distribuir\u00e1n 20 mil kilos, los cuales llegaron al territorio el 22 de junio.<\/p>\n<p style=\"text-align: justify;\">Aclaran cifra<\/p>\n<p style=\"text-align: justify;\">El gobernador constat\u00f3 la cantidad de producto existente en bodega, despu\u00e9s de que la Procuradur\u00eda de los Derechos Humanos emitiera un informe en el que se hablaba del almacenaje de 20 mil sacos.<\/p>\n<p style=\"text-align: justify;\">En el documento se hac\u00eda ver la preocupaci\u00f3n porque el alimento pudiera caducar antes de ser repartido; sin embargo, tras la verificaci\u00f3n se estableci\u00f3 que en el lugar hab\u00eda 20 mil kilos, es decir 440 sacos, los cuales est\u00e1n en proceso de distribuci\u00f3n.<\/p>\n<p style=\"text-align: justify;\">Antonio Skenazzi Morales, administrador de la bodega, confirm\u00f3 el dato e hizo hincapi\u00e9 en que esas instalaciones solo tienen capacidad para 17 mil quintales. Adem\u00e1s, no se resguarda \u00fanicamente NutriNi\u00f1os.<\/p>\n<p style=\"text-align: justify;\">De acuerdo con lo informado, estos son los municipios que recibir\u00e1n m\u00e1s alimento:<\/p>\n<ul>\n<li>Cob\u00e1n, 99.44<\/li>\n<li>Cahab\u00f3n, 76.96<\/li>\n<li>Tamah\u00fa, 71.04<\/li>\n<li>San Pedro Carch\u00e1, 62.44<\/li>\n<\/ul>\n<p><a href=\"https:\/\/www.facebook.com\/hashtag\/guatemalanosedetiene?__eep__=6&amp;__cft__%5b0%5d=AZWoSRuR7_zlDx_6xNKHgkq970Zt0bHkuRxdQPhlE1tR55CJ9m-GYtTHS-yQBG8pEwb6NMb9Q9wsnDwcr5ozQFNicXA4kwhjfOD1VJoQ2ePpYfV4hdW8e17x_Fk6E3yxnjV4PT7dqa3oCXZwrypQXcPP&amp;__tn__=*NK-R\">#GuatemalaNoSeDetiene<br \/>\n<\/a><a href=\"https:\/\/www.facebook.com\/hashtag\/juntossaldremosadelante?__eep__=6&amp;__cft__%5b0%5d=AZWoSRuR7_zlDx_6xNKHgkq970Zt0bHkuRxdQPhlE1tR55CJ9m-GYtTHS-yQBG8pEwb6NMb9Q9wsnDwcr5ozQFNicXA4kwhjfOD1VJoQ2ePpYfV4hdW8e17x_Fk6E3yxnjV4PT7dqa3oCXZwrypQXcPP&amp;__tn__=*NK-R\">#JuntosSaldremosAdelante<br \/>\n<\/a><a href=\"https:\/\/www.facebook.com\/hashtag\/sesan?__eep__=6&amp;__cft__%5b0%5d=AZWoSRuR7_zlDx_6xNKHgkq970Zt0bHkuRxdQPhlE1tR55CJ9m-GYtTHS-yQBG8pEwb6NMb9Q9wsnDwcr5ozQFNicXA4kwhjfOD1VJoQ2ePpYfV4hdW8e17x_Fk6E3yxnjV4PT7dqa3oCXZwrypQXcPP&amp;__tn__=*NK-R\">#SESAN<\/a><\/p>\n<div><\/div>\n","protected":false},"excerpt":{"rendered":"<p>El gobernador verific\u00f3 esta tarea y resalt\u00f3 la importancia de hacer llegar el NutriNi\u00f1os lo antes posible a los beneficiarios, para contribuir a su bienestar.<\/p>\n","protected":false},"author":1,"featured_media":11230,"comment_status":"closed","ping_status":"open","sticky":false,"template":"","format":"gallery","meta":[],"categories":[5],"tags":[178],"_links":{"self":[{"href":"https:\/\/gobernacionaltaverapaz.gob.gt\/index.php?rest_route=\/wp\/v2\/posts\/11227"}],"collection":[{"href":"https:\/\/gobernacionaltaverapaz.gob.gt\/index.php?rest_route=\/wp\/v2\/posts"}],"about":[{"href":"https:\/\/gobernacionaltaverapaz.gob.gt\/index.php?rest_route=\/wp\/v2\/types\/post"}],"author":[{"embeddable":true,"href":"https:\/\/gobernacionaltaverapaz.gob.gt\/index.php?rest_route=\/wp\/v2\/users\/1"}],"replies":[{"embeddable":true,"href":"https:\/\/gobernacionaltaverapaz.gob.gt\/index.php?rest_route=%2Fwp%2Fv2%2Fcomments&post=11227"}],"version-history":[{"count":3,"href":"https:\/\/gobernacionaltaverapaz.gob.gt\/index.php?rest_route=\/wp\/v2\/posts\/11227\/revisions"}],"predecessor-version":[{"id":11238,"href":"https:\/\/gobernacionaltaverapaz.gob.gt\/index.php?rest_route=\/wp\/v2\/posts\/11227\/revisions\/11238"}],"wp:featuredmedia":[{"embeddable":true,"href":"https:\/\/gobernacionaltaverapaz.gob.gt\/index.php?rest_route=\/wp\/v2\/media\/11230"}],"wp:attachment":[{"href":"https:\/\/gobernacionaltaverapaz.gob.gt\/index.php?rest_route=%2Fwp%2Fv2%2Fmedia&parent=11227"}],"wp:term":[{"taxonomy":"category","embeddable":true,"href":"https:\/\/gobernacionaltaverapaz.gob.gt\/index.php?rest_route=%2Fwp%2Fv2%2Fcategories&post=11227"},{"taxonomy":"post_tag","embeddable":true,"href":"https:\/\/gobernacionaltaverapaz.gob.gt\/index.php?rest_route=%2Fwp%2Fv2%2Ftags&post=11227"}],"curies":[{"name":"wp","href":"https:\/\/api.w.org\/{rel}","templated":true}]}}