{"id":11239,"date":"2021-07-02T07:00:51","date_gmt":"2021-07-02T13:00:51","guid":{"rendered":"https:\/\/gobernacionaltaverapaz.gob.gt\/?p=11239"},"modified":"2021-07-02T17:09:08","modified_gmt":"2021-07-02T23:09:08","slug":"mejoramiento-carretera-ruta-nacional-7w-tramo-san-cristbal-verapaz-alta-verapaz-rio-chixoy-chicamn-quich","status":"publish","type":"post","link":"https:\/\/gobernacionaltaverapaz.gob.gt\/?p=11239","title":{"rendered":"Mejoramiento carretera ruta nacional 7w, tramo: San Crist\u00f3bal Verapaz, Alta Verapaz &#8211; Rio Chixoy &#8211; Chicam\u00e1n, Quich\u00e9"},"content":{"rendered":"<p style=\"text-align: justify;\">La problem\u00e1tica que afrontaban los habitantes del municipio de Chicam\u00e1n y San Crist\u00f3bal Verapaz es encontrarse incomunicados por el derrumbe ocurrido en el a\u00f1o 2009, que destruyo un tramo de aproximadamente 1.3 kil\u00f3metros, y el deterioro sufrido por la ruta 7W luego de su puesta en funcionamiento en el a\u00f1o 2004.<\/p>\n<p style=\"text-align: justify;\">Inicialmente el proyecto incluyo la construcci\u00f3n de la carretera desde la cabecera municipal de Chicam\u00e1n, Quich\u00e9, llegando al rio Chixoy, limite departamental entre Quich\u00e9 y Alta Verapaz, finalizando en la cabecera municipal de San Crist\u00f3bal Verapaz; luego de ocurridos los deslizamientos en el \u00e1rea de Los Chorros se tuvo que suspender la ejecuci\u00f3n de la obra por los sobrecostos y el riesgo que implicaba transitar por el \u00e1rea afectada, adem\u00e1s la Coordinadora Nacional para la Reducci\u00f3n de Desastres &#8211; CONRED, neg\u00f3 el aval de los estudios realizados para la estabilizaci\u00f3n del deslizamiento, raz\u00f3n por la cual los trabajos corresponden al tramo inicialmente contratado.<\/p>\n<p style=\"text-align: justify;\">Inicialmente se plante\u00f3 utilizar un nuevo recorrido que permit\u00eda bordear el deslizamiento, pero esta alternativa no fue aceptada por las poblaciones afectadas y luego de los estudios realizados por la cooperaci\u00f3n internacional, y de la estabilizaci\u00f3n del territorio afectado, la Direcci\u00f3n General de Caminos considero nuevamente la continuidad de los trabajos suspendidos en el a\u00f1o 2009.<\/p>\n<p style=\"text-align: justify;\">Durante el a\u00f1o 2010 ocurri\u00f3 la tormenta tropical Agatha los d\u00edas 29 y 30 de mayo, causando da\u00f1os a lo largo de la Ruta Nacional 7W, por lo que fue necesario realizar trabajos de reconstrucci\u00f3n.<\/p>\n<p style=\"text-align: justify;\">Estos trabajos incluyen la recuperaci\u00f3n del tramo Chicam\u00e1n al r\u00edo Chixoy, la estabilizaci\u00f3n de taludes, drenaje menor y medidas ambientales y la pavimentaci\u00f3n del segundo sub tramo desde r\u00edo Chixoy a la cabecera municipal de San Crist\u00f3bal Verapaz, esta carretera es de suma importancia para los productores de yeso (una fuente importante de trabajo de la regi\u00f3n) para poder extraer su producci\u00f3n hacia los diferentes mercados.<\/p>\n<p style=\"text-align: justify;\">El se\u00f1or Gobernador Departamental, Romel Manuel Veliz Castro resalto que el proyecto actual de mejoramiento, es una alternativa que favorecer\u00e1\u0301 a los usuarios y a las actividades agr\u00edcolas e industriales que se realizan, adem\u00e1s un ahorro por el consumo de combustibles y tiempo de recorrido para los habitantes de la parte central de los departamentos de Quich\u00e9 y Alta Verapaz.<\/p>\n<p style=\"text-align: justify;\">El se\u00f1or Presidente de la republica <a href=\"https:\/\/www.facebook.com\/AlejandroGiammattei\/?__cft__%5b0%5d=AZUQrZFjYPdAyzGOyZdKRZsHalAp-NuKmeOMz5Ef9sQGlOyaDXWwE4wlS-L2X05CEbAshk4BLc9FQS7Ioe7pKL76eadyN4Fu3hOybBmi-rdwDipPndRtMHQGSCqVt6aIxFEGjxF8xZI_khKgVVSalOva&amp;__tn__=kK-R\" target=\"_blank\" rel=\"noopener\">Alejandro Giammattei<\/a> resalto que estos proyectos vienen a mejorar la estabilidad econ\u00f3mica de la poblaci\u00f3n que transita y vive por estos sectores, este proyecto consistir\u00e1\u0301 en que las personas podr\u00e1n trasladarse entre los departamentos de Quich\u00e9 y Alta Verapaz, desde la cabecera municipal San Crist\u00f3bal Verapaz hacia la parte oriental de Quich\u00e9 (Chicam\u00e1n, Uspant\u00e1n, Cun\u00e9n, Chaj\u00fal, Nebaj y Sacapulas) hacia los diferentes destinos de la regi\u00f3n Norte y Noroccidente, lo que representar\u00e1 un ahorro de los costos de operaci\u00f3n vehicular, el tiempo de los usuarios de la ruta y mejorando el nivel de vida de la poblaci\u00f3n.<\/p>\n<p><a href=\"https:\/\/www.facebook.com\/hashtag\/guatemalanosedetiene?__eep__=6&amp;__cft__%5b0%5d=AZUQrZFjYPdAyzGOyZdKRZsHalAp-NuKmeOMz5Ef9sQGlOyaDXWwE4wlS-L2X05CEbAshk4BLc9FQS7Ioe7pKL76eadyN4Fu3hOybBmi-rdwDipPndRtMHQGSCqVt6aIxFEGjxF8xZI_khKgVVSalOva&amp;__tn__=*NK-R\" target=\"_blank\" rel=\"noopener\">#GuatemalaNoSeDetiene<\/a><br \/>\n<a href=\"https:\/\/www.facebook.com\/hashtag\/juntossaldremosadelante?__eep__=6&amp;__cft__%5b0%5d=AZUQrZFjYPdAyzGOyZdKRZsHalAp-NuKmeOMz5Ef9sQGlOyaDXWwE4wlS-L2X05CEbAshk4BLc9FQS7Ioe7pKL76eadyN4Fu3hOybBmi-rdwDipPndRtMHQGSCqVt6aIxFEGjxF8xZI_khKgVVSalOva&amp;__tn__=*NK-R\" target=\"_blank\" rel=\"noopener\">#JuntosSaldremosAdelante<\/a><\/p>\n<div><\/div>\n<p>&nbsp;<\/p>\n","protected":false},"excerpt":{"rendered":"<p>La problem\u00e1tica que afrontaban los habitantes del municipio de Chicam\u00e1n y San Crist\u00f3bal Verapaz es encontrarse incomunicados por el derrumbe ocurrido en el a\u00f1o 2009, que destruyo un tramo de aproximadamente 1.3 kil\u00f3metros, y el deterioro sufrido por la ruta 7W luego de su puesta en funcionamiento en el a\u00f1o 2004. Inicialmente el proyecto incluyo [&hellip;]<\/p>\n","protected":false},"author":1,"featured_media":11240,"comment_status":"closed","ping_status":"open","sticky":false,"template":"","format":"gallery","meta":[],"categories":[4],"tags":[178],"_links":{"self":[{"href":"https:\/\/gobernacionaltaverapaz.gob.gt\/index.php?rest_route=\/wp\/v2\/posts\/11239"}],"collection":[{"href":"https:\/\/gobernacionaltaverapaz.gob.gt\/index.php?rest_route=\/wp\/v2\/posts"}],"about":[{"href":"https:\/\/gobernacionaltaverapaz.gob.gt\/index.php?rest_route=\/wp\/v2\/types\/post"}],"author":[{"embeddable":true,"href":"https:\/\/gobernacionaltaverapaz.gob.gt\/index.php?rest_route=\/wp\/v2\/users\/1"}],"replies":[{"embeddable":true,"href":"https:\/\/gobernacionaltaverapaz.gob.gt\/index.php?rest_route=%2Fwp%2Fv2%2Fcomments&post=11239"}],"version-history":[{"count":4,"href":"https:\/\/gobernacionaltaverapaz.gob.gt\/index.php?rest_route=\/wp\/v2\/posts\/11239\/revisions"}],"predecessor-version":[{"id":11251,"href":"https:\/\/gobernacionaltaverapaz.gob.gt\/index.php?rest_route=\/wp\/v2\/posts\/11239\/revisions\/11251"}],"wp:featuredmedia":[{"embeddable":true,"href":"https:\/\/gobernacionaltaverapaz.gob.gt\/index.php?rest_route=\/wp\/v2\/media\/11240"}],"wp:attachment":[{"href":"https:\/\/gobernacionaltaverapaz.gob.gt\/index.php?rest_route=%2Fwp%2Fv2%2Fmedia&parent=11239"}],"wp:term":[{"taxonomy":"category","embeddable":true,"href":"https:\/\/gobernacionaltaverapaz.gob.gt\/index.php?rest_route=%2Fwp%2Fv2%2Fcategories&post=11239"},{"taxonomy":"post_tag","embeddable":true,"href":"https:\/\/gobernacionaltaverapaz.gob.gt\/index.php?rest_route=%2Fwp%2Fv2%2Ftags&post=11239"}],"curies":[{"name":"wp","href":"https:\/\/api.w.org\/{rel}","templated":true}]}}