{"id":11264,"date":"2021-07-08T06:11:18","date_gmt":"2021-07-08T12:11:18","guid":{"rendered":"https:\/\/gobernacionaltaverapaz.gob.gt\/?p=11264"},"modified":"2021-07-13T09:47:35","modified_gmt":"2021-07-13T15:47:35","slug":"reunin-de-trabajo-de-intermediacin-con-comunitarios-de-la-aldea-campur-san-pedro-carch","status":"publish","type":"post","link":"https:\/\/gobernacionaltaverapaz.gob.gt\/?p=11264","title":{"rendered":"Reuni\u00f3n de trabajo de intermediaci\u00f3n con comunitarios de la Aldea Campur, San Pedro Carch\u00e1"},"content":{"rendered":"<p>El Se\u00f1or Gobernador Departamental, Romel Manuel Veliz Castro, asisti\u00f3 a una reuni\u00f3n de trabajo convocada por la Se\u00f1ora Diputada Vicente Jer\u00f3nimo, con el fin de conocer las acciones realizadas para atender la problem\u00e1tica de la aldea Campur del municipio de San Pedro Carcha ante las pasadas tormentas ETA e IOTA, en dicha citaci\u00f3n participaron las autoridades de la CONRED, CNEE y Ministerio de Gobernaci\u00f3n.<\/p>\n<p style=\"text-align: justify;\">La reuni\u00f3n concluy\u00f3 con importantes compromisos en beneficio de la comunidad, el se\u00f1or gobernador departamental se comprometi\u00f3 en coordinar cuando sea emitido el dictamen del Consejo Cient\u00edfico sobre la situaci\u00f3n de la Aldea Campur, en situaci\u00f3n del cobro de la energ\u00eda el\u00e9ctrica, se procedi\u00f3 a coordinar con los comunitarios para realizar las respectivas documentaciones que se le dar\u00e1 curso a donde corresponde para solucionar la problem\u00e1tica que se aqueja, el se\u00f1or Gobernador resalto que como presidente del Consejo Departamental de Desarrollo \u2013CODEDE- se ha agilizado el proceso para realizar \u00faltimos pagos que corresponden a la obra denominada CONSTRUCCI\u00d3N INSTITUTO BASICO ALDEA CAMPUR y esta sea entregada a la comunidad, delegados de la Comisi\u00f3n Nacional de Energ\u00eda El\u00e9ctrica -CNEE-, se comprometieron en darle seguimiento a cada una de las denuncias presentadas por los vecinos de campur, en reuniones anteriores sostenidas con la legisladora, autoridades del MAGA, COPAVI, tambi\u00e9n adquirieron compromisos en beneficio de las comunidades afectadas por las pasadas tormentas ETA e IOTA, para finalizar la reuni\u00f3n el se\u00f1or gobernador resalto la importancia de trabajar en equipo, para que los procesos fluyan de una manera efectiva en ben\u00e9fico de las familias afectadas.<\/p>\n<p><a href=\"https:\/\/www.facebook.com\/hashtag\/juntossaldremosadelante?__eep__=6&amp;source=feed_text&amp;epa=HASHTAG&amp;__xts__%5B0%5D=68.ARCBEs5HZzIVJ9HkXnxV5JkVHnEQWiNOFxMFwyj6c6VfGEeDfH4Wex2uXokg_33sQlL2ol_Pm1-YeGne1QnXlyWyg2CnZSHqiOtM9P5Wn6cNBeMVNP5JQXc1UVHfLnzCqeawaQnTPX5iH7Z9gyMhi0lN4VRGRH2MaC6yxBnxQAvt8z8xXEcUu_J2Hb67wUUYcgoxwdNBjXQI7aRznvtYTvO3wKbZf-1bdNH6Ka_Gi4ckjo35f0n3VIkGjnhsSfi0XiysL2jT1GakH-4zAj4tbU_OrSNxv_T1FG0KWFemkqhfZOB64ZXOUA&amp;__tn__=%2ANK-R\" target=\"_blank\" rel=\"noopener\" data-ft=\"{&quot;type&quot;:104,&quot;tn&quot;:&quot;*N&quot;}\"><span aria-label=\"hashtag\">#<\/span>JuntosSaldremosAdelante<\/a><br \/>\n<a href=\"https:\/\/www.facebook.com\/hashtag\/guatemalanosedetiene?__eep__=6&amp;source=feed_text&amp;epa=HASHTAG&amp;__xts__%5B0%5D=68.ARCBEs5HZzIVJ9HkXnxV5JkVHnEQWiNOFxMFwyj6c6VfGEeDfH4Wex2uXokg_33sQlL2ol_Pm1-YeGne1QnXlyWyg2CnZSHqiOtM9P5Wn6cNBeMVNP5JQXc1UVHfLnzCqeawaQnTPX5iH7Z9gyMhi0lN4VRGRH2MaC6yxBnxQAvt8z8xXEcUu_J2Hb67wUUYcgoxwdNBjXQI7aRznvtYTvO3wKbZf-1bdNH6Ka_Gi4ckjo35f0n3VIkGjnhsSfi0XiysL2jT1GakH-4zAj4tbU_OrSNxv_T1FG0KWFemkqhfZOB64ZXOUA&amp;__tn__=%2ANK-R\" target=\"_blank\" rel=\"noopener\" data-ft=\"{&quot;type&quot;:104,&quot;tn&quot;:&quot;*N&quot;}\"><span aria-label=\"hashtag\">#<\/span>GuatemalaNoSeDetiene<\/a><\/p>\n<div><\/div>\n","protected":false},"excerpt":{"rendered":"<p>El Se\u00f1or Gobernador Departamental, Romel Manuel Veliz Castro, asisti\u00f3 a una reuni\u00f3n de trabajo convocada por la Se\u00f1ora Diputada Vicente Jer\u00f3nimo, con el fin de conocer las acciones realizadas para atender la problem\u00e1tica de la aldea Campur del municipio de San Pedro Carcha ante las pasadas tormentas ETA e IOTA, en dicha citaci\u00f3n participaron las [&hellip;]<\/p>\n","protected":false},"author":1,"featured_media":11271,"comment_status":"closed","ping_status":"open","sticky":false,"template":"","format":"gallery","meta":[],"categories":[197],"tags":[178],"_links":{"self":[{"href":"https:\/\/gobernacionaltaverapaz.gob.gt\/index.php?rest_route=\/wp\/v2\/posts\/11264"}],"collection":[{"href":"https:\/\/gobernacionaltaverapaz.gob.gt\/index.php?rest_route=\/wp\/v2\/posts"}],"about":[{"href":"https:\/\/gobernacionaltaverapaz.gob.gt\/index.php?rest_route=\/wp\/v2\/types\/post"}],"author":[{"embeddable":true,"href":"https:\/\/gobernacionaltaverapaz.gob.gt\/index.php?rest_route=\/wp\/v2\/users\/1"}],"replies":[{"embeddable":true,"href":"https:\/\/gobernacionaltaverapaz.gob.gt\/index.php?rest_route=%2Fwp%2Fv2%2Fcomments&post=11264"}],"version-history":[{"count":2,"href":"https:\/\/gobernacionaltaverapaz.gob.gt\/index.php?rest_route=\/wp\/v2\/posts\/11264\/revisions"}],"predecessor-version":[{"id":11273,"href":"https:\/\/gobernacionaltaverapaz.gob.gt\/index.php?rest_route=\/wp\/v2\/posts\/11264\/revisions\/11273"}],"wp:featuredmedia":[{"embeddable":true,"href":"https:\/\/gobernacionaltaverapaz.gob.gt\/index.php?rest_route=\/wp\/v2\/media\/11271"}],"wp:attachment":[{"href":"https:\/\/gobernacionaltaverapaz.gob.gt\/index.php?rest_route=%2Fwp%2Fv2%2Fmedia&parent=11264"}],"wp:term":[{"taxonomy":"category","embeddable":true,"href":"https:\/\/gobernacionaltaverapaz.gob.gt\/index.php?rest_route=%2Fwp%2Fv2%2Fcategories&post=11264"},{"taxonomy":"post_tag","embeddable":true,"href":"https:\/\/gobernacionaltaverapaz.gob.gt\/index.php?rest_route=%2Fwp%2Fv2%2Ftags&post=11264"}],"curies":[{"name":"wp","href":"https:\/\/api.w.org\/{rel}","templated":true}]}}