{"id":11282,"date":"2021-07-14T18:00:39","date_gmt":"2021-07-15T00:00:39","guid":{"rendered":"https:\/\/gobernacionaltaverapaz.gob.gt\/?p=11282"},"modified":"2021-07-15T15:16:34","modified_gmt":"2021-07-15T21:16:34","slug":"vacunan-contra-el-coronavirus-agentes-de-la-polica-nacional-civil-de-nuestro-departamento","status":"publish","type":"post","link":"https:\/\/gobernacionaltaverapaz.gob.gt\/?p=11282","title":{"rendered":"Vacunan contra el coronavirus a agentes de la Polic\u00eda Nacional Civil de nuestro departamento"},"content":{"rendered":"<p style=\"text-align: justify;\">Personal de Salud administr\u00f3 la dosis de la vacuna contra el coronavirus (COVID-19) a los agentes de la Polic\u00eda Nacional Civil (PNC) asignados a este departamento.<\/p>\n<p style=\"text-align: justify;\">Son aproximadamente 100 agentes de la Comisar\u00eda 51 a quienes se les administr\u00f3 la primera dosis.<\/p>\n<p style=\"text-align: justify;\">Est\u00e1 jornada se realiz\u00f3 en el centro de vacunaci\u00f3n ubicado en el sal\u00f3n de Sociedad de Beneficencia de Cob\u00e1n. La dosis administrada es de la vacuna rusa Sputnik V.<\/p>\n<p style=\"text-align: justify;\">De acuerdo con el personal de Salud, antes de aplicar la dosis a los agentes se les entreg\u00f3 una hoja de consentimiento, la cual contiene informaci\u00f3n sobre la vacuna que se les aplicar\u00eda y los posibles efectos.<\/p>\n<p style=\"text-align: justify;\">Luego de la firma del documento se procedi\u00f3 con la vacunaci\u00f3n.<\/p>\n<p style=\"text-align: justify;\">Al igual que con el resto de vecinos que acuden a vacunarse, los agentes estuvieron un tiempo en observaci\u00f3n, tal como lo establece el protocolo del Ministerio de Salud.<\/p>\n<p style=\"text-align: justify;\">Varios agentes al ser entrevistados agradecieron al <a href=\"https:\/\/www.facebook.com\/guatemalagob\/?fref=mentions&amp;__xts__%5B0%5D=68.ARBzlaidrjRqkL57UDEBYZFA6XwqvJxr62sCXIt7NuiYUeCMvylTscagvKc_zGYjDt8BeSsWKhwSFkE07QvaJF2RZoHbdNRuMbghvc4BBPFKJphEJm6acjlTtJ1vUXdSt57zAO1qjKHFAhyWOPy6Bd3uC3bQdtkAr0-3iguMgK7DJhv-LKr1H3PTGhXMGI8WdJVTR9xcjjVGyuD46ibirFSiCTS_8hAM0BpYAlVEJgUPnFJcAsqfWcosmblFXfWXAdQdp-fS3zhJf07bLIeDtiOCfTu8eiFpzcGZuMoPue4Gwj66BlslTQ&amp;__tn__=K-R\" target=\"_blank\" rel=\"noopener\">Gobierno de Guatemala<\/a> a trav\u00e9s del presidente <a href=\"https:\/\/www.facebook.com\/AlejandroGiammattei\/?fref=mentions&amp;__xts__%5B0%5D=68.ARBzlaidrjRqkL57UDEBYZFA6XwqvJxr62sCXIt7NuiYUeCMvylTscagvKc_zGYjDt8BeSsWKhwSFkE07QvaJF2RZoHbdNRuMbghvc4BBPFKJphEJm6acjlTtJ1vUXdSt57zAO1qjKHFAhyWOPy6Bd3uC3bQdtkAr0-3iguMgK7DJhv-LKr1H3PTGhXMGI8WdJVTR9xcjjVGyuD46ibirFSiCTS_8hAM0BpYAlVEJgUPnFJcAsqfWcosmblFXfWXAdQdp-fS3zhJf07bLIeDtiOCfTu8eiFpzcGZuMoPue4Gwj66BlslTQ&amp;__tn__=K-R\" target=\"_blank\" rel=\"noopener\">Alejandro Giammattei<\/a> por ser priorizados en la vacunaci\u00f3n. Adem\u00e1s, recordaron que son parte del personal que est\u00e1 en riesgo debido a su labor.<\/p>\n<p style=\"text-align: justify;\">Los uniformados invitaron a la poblaci\u00f3n a vacunarse cuando le corresponda y a perder el temor a recibir la dosis. Este proceso se desarrolla a nivel mundial como una medida para combatir el coronavirus.<\/p>\n<p><a href=\"https:\/\/www.facebook.com\/hashtag\/guatemalanosedetiene?__eep__=6&amp;source=feed_text&amp;epa=HASHTAG&amp;__xts__%5B0%5D=68.ARBzlaidrjRqkL57UDEBYZFA6XwqvJxr62sCXIt7NuiYUeCMvylTscagvKc_zGYjDt8BeSsWKhwSFkE07QvaJF2RZoHbdNRuMbghvc4BBPFKJphEJm6acjlTtJ1vUXdSt57zAO1qjKHFAhyWOPy6Bd3uC3bQdtkAr0-3iguMgK7DJhv-LKr1H3PTGhXMGI8WdJVTR9xcjjVGyuD46ibirFSiCTS_8hAM0BpYAlVEJgUPnFJcAsqfWcosmblFXfWXAdQdp-fS3zhJf07bLIeDtiOCfTu8eiFpzcGZuMoPue4Gwj66BlslTQ&amp;__tn__=%2ANK-R\" target=\"_blank\" rel=\"noopener\" data-ft=\"{&quot;type&quot;:104,&quot;tn&quot;:&quot;*N&quot;}\"><span class=\"58cl\"><span aria-label=\"hashtag\"><span style=\"text-decoration: none; text-underline: none;\">#<\/span><\/span><\/span><span class=\"58cm\">GuatemalaNoSeDetiene<\/span><\/a><br \/>\n<a href=\"https:\/\/www.facebook.com\/hashtag\/juntossaldremosadelante?__eep__=6&amp;source=feed_text&amp;epa=HASHTAG&amp;__xts__%5B0%5D=68.ARBzlaidrjRqkL57UDEBYZFA6XwqvJxr62sCXIt7NuiYUeCMvylTscagvKc_zGYjDt8BeSsWKhwSFkE07QvaJF2RZoHbdNRuMbghvc4BBPFKJphEJm6acjlTtJ1vUXdSt57zAO1qjKHFAhyWOPy6Bd3uC3bQdtkAr0-3iguMgK7DJhv-LKr1H3PTGhXMGI8WdJVTR9xcjjVGyuD46ibirFSiCTS_8hAM0BpYAlVEJgUPnFJcAsqfWcosmblFXfWXAdQdp-fS3zhJf07bLIeDtiOCfTu8eiFpzcGZuMoPue4Gwj66BlslTQ&amp;__tn__=%2ANK-R\" target=\"_blank\" rel=\"noopener\" data-ft=\"{&quot;type&quot;:104,&quot;tn&quot;:&quot;*N&quot;}\"><span class=\"58cl\"><span aria-label=\"hashtag\"><span style=\"text-decoration: none; text-underline: none;\">#<\/span><\/span><\/span><span class=\"58cm\">JuntosSaldremosAdelante<\/span><\/a><br \/>\n<a href=\"https:\/\/www.facebook.com\/hashtag\/protegeryservir?__eep__=6&amp;source=feed_text&amp;epa=HASHTAG&amp;__xts__%5B0%5D=68.ARBzlaidrjRqkL57UDEBYZFA6XwqvJxr62sCXIt7NuiYUeCMvylTscagvKc_zGYjDt8BeSsWKhwSFkE07QvaJF2RZoHbdNRuMbghvc4BBPFKJphEJm6acjlTtJ1vUXdSt57zAO1qjKHFAhyWOPy6Bd3uC3bQdtkAr0-3iguMgK7DJhv-LKr1H3PTGhXMGI8WdJVTR9xcjjVGyuD46ibirFSiCTS_8hAM0BpYAlVEJgUPnFJcAsqfWcosmblFXfWXAdQdp-fS3zhJf07bLIeDtiOCfTu8eiFpzcGZuMoPue4Gwj66BlslTQ&amp;__tn__=%2ANK-R\" target=\"_blank\" rel=\"noopener\" data-ft=\"{&quot;type&quot;:104,&quot;tn&quot;:&quot;*N&quot;}\"><span class=\"58cl\"><span aria-label=\"hashtag\"><span style=\"text-decoration: none; text-underline: none;\">#<\/span><\/span><\/span><span class=\"58cm\">ProtegerYServir<\/span><\/a><br \/>\n<a href=\"https:\/\/www.facebook.com\/hashtag\/vacunacionanticovid19?__eep__=6&amp;source=feed_text&amp;epa=HASHTAG&amp;__xts__%5B0%5D=68.ARBzlaidrjRqkL57UDEBYZFA6XwqvJxr62sCXIt7NuiYUeCMvylTscagvKc_zGYjDt8BeSsWKhwSFkE07QvaJF2RZoHbdNRuMbghvc4BBPFKJphEJm6acjlTtJ1vUXdSt57zAO1qjKHFAhyWOPy6Bd3uC3bQdtkAr0-3iguMgK7DJhv-LKr1H3PTGhXMGI8WdJVTR9xcjjVGyuD46ibirFSiCTS_8hAM0BpYAlVEJgUPnFJcAsqfWcosmblFXfWXAdQdp-fS3zhJf07bLIeDtiOCfTu8eiFpzcGZuMoPue4Gwj66BlslTQ&amp;__tn__=%2ANK-R\" target=\"_blank\" rel=\"noopener\" data-ft=\"{&quot;type&quot;:104,&quot;tn&quot;:&quot;*N&quot;}\"><span class=\"58cl\"><span aria-label=\"hashtag\"><span style=\"text-decoration: none; text-underline: none;\">#<\/span><\/span><\/span><span class=\"58cm\">vacunacionanticovid19<\/span><\/a><\/p>\n<div><\/div>\n","protected":false},"excerpt":{"rendered":"<p>Personal de Salud administr\u00f3 la dosis de la vacuna contra el coronavirus (COVID-19) a los agentes de la Polic\u00eda Nacional Civil (PNC) asignados a este departamento. Son aproximadamente 100 agentes de la Comisar\u00eda 51 a quienes se les administr\u00f3 la primera dosis. Est\u00e1 jornada se realiz\u00f3 en el centro de vacunaci\u00f3n ubicado en el sal\u00f3n [&hellip;]<\/p>\n","protected":false},"author":1,"featured_media":11288,"comment_status":"closed","ping_status":"open","sticky":false,"template":"","format":"gallery","meta":[],"categories":[5],"tags":[178],"_links":{"self":[{"href":"https:\/\/gobernacionaltaverapaz.gob.gt\/index.php?rest_route=\/wp\/v2\/posts\/11282"}],"collection":[{"href":"https:\/\/gobernacionaltaverapaz.gob.gt\/index.php?rest_route=\/wp\/v2\/posts"}],"about":[{"href":"https:\/\/gobernacionaltaverapaz.gob.gt\/index.php?rest_route=\/wp\/v2\/types\/post"}],"author":[{"embeddable":true,"href":"https:\/\/gobernacionaltaverapaz.gob.gt\/index.php?rest_route=\/wp\/v2\/users\/1"}],"replies":[{"embeddable":true,"href":"https:\/\/gobernacionaltaverapaz.gob.gt\/index.php?rest_route=%2Fwp%2Fv2%2Fcomments&post=11282"}],"version-history":[{"count":2,"href":"https:\/\/gobernacionaltaverapaz.gob.gt\/index.php?rest_route=\/wp\/v2\/posts\/11282\/revisions"}],"predecessor-version":[{"id":11291,"href":"https:\/\/gobernacionaltaverapaz.gob.gt\/index.php?rest_route=\/wp\/v2\/posts\/11282\/revisions\/11291"}],"wp:featuredmedia":[{"embeddable":true,"href":"https:\/\/gobernacionaltaverapaz.gob.gt\/index.php?rest_route=\/wp\/v2\/media\/11288"}],"wp:attachment":[{"href":"https:\/\/gobernacionaltaverapaz.gob.gt\/index.php?rest_route=%2Fwp%2Fv2%2Fmedia&parent=11282"}],"wp:term":[{"taxonomy":"category","embeddable":true,"href":"https:\/\/gobernacionaltaverapaz.gob.gt\/index.php?rest_route=%2Fwp%2Fv2%2Fcategories&post=11282"},{"taxonomy":"post_tag","embeddable":true,"href":"https:\/\/gobernacionaltaverapaz.gob.gt\/index.php?rest_route=%2Fwp%2Fv2%2Ftags&post=11282"}],"curies":[{"name":"wp","href":"https:\/\/api.w.org\/{rel}","templated":true}]}}