{"id":11296,"date":"2021-07-19T12:30:44","date_gmt":"2021-07-19T18:30:44","guid":{"rendered":"https:\/\/gobernacionaltaverapaz.gob.gt\/?p=11296"},"modified":"2021-07-20T14:32:55","modified_gmt":"2021-07-20T20:32:55","slug":"continuando-con-el-plan-nacional-de-vacunacin-contra-el-covid19-en-el-departamento-de-alta-verapaz","status":"publish","type":"post","link":"https:\/\/gobernacionaltaverapaz.gob.gt\/?p=11296","title":{"rendered":"Continuando con el plan nacional de vacunaci\u00f3n contra el Covid-19 en el Departamento de Alta Verapaz"},"content":{"rendered":"<p style=\"text-align: justify;\">Continuando con el plan nacional de vacunaci\u00f3n contra el Covid-19 en el Departamento de Alta Verapaz el d\u00eda de ayer en las instalaciones de CREOMPAZ ubicado en Cob\u00e1n, se realiz\u00f3 la vacunaci\u00f3n de; Mayores de 40 a\u00f1os 13, Maestros 13, PNC 4, Organismo judicial 14, Ministerio p\u00fablico 12, Municipalidad 1, Mayores de 50 a 59 a\u00f1os 5, De 60 a 64 a\u00f1os 02 y Reservistas Militares 146, teniendo un total de 210 vacunados.<\/p>\n<p style=\"text-align: justify;\">En el puesto de vacunaci\u00f3n ubicado en la Sociedad de Beneficia de Cob\u00e1n, Alta Verapaz, inicia las 8:00 am con el registro de las personas y a las 10:00 am se realiza un corte donde se verifica el total de personas inscritas y se procede en ir a traer la vacuna para administrarla. Posteriormente contin\u00faa el registro y a las 2 de la tarde se hace nuevamente el conteo de personas registradas para vacunar.<\/p>\n<p><a href=\"https:\/\/www.facebook.com\/hashtag\/guatemalanosedetiene?__eep__=6&amp;__cft__%5b0%5d=AZVm9LJbHy5RjEe0u2mAWMDbCukNXGhkmiVcqAVZn_q43SjUdGMmBsttw_q0Y0DthQEE5HYKzERdOp928lAAyzRetNOVmTs1hQKTeUOuskEog8pkzubPUJdFB_sZIu31vWQaSU4TJfSQGDYB6aiJ1ocO&amp;__tn__=*NK-R\" target=\"_blank\" rel=\"noopener\">#GuatemalaNoSeDetiene<br \/>\n<\/a><a href=\"https:\/\/www.facebook.com\/hashtag\/mspas?__eep__=6&amp;__cft__%5b0%5d=AZVm9LJbHy5RjEe0u2mAWMDbCukNXGhkmiVcqAVZn_q43SjUdGMmBsttw_q0Y0DthQEE5HYKzERdOp928lAAyzRetNOVmTs1hQKTeUOuskEog8pkzubPUJdFB_sZIu31vWQaSU4TJfSQGDYB6aiJ1ocO&amp;__tn__=*NK-R\" target=\"_blank\" rel=\"noopener\">#MSPAS<\/a><br \/>\n<a href=\"https:\/\/www.facebook.com\/hashtag\/vacunacionanticovid19?__eep__=6&amp;__cft__%5b0%5d=AZVm9LJbHy5RjEe0u2mAWMDbCukNXGhkmiVcqAVZn_q43SjUdGMmBsttw_q0Y0DthQEE5HYKzERdOp928lAAyzRetNOVmTs1hQKTeUOuskEog8pkzubPUJdFB_sZIu31vWQaSU4TJfSQGDYB6aiJ1ocO&amp;__tn__=*NK-R\" target=\"_blank\" rel=\"noopener\">#vacunacionanticovid19<\/a><br \/>\n<a href=\"https:\/\/www.facebook.com\/hashtag\/juntossaldremosadelante?__eep__=6&amp;__cft__%5b0%5d=AZVm9LJbHy5RjEe0u2mAWMDbCukNXGhkmiVcqAVZn_q43SjUdGMmBsttw_q0Y0DthQEE5HYKzERdOp928lAAyzRetNOVmTs1hQKTeUOuskEog8pkzubPUJdFB_sZIu31vWQaSU4TJfSQGDYB6aiJ1ocO&amp;__tn__=*NK-R\" target=\"_blank\" rel=\"noopener\">#JuntosSaldremosAdelante<\/a><\/p>\n<div><\/div>\n<p>&nbsp;<\/p>\n","protected":false},"excerpt":{"rendered":"<p>Continuando con el plan nacional de vacunaci\u00f3n contra el Covid-19 en el Departamento de Alta Verapaz el d\u00eda de ayer en las instalaciones de CREOMPAZ ubicado en Cob\u00e1n, se realiz\u00f3 la vacunaci\u00f3n de; Mayores de 40 a\u00f1os 13, Maestros 13, PNC 4, Organismo judicial 14, Ministerio p\u00fablico 12, Municipalidad 1, Mayores de 50 a 59 [&hellip;]<\/p>\n","protected":false},"author":1,"featured_media":11298,"comment_status":"closed","ping_status":"open","sticky":false,"template":"","format":"gallery","meta":[],"categories":[5],"tags":[178],"_links":{"self":[{"href":"https:\/\/gobernacionaltaverapaz.gob.gt\/index.php?rest_route=\/wp\/v2\/posts\/11296"}],"collection":[{"href":"https:\/\/gobernacionaltaverapaz.gob.gt\/index.php?rest_route=\/wp\/v2\/posts"}],"about":[{"href":"https:\/\/gobernacionaltaverapaz.gob.gt\/index.php?rest_route=\/wp\/v2\/types\/post"}],"author":[{"embeddable":true,"href":"https:\/\/gobernacionaltaverapaz.gob.gt\/index.php?rest_route=\/wp\/v2\/users\/1"}],"replies":[{"embeddable":true,"href":"https:\/\/gobernacionaltaverapaz.gob.gt\/index.php?rest_route=%2Fwp%2Fv2%2Fcomments&post=11296"}],"version-history":[{"count":4,"href":"https:\/\/gobernacionaltaverapaz.gob.gt\/index.php?rest_route=\/wp\/v2\/posts\/11296\/revisions"}],"predecessor-version":[{"id":11312,"href":"https:\/\/gobernacionaltaverapaz.gob.gt\/index.php?rest_route=\/wp\/v2\/posts\/11296\/revisions\/11312"}],"wp:featuredmedia":[{"embeddable":true,"href":"https:\/\/gobernacionaltaverapaz.gob.gt\/index.php?rest_route=\/wp\/v2\/media\/11298"}],"wp:attachment":[{"href":"https:\/\/gobernacionaltaverapaz.gob.gt\/index.php?rest_route=%2Fwp%2Fv2%2Fmedia&parent=11296"}],"wp:term":[{"taxonomy":"category","embeddable":true,"href":"https:\/\/gobernacionaltaverapaz.gob.gt\/index.php?rest_route=%2Fwp%2Fv2%2Fcategories&post=11296"},{"taxonomy":"post_tag","embeddable":true,"href":"https:\/\/gobernacionaltaverapaz.gob.gt\/index.php?rest_route=%2Fwp%2Fv2%2Ftags&post=11296"}],"curies":[{"name":"wp","href":"https:\/\/api.w.org\/{rel}","templated":true}]}}