{"id":11313,"date":"2021-07-19T20:12:26","date_gmt":"2021-07-20T02:12:26","guid":{"rendered":"https:\/\/gobernacionaltaverapaz.gob.gt\/?p=11313"},"modified":"2021-07-20T14:44:13","modified_gmt":"2021-07-20T20:44:13","slug":"abordan-mantenimiento-de-carretera-en-alta-verapaz","status":"publish","type":"post","link":"https:\/\/gobernacionaltaverapaz.gob.gt\/?p=11313","title":{"rendered":"Abordan mantenimiento de carretera en Alta Verapaz"},"content":{"rendered":"<p style=\"text-align: justify;\">Se requieren trabajos de bacheo en las zonas inestables. Adem\u00e1s, la inestabilidad sucede por problemas de la capa de asfalto, as\u00ed como la saturaci\u00f3n del suelo, se inform\u00f3.<\/p>\n<p style=\"text-align: justify;\">El se\u00f1or Gobernador Departamental, Romel Manuel V\u00e9liz Castro, sostuvo reuni\u00f3n de trabajo con l\u00edderes comunitarios de la aldea Campur, San Pedro Carch\u00e1. El objetivo fue abordar el mantenimiento del tramo carretero RD-05 bajo la administraci\u00f3n del Ministerio de Comunicaciones, Infraestructura y Vivienda (CIV).<\/p>\n<p style=\"text-align: justify;\">Se requiere bacheo en las zonas inestables. Adem\u00e1s, la inestabilidad sucede por problemas de la capa de asfalto, as\u00ed como la saturaci\u00f3n del suelo, se inform\u00f3.<\/p>\n<p style=\"text-align: justify;\">Las \u00e1reas con problemas de este tipo deben ser reparadas con el objeto de devolver la sustentaci\u00f3n estructural original de la carretera. Con eso se proporcionar\u00e1 seguridad en la v\u00eda, especific\u00f3 el gobernador.<\/p>\n<p style=\"text-align: justify;\">Durante la reuni\u00f3n tambi\u00e9n se dio seguimiento al tema de energ\u00eda el\u00e9ctrica.<\/p>\n<p style=\"text-align: justify;\">Se har\u00e1n gestiones coordinadas y de la mano con los comunitarios, quienes con apoyo de esta gobernaci\u00f3n y el Gobierno local han venido subsanando las diferentes necesidades.<\/p>\n<p style=\"text-align: justify;\">A principios del mes las autoridades departamentales, encabezadas por el gobernador, presentaron un informe sobre las acciones implementadas para apoyar a los vecinos de la aldea Campur.<\/p>\n<p><a href=\"https:\/\/www.facebook.com\/hashtag\/guatemalanosedetiene?__eep__=6&amp;__cft__%5b0%5d=AZVrS8BvaaHQibqLXqw9ZhhU2dDErzvfffnh_C8p3Yt3YYVPJrV3up3CQHPHJotFyQD0cCSRBm0KJW0ddWYyQWtLglDFp_Rd2tgHG0XRUGdgWqyYIEI7HshitpIMuLaRtDXrV3QW6ekZl6peI7H9rqQr&amp;__tn__=*NK-R\">#GuatemalaNoSeDetiene<br \/>\n<\/a><a href=\"https:\/\/www.facebook.com\/hashtag\/juntossaldremosadelante?__eep__=6&amp;__cft__%5b0%5d=AZVrS8BvaaHQibqLXqw9ZhhU2dDErzvfffnh_C8p3Yt3YYVPJrV3up3CQHPHJotFyQD0cCSRBm0KJW0ddWYyQWtLglDFp_Rd2tgHG0XRUGdgWqyYIEI7HshitpIMuLaRtDXrV3QW6ekZl6peI7H9rqQr&amp;__tn__=*NK-R\">#JuntosSaldremosAdelante<br \/>\n<\/a><a href=\"https:\/\/www.facebook.com\/hashtag\/juntosavanzamos?__eep__=6&amp;__cft__%5b0%5d=AZVrS8BvaaHQibqLXqw9ZhhU2dDErzvfffnh_C8p3Yt3YYVPJrV3up3CQHPHJotFyQD0cCSRBm0KJW0ddWYyQWtLglDFp_Rd2tgHG0XRUGdgWqyYIEI7HshitpIMuLaRtDXrV3QW6ekZl6peI7H9rqQr&amp;__tn__=*NK-R\">#JuntosAvanzamos<\/a><\/p>\n<p><img decoding=\"async\" loading=\"lazy\" class=\"alignnone wp-image-11315 size-full\" src=\"https:\/\/gobernacionaltaverapaz.gob.gt\/wp-content\/uploads\/2021\/07\/002-13.jpg\" alt=\"\" width=\"900\" height=\"600\" srcset=\"https:\/\/gobernacionaltaverapaz.gob.gt\/wp-content\/uploads\/2021\/07\/002-13.jpg 900w, https:\/\/gobernacionaltaverapaz.gob.gt\/wp-content\/uploads\/2021\/07\/002-13-300x200.jpg 300w, https:\/\/gobernacionaltaverapaz.gob.gt\/wp-content\/uploads\/2021\/07\/002-13-768x512.jpg 768w\" sizes=\"(max-width: 900px) 100vw, 900px\" \/> <img decoding=\"async\" loading=\"lazy\" class=\"alignnone wp-image-11316 size-full\" src=\"https:\/\/gobernacionaltaverapaz.gob.gt\/wp-content\/uploads\/2021\/07\/003-12.jpg\" alt=\"\" width=\"900\" height=\"600\" srcset=\"https:\/\/gobernacionaltaverapaz.gob.gt\/wp-content\/uploads\/2021\/07\/003-12.jpg 900w, https:\/\/gobernacionaltaverapaz.gob.gt\/wp-content\/uploads\/2021\/07\/003-12-300x200.jpg 300w, https:\/\/gobernacionaltaverapaz.gob.gt\/wp-content\/uploads\/2021\/07\/003-12-768x512.jpg 768w\" sizes=\"(max-width: 900px) 100vw, 900px\" \/><\/p>\n","protected":false},"excerpt":{"rendered":"<p>Con el objeto de devolver la sustentaci\u00f3n estructural original de la carretera. Con eso se proporcionar\u00e1 seguridad en la v\u00eda, especific\u00f3 el gobernador.<\/p>\n","protected":false},"author":1,"featured_media":11314,"comment_status":"closed","ping_status":"open","sticky":false,"template":"","format":"standard","meta":[],"categories":[4],"tags":[178],"_links":{"self":[{"href":"https:\/\/gobernacionaltaverapaz.gob.gt\/index.php?rest_route=\/wp\/v2\/posts\/11313"}],"collection":[{"href":"https:\/\/gobernacionaltaverapaz.gob.gt\/index.php?rest_route=\/wp\/v2\/posts"}],"about":[{"href":"https:\/\/gobernacionaltaverapaz.gob.gt\/index.php?rest_route=\/wp\/v2\/types\/post"}],"author":[{"embeddable":true,"href":"https:\/\/gobernacionaltaverapaz.gob.gt\/index.php?rest_route=\/wp\/v2\/users\/1"}],"replies":[{"embeddable":true,"href":"https:\/\/gobernacionaltaverapaz.gob.gt\/index.php?rest_route=%2Fwp%2Fv2%2Fcomments&post=11313"}],"version-history":[{"count":2,"href":"https:\/\/gobernacionaltaverapaz.gob.gt\/index.php?rest_route=\/wp\/v2\/posts\/11313\/revisions"}],"predecessor-version":[{"id":11318,"href":"https:\/\/gobernacionaltaverapaz.gob.gt\/index.php?rest_route=\/wp\/v2\/posts\/11313\/revisions\/11318"}],"wp:featuredmedia":[{"embeddable":true,"href":"https:\/\/gobernacionaltaverapaz.gob.gt\/index.php?rest_route=\/wp\/v2\/media\/11314"}],"wp:attachment":[{"href":"https:\/\/gobernacionaltaverapaz.gob.gt\/index.php?rest_route=%2Fwp%2Fv2%2Fmedia&parent=11313"}],"wp:term":[{"taxonomy":"category","embeddable":true,"href":"https:\/\/gobernacionaltaverapaz.gob.gt\/index.php?rest_route=%2Fwp%2Fv2%2Fcategories&post=11313"},{"taxonomy":"post_tag","embeddable":true,"href":"https:\/\/gobernacionaltaverapaz.gob.gt\/index.php?rest_route=%2Fwp%2Fv2%2Ftags&post=11313"}],"curies":[{"name":"wp","href":"https:\/\/api.w.org\/{rel}","templated":true}]}}