{"id":11320,"date":"2021-07-20T21:43:20","date_gmt":"2021-07-21T03:43:20","guid":{"rendered":"https:\/\/gobernacionaltaverapaz.gob.gt\/?p=11320"},"modified":"2021-07-30T13:51:22","modified_gmt":"2021-07-30T19:51:22","slug":"inicio-de-jornada-mvil-san-pablo-tamah-av","status":"publish","type":"post","link":"https:\/\/gobernacionaltaverapaz.gob.gt\/?p=11320","title":{"rendered":"Inicio de Jornada M\u00f3vil San Pablo Tamah\u00fa  A.V."},"content":{"rendered":"<p style=\"text-align: justify;\">El se\u00f1or Gobernador Departamental, Romel Manuel Veliz Castro, junto al Se\u00f1or Alcalde de San Pablo Tamah\u00fa, Lic. Eduardo Moll, realizaron la apertura de la Jornada M\u00f3vil que estar\u00e1 situada en el centro de dicho municipio, los espacios estar\u00e1n ubicados estrat\u00e9gicamente para cumplir con los protocolos de bioseguridad establecidos por el Ministerio de Salud ante el COVID-19.<\/p>\n<p style=\"text-align: justify;\">El se\u00f1or presidente de la Republica Alejandro Giammattei ha resaltado que estas actividades se realiza con el objetivo de Acercar diferentes servicios p\u00fablicos a la poblaci\u00f3n del municipio de Tamah\u00fa, Alta Verapaz, con la finalidad de brindarle a la poblaci\u00f3n la oportunidad utilizar los servicios de manera eficaz y eficiente. Con la coordinaci\u00f3n de la Secretaria de Coordinaci\u00f3n Ejecutiva de la Presidencia (SCEP), dicha jornada se llevar\u00e1 a cabo en las fechas 20, 21, 22 y 23 de julio.<\/p>\n<p style=\"text-align: justify;\">Instituciones presentes: Centro Atenci\u00f3n Permanente \u2013CAP-, Ministerio de Ambientes y Recursos Naturales \u2013MARN-, Superintendencia de Administraci\u00f3n Tributaria \u2013SAT-, RENAP, SOSEP, MAYCOM, Escuela de Automovilismo, -SVET-, Ministerio de Trabajo, INGUAT y PNC.<\/p>\n<p><a href=\"https:\/\/www.facebook.com\/hashtag\/unidostransformamosguatemala?__eep__=6&amp;__cft__%5b0%5d=AZWzBqAr4XMxivL0ww-c1MBaIkGvusoxInyS-eP1WrrujZR27n9faeqUp0XR82IEjshgUTEz-OfORWxdNVpPWZ4cRgmEYAzcPI97IDtn4Wzne6T_pI_o9PvGhHs2qfuf-ZCI3tu_taH5AzpZvdAiLwv4&amp;__tn__=*NK-R\" target=\"_blank\" rel=\"noopener\">#UnidosTransformamosGuatemala<br \/>\n<\/a><a href=\"https:\/\/www.facebook.com\/hashtag\/juntossaldremosadelante?__eep__=6&amp;__cft__%5b0%5d=AZWzBqAr4XMxivL0ww-c1MBaIkGvusoxInyS-eP1WrrujZR27n9faeqUp0XR82IEjshgUTEz-OfORWxdNVpPWZ4cRgmEYAzcPI97IDtn4Wzne6T_pI_o9PvGhHs2qfuf-ZCI3tu_taH5AzpZvdAiLwv4&amp;__tn__=*NK-R\" target=\"_blank\" rel=\"noopener\">#JuntosSaldremosAdelante<br \/>\n<\/a><a href=\"https:\/\/www.facebook.com\/hashtag\/guatemalanosedetiene?__eep__=6&amp;__cft__%5b0%5d=AZWzBqAr4XMxivL0ww-c1MBaIkGvusoxInyS-eP1WrrujZR27n9faeqUp0XR82IEjshgUTEz-OfORWxdNVpPWZ4cRgmEYAzcPI97IDtn4Wzne6T_pI_o9PvGhHs2qfuf-ZCI3tu_taH5AzpZvdAiLwv4&amp;__tn__=*NK-R\" target=\"_blank\" rel=\"noopener\">#GuatemalaNoSeDetiene<br \/>\n<\/a><a href=\"https:\/\/www.facebook.com\/hashtag\/juntosavanzamos?__eep__=6&amp;__cft__%5b0%5d=AZWzBqAr4XMxivL0ww-c1MBaIkGvusoxInyS-eP1WrrujZR27n9faeqUp0XR82IEjshgUTEz-OfORWxdNVpPWZ4cRgmEYAzcPI97IDtn4Wzne6T_pI_o9PvGhHs2qfuf-ZCI3tu_taH5AzpZvdAiLwv4&amp;__tn__=*NK-R\" target=\"_blank\" rel=\"noopener\">#JuntosAvanzamos<\/a><\/p>\n<div><\/div>\n","protected":false},"excerpt":{"rendered":"<p>El se\u00f1or Gobernador Departamental, Romel Manuel Veliz Castro, junto al Se\u00f1or Alcalde de San Pablo Tamah\u00fa, Lic. Eduardo Moll, realizaron la apertura de la Jornada M\u00f3vil que estar\u00e1 situada en el centro de dicho municipio, los espacios estar\u00e1n ubicados estrat\u00e9gicamente para cumplir con los protocolos de bioseguridad establecidos por el Ministerio de Salud ante el [&hellip;]<\/p>\n","protected":false},"author":1,"featured_media":11326,"comment_status":"closed","ping_status":"open","sticky":false,"template":"","format":"gallery","meta":[],"categories":[197],"tags":[178],"_links":{"self":[{"href":"https:\/\/gobernacionaltaverapaz.gob.gt\/index.php?rest_route=\/wp\/v2\/posts\/11320"}],"collection":[{"href":"https:\/\/gobernacionaltaverapaz.gob.gt\/index.php?rest_route=\/wp\/v2\/posts"}],"about":[{"href":"https:\/\/gobernacionaltaverapaz.gob.gt\/index.php?rest_route=\/wp\/v2\/types\/post"}],"author":[{"embeddable":true,"href":"https:\/\/gobernacionaltaverapaz.gob.gt\/index.php?rest_route=\/wp\/v2\/users\/1"}],"replies":[{"embeddable":true,"href":"https:\/\/gobernacionaltaverapaz.gob.gt\/index.php?rest_route=%2Fwp%2Fv2%2Fcomments&post=11320"}],"version-history":[{"count":3,"href":"https:\/\/gobernacionaltaverapaz.gob.gt\/index.php?rest_route=\/wp\/v2\/posts\/11320\/revisions"}],"predecessor-version":[{"id":11374,"href":"https:\/\/gobernacionaltaverapaz.gob.gt\/index.php?rest_route=\/wp\/v2\/posts\/11320\/revisions\/11374"}],"wp:featuredmedia":[{"embeddable":true,"href":"https:\/\/gobernacionaltaverapaz.gob.gt\/index.php?rest_route=\/wp\/v2\/media\/11326"}],"wp:attachment":[{"href":"https:\/\/gobernacionaltaverapaz.gob.gt\/index.php?rest_route=%2Fwp%2Fv2%2Fmedia&parent=11320"}],"wp:term":[{"taxonomy":"category","embeddable":true,"href":"https:\/\/gobernacionaltaverapaz.gob.gt\/index.php?rest_route=%2Fwp%2Fv2%2Fcategories&post=11320"},{"taxonomy":"post_tag","embeddable":true,"href":"https:\/\/gobernacionaltaverapaz.gob.gt\/index.php?rest_route=%2Fwp%2Fv2%2Ftags&post=11320"}],"curies":[{"name":"wp","href":"https:\/\/api.w.org\/{rel}","templated":true}]}}