{"id":11334,"date":"2021-07-22T15:14:29","date_gmt":"2021-07-22T21:14:29","guid":{"rendered":"https:\/\/gobernacionaltaverapaz.gob.gt\/?p=11334"},"modified":"2021-07-29T14:24:37","modified_gmt":"2021-07-29T20:24:37","slug":"entrega-de-semillas-transferencias-monetarias-los-beneficiarios-del-programa-estipendios-por-acciones","status":"publish","type":"post","link":"https:\/\/gobernacionaltaverapaz.gob.gt\/?p=11334","title":{"rendered":"Entrega de semillas y transferencias monetarias a los beneficiarios del programa estipendios por acciones"},"content":{"rendered":"<p style=\"text-align: justify;\">Bajo la modalidad de estipendios por acciones 3,592 agricultores afectados por las tormentas Eta e Iota, reciben Q1, 000.00 como incentivo tras realizar trabajos para restablecer sus cultivos da\u00f1ados. La entrega del beneficio es supervisada por el ministro del #MAGA Jos\u00e9 \u00c1ngel L\u00f3pez y representantes de FAO en espa\u00f1ol y IICA<\/p>\n<p style=\"text-align: justify;\">Adicional al beneficio econ\u00f3mico que reciben las familias bajo la modalidad de estipendios por acciones del <a href=\"https:\/\/www.facebook.com\/hashtag\/maga?__eep__=6&amp;__cft__%5b0%5d=AZW1eCey5weQvIuH9-C7C5FL0LZxmzTOo0j1CD5-WWjshobnPJTYGs1nsgLf_zYXItsY9MsUWkEUZ6vJuGr-QqTWPLI93sqPI4p97aksrFp6SzbKuNTx-Sj_O5NjSQ1VDOAdkcuih5hhEIjQGpV-fK42&amp;__tn__=*NK-R\">#MAGA<\/a> e IICA la FAO en espa\u00f1ol entrega insumos agropecuarios integrados por 25 libras de semilla de ma\u00edz blanco, 25 libras de semilla de frijol negro, 4 onzas de semilla de chipil\u00edn, 40 estacas de yuca, 40 gu\u00edas de camote, 5 aves de postura, un quintal de concentrado y un botiqu\u00edn pecuario.<\/p>\n<p style=\"text-align: justify;\">El se\u00f1or Gobernador Departamental, Romel Manuel V\u00e9liz Castro, agradeci\u00f3 el apoyo del Gobierno Central y la atenci\u00f3n que ha venido dando a estas zonas el se\u00f1or presidente <a href=\"https:\/\/www.facebook.com\/AlejandroGiammattei\/?__cft__%5b0%5d=AZW1eCey5weQvIuH9-C7C5FL0LZxmzTOo0j1CD5-WWjshobnPJTYGs1nsgLf_zYXItsY9MsUWkEUZ6vJuGr-QqTWPLI93sqPI4p97aksrFp6SzbKuNTx-Sj_O5NjSQ1VDOAdkcuih5hhEIjQGpV-fK42&amp;__tn__=kK-R\">Alejandro Giammattei<\/a> cumpliendo as\u00ed con la Pol\u00edtica General de Gobierno y el Plan Estrat\u00e9gico Institucional 2021-2026, que traza la ruta para el desarrollo rural de Guatemala.<\/p>\n<p style=\"text-align: justify;\">El se\u00f1or Ministro, Jos\u00e9 \u00c1ngel L\u00f3pez, resalto lo siguiente; La primera fase de este programa, que inicio la semana pasada ha sido posible gracias al apoyo del instituto Interamericano de Cooperaci\u00f3n para la agricultura IICA, que como hemos escuchado, aporto 3,8 millones de quetzales para hacer los pagos directos.<\/p>\n<p><a href=\"https:\/\/www.facebook.com\/hashtag\/gcnn?__eep__=6&amp;__cft__%5b0%5d=AZW1eCey5weQvIuH9-C7C5FL0LZxmzTOo0j1CD5-WWjshobnPJTYGs1nsgLf_zYXItsY9MsUWkEUZ6vJuGr-QqTWPLI93sqPI4p97aksrFp6SzbKuNTx-Sj_O5NjSQ1VDOAdkcuih5hhEIjQGpV-fK42&amp;__tn__=*NK-R\">#GCNN<\/a> <a href=\"https:\/\/www.facebook.com\/hashtag\/accionesquetransforman?__eep__=6&amp;__cft__%5b0%5d=AZW1eCey5weQvIuH9-C7C5FL0LZxmzTOo0j1CD5-WWjshobnPJTYGs1nsgLf_zYXItsY9MsUWkEUZ6vJuGr-QqTWPLI93sqPI4p97aksrFp6SzbKuNTx-Sj_O5NjSQ1VDOAdkcuih5hhEIjQGpV-fK42&amp;__tn__=*NK-R\" target=\"_blank\" rel=\"noopener\">#AccionesQueTransforman<br \/>\n<\/a><a href=\"https:\/\/www.facebook.com\/hashtag\/unidostransformamosguatemala?__eep__=6&amp;__cft__%5b0%5d=AZW1eCey5weQvIuH9-C7C5FL0LZxmzTOo0j1CD5-WWjshobnPJTYGs1nsgLf_zYXItsY9MsUWkEUZ6vJuGr-QqTWPLI93sqPI4p97aksrFp6SzbKuNTx-Sj_O5NjSQ1VDOAdkcuih5hhEIjQGpV-fK42&amp;__tn__=*NK-R\" target=\"_blank\" rel=\"noopener\">#UnidosTransformamosGuatemala<br \/>\n<\/a><a href=\"https:\/\/www.facebook.com\/hashtag\/guatemalanosedetiene?__eep__=6&amp;__cft__%5b0%5d=AZW1eCey5weQvIuH9-C7C5FL0LZxmzTOo0j1CD5-WWjshobnPJTYGs1nsgLf_zYXItsY9MsUWkEUZ6vJuGr-QqTWPLI93sqPI4p97aksrFp6SzbKuNTx-Sj_O5NjSQ1VDOAdkcuih5hhEIjQGpV-fK42&amp;__tn__=*NK-R\" target=\"_blank\" rel=\"noopener\">#GuatemalaNoSeDetiene<br \/>\n<\/a><a href=\"https:\/\/www.facebook.com\/hashtag\/juntosavanzamos?__eep__=6&amp;__cft__%5b0%5d=AZW1eCey5weQvIuH9-C7C5FL0LZxmzTOo0j1CD5-WWjshobnPJTYGs1nsgLf_zYXItsY9MsUWkEUZ6vJuGr-QqTWPLI93sqPI4p97aksrFp6SzbKuNTx-Sj_O5NjSQ1VDOAdkcuih5hhEIjQGpV-fK42&amp;__tn__=*NK-R\" target=\"_blank\" rel=\"noopener\">#JuntosAvanzamos<br \/>\n<\/a><a href=\"https:\/\/www.facebook.com\/hashtag\/juntossaldremosadelante?__eep__=6&amp;__cft__%5b0%5d=AZW1eCey5weQvIuH9-C7C5FL0LZxmzTOo0j1CD5-WWjshobnPJTYGs1nsgLf_zYXItsY9MsUWkEUZ6vJuGr-QqTWPLI93sqPI4p97aksrFp6SzbKuNTx-Sj_O5NjSQ1VDOAdkcuih5hhEIjQGpV-fK42&amp;__tn__=*NK-R\" target=\"_blank\" rel=\"noopener\">#JuntosSaldremosAdelante<\/a><\/p>\n<div><\/div>\n","protected":false},"excerpt":{"rendered":"<p>Bajo la modalidad de estipendios por acciones 3,592 agricultores afectados por las tormentas Eta e Iota, reciben Q1, 000.00 como incentivo tras realizar trabajos para restablecer sus cultivos da\u00f1ados. La entrega del beneficio es supervisada por el ministro del #MAGA Jos\u00e9 \u00c1ngel L\u00f3pez y representantes de FAO en espa\u00f1ol y IICA Adicional al beneficio econ\u00f3mico [&hellip;]<\/p>\n","protected":false},"author":1,"featured_media":11337,"comment_status":"closed","ping_status":"open","sticky":false,"template":"","format":"gallery","meta":[],"categories":[7],"tags":[178],"_links":{"self":[{"href":"https:\/\/gobernacionaltaverapaz.gob.gt\/index.php?rest_route=\/wp\/v2\/posts\/11334"}],"collection":[{"href":"https:\/\/gobernacionaltaverapaz.gob.gt\/index.php?rest_route=\/wp\/v2\/posts"}],"about":[{"href":"https:\/\/gobernacionaltaverapaz.gob.gt\/index.php?rest_route=\/wp\/v2\/types\/post"}],"author":[{"embeddable":true,"href":"https:\/\/gobernacionaltaverapaz.gob.gt\/index.php?rest_route=\/wp\/v2\/users\/1"}],"replies":[{"embeddable":true,"href":"https:\/\/gobernacionaltaverapaz.gob.gt\/index.php?rest_route=%2Fwp%2Fv2%2Fcomments&post=11334"}],"version-history":[{"count":2,"href":"https:\/\/gobernacionaltaverapaz.gob.gt\/index.php?rest_route=\/wp\/v2\/posts\/11334\/revisions"}],"predecessor-version":[{"id":11340,"href":"https:\/\/gobernacionaltaverapaz.gob.gt\/index.php?rest_route=\/wp\/v2\/posts\/11334\/revisions\/11340"}],"wp:featuredmedia":[{"embeddable":true,"href":"https:\/\/gobernacionaltaverapaz.gob.gt\/index.php?rest_route=\/wp\/v2\/media\/11337"}],"wp:attachment":[{"href":"https:\/\/gobernacionaltaverapaz.gob.gt\/index.php?rest_route=%2Fwp%2Fv2%2Fmedia&parent=11334"}],"wp:term":[{"taxonomy":"category","embeddable":true,"href":"https:\/\/gobernacionaltaverapaz.gob.gt\/index.php?rest_route=%2Fwp%2Fv2%2Fcategories&post=11334"},{"taxonomy":"post_tag","embeddable":true,"href":"https:\/\/gobernacionaltaverapaz.gob.gt\/index.php?rest_route=%2Fwp%2Fv2%2Ftags&post=11334"}],"curies":[{"name":"wp","href":"https:\/\/api.w.org\/{rel}","templated":true}]}}