{"id":11341,"date":"2021-07-23T17:13:14","date_gmt":"2021-07-23T23:13:14","guid":{"rendered":"https:\/\/gobernacionaltaverapaz.gob.gt\/?p=11341"},"modified":"2021-07-29T14:36:15","modified_gmt":"2021-07-29T20:36:15","slug":"vacunacin-contra-el-covid19-contina-en-alta-verapaz","status":"publish","type":"post","link":"https:\/\/gobernacionaltaverapaz.gob.gt\/?p=11341","title":{"rendered":"Vacunaci\u00f3n contra el COVID-19 contin\u00faa en Alta Verapaz"},"content":{"rendered":"<p style=\"text-align: justify;\">En las instalaciones del Hall Del Norte Hall se realiza la aplicaci\u00f3n de la primera dosis de la vacuna contra el coronavirus (COVID-19), se invita a la poblaci\u00f3n acercarse a los puntos de vacunaci\u00f3n m\u00e1s cercana para administrarse la dosis.<\/p>\n<p style=\"text-align: justify;\">El se\u00f1or Gobernador Departamental, Romel Manuel V\u00e9liz Castro, invita a la poblaci\u00f3n a proteger su salud mediante la vacunaci\u00f3n. Es importante seguir con las medidas de bioseguridad para prevenir el contagio de coronavirus, expreso.<\/p>\n<p><a href=\"https:\/\/www.facebook.com\/hashtag\/unidostransformamosguatemala?__eep__=6&amp;__cft__%5b0%5d=AZV1o4J4gWELR8mplaFKW9YlHnk7TNjtxLKe_wMMGgYTXshPoGgHI6ZqiqFwg1g78TMgyGN-TYx1sj3IaxMv0iiY9RNFkmmESU2XshJgdu_GZIcjqc6q7F9rb93iDBlpLj2askrC9-59ZVctAxXEPOC6&amp;__tn__=*NK-R\" target=\"_blank\" rel=\"noopener\">#UnidosTransformamosGuatemala<br \/>\n<\/a><a href=\"https:\/\/www.facebook.com\/hashtag\/guatemalanosedetiene?__eep__=6&amp;__cft__%5b0%5d=AZV1o4J4gWELR8mplaFKW9YlHnk7TNjtxLKe_wMMGgYTXshPoGgHI6ZqiqFwg1g78TMgyGN-TYx1sj3IaxMv0iiY9RNFkmmESU2XshJgdu_GZIcjqc6q7F9rb93iDBlpLj2askrC9-59ZVctAxXEPOC6&amp;__tn__=*NK-R\" target=\"_blank\" rel=\"noopener\">#GuatemalaNoSeDetiene<br \/>\n<\/a><a href=\"https:\/\/www.facebook.com\/hashtag\/juntosavanzamos?__eep__=6&amp;__cft__%5b0%5d=AZV1o4J4gWELR8mplaFKW9YlHnk7TNjtxLKe_wMMGgYTXshPoGgHI6ZqiqFwg1g78TMgyGN-TYx1sj3IaxMv0iiY9RNFkmmESU2XshJgdu_GZIcjqc6q7F9rb93iDBlpLj2askrC9-59ZVctAxXEPOC6&amp;__tn__=*NK-R\" target=\"_blank\" rel=\"noopener\">#JuntosAvanzamos<br \/>\n<\/a><a href=\"https:\/\/www.facebook.com\/hashtag\/juntossaldremosadelante?__eep__=6&amp;__cft__%5b0%5d=AZV1o4J4gWELR8mplaFKW9YlHnk7TNjtxLKe_wMMGgYTXshPoGgHI6ZqiqFwg1g78TMgyGN-TYx1sj3IaxMv0iiY9RNFkmmESU2XshJgdu_GZIcjqc6q7F9rb93iDBlpLj2askrC9-59ZVctAxXEPOC6&amp;__tn__=*NK-R\" target=\"_blank\" rel=\"noopener\">#JuntosSaldremosAdelante<\/a><\/p>\n<div><\/div>\n","protected":false},"excerpt":{"rendered":"<p>En las instalaciones del Hall Del Norte Hall se realiza la aplicaci\u00f3n de la primera dosis de la vacuna contra el coronavirus (COVID-19), se invita a la poblaci\u00f3n acercarse a los puntos de vacunaci\u00f3n m\u00e1s cercana para administrarse la dosis. El se\u00f1or Gobernador Departamental, Romel Manuel V\u00e9liz Castro, invita a la poblaci\u00f3n a proteger su [&hellip;]<\/p>\n","protected":false},"author":1,"featured_media":11344,"comment_status":"closed","ping_status":"open","sticky":false,"template":"","format":"gallery","meta":[],"categories":[5],"tags":[178],"_links":{"self":[{"href":"https:\/\/gobernacionaltaverapaz.gob.gt\/index.php?rest_route=\/wp\/v2\/posts\/11341"}],"collection":[{"href":"https:\/\/gobernacionaltaverapaz.gob.gt\/index.php?rest_route=\/wp\/v2\/posts"}],"about":[{"href":"https:\/\/gobernacionaltaverapaz.gob.gt\/index.php?rest_route=\/wp\/v2\/types\/post"}],"author":[{"embeddable":true,"href":"https:\/\/gobernacionaltaverapaz.gob.gt\/index.php?rest_route=\/wp\/v2\/users\/1"}],"replies":[{"embeddable":true,"href":"https:\/\/gobernacionaltaverapaz.gob.gt\/index.php?rest_route=%2Fwp%2Fv2%2Fcomments&post=11341"}],"version-history":[{"count":2,"href":"https:\/\/gobernacionaltaverapaz.gob.gt\/index.php?rest_route=\/wp\/v2\/posts\/11341\/revisions"}],"predecessor-version":[{"id":11349,"href":"https:\/\/gobernacionaltaverapaz.gob.gt\/index.php?rest_route=\/wp\/v2\/posts\/11341\/revisions\/11349"}],"wp:featuredmedia":[{"embeddable":true,"href":"https:\/\/gobernacionaltaverapaz.gob.gt\/index.php?rest_route=\/wp\/v2\/media\/11344"}],"wp:attachment":[{"href":"https:\/\/gobernacionaltaverapaz.gob.gt\/index.php?rest_route=%2Fwp%2Fv2%2Fmedia&parent=11341"}],"wp:term":[{"taxonomy":"category","embeddable":true,"href":"https:\/\/gobernacionaltaverapaz.gob.gt\/index.php?rest_route=%2Fwp%2Fv2%2Fcategories&post=11341"},{"taxonomy":"post_tag","embeddable":true,"href":"https:\/\/gobernacionaltaverapaz.gob.gt\/index.php?rest_route=%2Fwp%2Fv2%2Ftags&post=11341"}],"curies":[{"name":"wp","href":"https:\/\/api.w.org\/{rel}","templated":true}]}}