{"id":11360,"date":"2021-07-25T15:02:37","date_gmt":"2021-07-25T21:02:37","guid":{"rendered":"https:\/\/gobernacionaltaverapaz.gob.gt\/?p=11360"},"modified":"2021-07-29T15:13:58","modified_gmt":"2021-07-29T21:13:58","slug":"contina-plan-nacional-de-vacunacin-contra-covid19-lugares-ms-alejadas-del-departamento-de-alta-verapaz","status":"publish","type":"post","link":"https:\/\/gobernacionaltaverapaz.gob.gt\/?p=11360","title":{"rendered":"Contin\u00faa Plan Nacional de Vacunaci\u00f3n contra COVID-19 lugares m\u00e1s alejadas del departamento de Alta Verapaz"},"content":{"rendered":"<p style=\"text-align: justify;\">El Gobierno central avanza en el desarrollo del Plan Nacional de Vacunaci\u00f3n contra COVID-19 y, como parte del proceso, el d\u00eda de hoy domingo 25 de julio se estuvo administrando la Vacuna moderna contra el Covid-19 a comunitarios de la Aldea Sesoch de San Pablo Tamahu, Alta Verapaz.<\/p>\n<p style=\"text-align: justify;\">Estas acciones se realizan con el fin de acercarnos a la poblaci\u00f3n m\u00e1s alejada de los puestos de vacunaci\u00f3n quienes mayormente encuentran problemas para movilizarse, por medio de las autoridades del Ministerio de Salud P\u00fablica de Alta Verapaz, se seguir\u00e1n buscando estrategias para llevar las dosis hasta donde se encuentren. Como gobierno de Guatemala seguiremos trabajando, Gobernaci\u00f3n Departamental de Alta Verapaz y <a href=\"https:\/\/www.facebook.com\/MinisteriodeSaludPublicayAsistenciaSocial\/?__cft__%5b0%5d=AZVmyipcfQT08NRy35KxrVkjjmrqmE2o2M34Ar3Y0nUJPeT4JA35Vm-PIrJpiG1E9e6asTQc-8pTwHeSwP3a7KSOi2iA2qCNzbdKhSN8GoaJXAP4SUPG7HtP19v_seKFsps7AWz1lTQ_Qv4A5CsoVAt-&amp;__tn__=kK-R\" target=\"_blank\" rel=\"noopener\">Ministerio de Salud P\u00fablica y Asistencia Social<\/a><\/p>\n<p><a href=\"https:\/\/www.facebook.com\/hashtag\/altaverapazsigueavanzando?__eep__=6&amp;__cft__%5b0%5d=AZVmyipcfQT08NRy35KxrVkjjmrqmE2o2M34Ar3Y0nUJPeT4JA35Vm-PIrJpiG1E9e6asTQc-8pTwHeSwP3a7KSOi2iA2qCNzbdKhSN8GoaJXAP4SUPG7HtP19v_seKFsps7AWz1lTQ_Qv4A5CsoVAt-&amp;__tn__=*NK-R\" target=\"_blank\" rel=\"noopener\">#AltaVerapazsigueavanzando<br \/>\n<\/a><a href=\"https:\/\/www.facebook.com\/hashtag\/juntossaldremosadelante?__eep__=6&amp;__cft__%5b0%5d=AZVmyipcfQT08NRy35KxrVkjjmrqmE2o2M34Ar3Y0nUJPeT4JA35Vm-PIrJpiG1E9e6asTQc-8pTwHeSwP3a7KSOi2iA2qCNzbdKhSN8GoaJXAP4SUPG7HtP19v_seKFsps7AWz1lTQ_Qv4A5CsoVAt-&amp;__tn__=*NK-R\" target=\"_blank\" rel=\"noopener\">#JuntosSaldremosAdelante<br \/>\n<\/a><a href=\"https:\/\/www.facebook.com\/hashtag\/unidostransformamosguatemala?__eep__=6&amp;__cft__%5b0%5d=AZVmyipcfQT08NRy35KxrVkjjmrqmE2o2M34Ar3Y0nUJPeT4JA35Vm-PIrJpiG1E9e6asTQc-8pTwHeSwP3a7KSOi2iA2qCNzbdKhSN8GoaJXAP4SUPG7HtP19v_seKFsps7AWz1lTQ_Qv4A5CsoVAt-&amp;__tn__=*NK-R\" target=\"_blank\" rel=\"noopener\">#UnidosTransformamosGuatemala<br \/>\n<\/a><a href=\"https:\/\/www.facebook.com\/hashtag\/guatemalanosedetiene?__eep__=6&amp;__cft__%5b0%5d=AZVmyipcfQT08NRy35KxrVkjjmrqmE2o2M34Ar3Y0nUJPeT4JA35Vm-PIrJpiG1E9e6asTQc-8pTwHeSwP3a7KSOi2iA2qCNzbdKhSN8GoaJXAP4SUPG7HtP19v_seKFsps7AWz1lTQ_Qv4A5CsoVAt-&amp;__tn__=*NK-R\" target=\"_blank\" rel=\"noopener\">#GuatemalaNoSeDetiene<\/a><\/p>\n<div><\/div>\n","protected":false},"excerpt":{"rendered":"<p>El Gobierno central avanza en el desarrollo del Plan Nacional de Vacunaci\u00f3n contra COVID-19 y, como parte del proceso, el d\u00eda de hoy domingo 25 de julio se estuvo administrando la Vacuna moderna contra el Covid-19 a comunitarios de la Aldea Sesoch de San Pablo Tamahu, Alta Verapaz. Estas acciones se realizan con el fin [&hellip;]<\/p>\n","protected":false},"author":1,"featured_media":11361,"comment_status":"closed","ping_status":"open","sticky":false,"template":"","format":"gallery","meta":[],"categories":[5],"tags":[178],"_links":{"self":[{"href":"https:\/\/gobernacionaltaverapaz.gob.gt\/index.php?rest_route=\/wp\/v2\/posts\/11360"}],"collection":[{"href":"https:\/\/gobernacionaltaverapaz.gob.gt\/index.php?rest_route=\/wp\/v2\/posts"}],"about":[{"href":"https:\/\/gobernacionaltaverapaz.gob.gt\/index.php?rest_route=\/wp\/v2\/types\/post"}],"author":[{"embeddable":true,"href":"https:\/\/gobernacionaltaverapaz.gob.gt\/index.php?rest_route=\/wp\/v2\/users\/1"}],"replies":[{"embeddable":true,"href":"https:\/\/gobernacionaltaverapaz.gob.gt\/index.php?rest_route=%2Fwp%2Fv2%2Fcomments&post=11360"}],"version-history":[{"count":2,"href":"https:\/\/gobernacionaltaverapaz.gob.gt\/index.php?rest_route=\/wp\/v2\/posts\/11360\/revisions"}],"predecessor-version":[{"id":11367,"href":"https:\/\/gobernacionaltaverapaz.gob.gt\/index.php?rest_route=\/wp\/v2\/posts\/11360\/revisions\/11367"}],"wp:featuredmedia":[{"embeddable":true,"href":"https:\/\/gobernacionaltaverapaz.gob.gt\/index.php?rest_route=\/wp\/v2\/media\/11361"}],"wp:attachment":[{"href":"https:\/\/gobernacionaltaverapaz.gob.gt\/index.php?rest_route=%2Fwp%2Fv2%2Fmedia&parent=11360"}],"wp:term":[{"taxonomy":"category","embeddable":true,"href":"https:\/\/gobernacionaltaverapaz.gob.gt\/index.php?rest_route=%2Fwp%2Fv2%2Fcategories&post=11360"},{"taxonomy":"post_tag","embeddable":true,"href":"https:\/\/gobernacionaltaverapaz.gob.gt\/index.php?rest_route=%2Fwp%2Fv2%2Ftags&post=11360"}],"curies":[{"name":"wp","href":"https:\/\/api.w.org\/{rel}","templated":true}]}}