{"id":11368,"date":"2021-07-29T12:04:26","date_gmt":"2021-07-29T18:04:26","guid":{"rendered":"https:\/\/gobernacionaltaverapaz.gob.gt\/?p=11368"},"modified":"2021-07-29T15:25:37","modified_gmt":"2021-07-29T21:25:37","slug":"mejoramiento-camino-rural-aldea-purha-aldea-san-marcos-san-juan-chamelco","status":"publish","type":"post","link":"https:\/\/gobernacionaltaverapaz.gob.gt\/?p=11368","title":{"rendered":"Mejoramiento camino rural Aldea Purha a Aldea San Marcos San Juan chamelco"},"content":{"rendered":"<p style=\"text-align: justify;\">Las aldeas San Marcos y Purha son comunidades que hist\u00f3ricamente han tenido un auge en su desarrollo social, econ\u00f3mico y cultural. De las dos comunidades mencionadas desde la conformaci\u00f3n de estas, su acceso ha sido siempre de terracer\u00eda para el tr\u00e1nsito vehicular y humano para realizar las actividades econ\u00f3micas, comerciales, agr\u00edcolas, escolares y para el tr\u00e1nsito de personas con dificultades de salud, personas con capacidades especiales para mencionar los m\u00e1s importantes.<\/p>\n<p style=\"text-align: justify;\">La mayor\u00eda de los habitantes que circulan constantemente en esta vida, son personas de escasos recursos econ\u00f3micos que tienen dos medios para transitar en esta v\u00eda, a pie o en transporte colectivo, y por las condiciones en que se pone la carretera en \u00e9poca de invierno el tr\u00e1nsito vehicular y de personas se torna dificultoso, poniendo en riesgo la salud de las personas y de cierta forma la econom\u00eda familiar.<\/p>\n<p style=\"text-align: justify;\">Con estos trabajos se pretende mejorar las v\u00edas de acceso del municipio para mejorar el acceso de los servicios b\u00e1sicos de la poblaci\u00f3n como educaci\u00f3n, salud y mejorar la competitividad del municipio por el desarrollo econ\u00f3mico local que generar\u00eda el proyecto.<\/p>\n<p style=\"text-align: justify;\">El proyecto consiste en el mejoramiento del camino rural existente de la aldea Purha hacia la Aldea San Marcos del municipio de San Juan Chamelco, el cual consiste en la conformaci\u00f3n y compactaci\u00f3n de la capa base, la cual tendr\u00e1 un espesor 0.20 m, para despu\u00e9s realizar la pavimentaci\u00f3n con concreto hidr\u00e1ulico de 4000 psi sobre una longitud de 4,915 metros cuadrados, cuya secci\u00f3n t\u00edpica ser\u00e1 variable, lo cual se complementara con la construcci\u00f3n de hombros y cunetas de 0.50 m en ambos lados de la calle, el proyecto incluye la construcci\u00f3n de obras complementarias como la construcci\u00f3n de transversales, las cuales se trabajan con tuber\u00eda de 36, con el mejoramiento de esta calle se favorecer\u00e1 el flujo vehicular de 695 veh\u00edculos en promedio diario y se estar\u00e1\u0301 beneficiando directamente a 2,395 habitantes de las aldeas San Marcos y Purha.<\/p>\n<p style=\"text-align: justify;\">El proyecto dio inicio el 4 de Enero del 2021 y tiene como fecha l\u00edmite para finalizar el 31 de diciembre del mismo a\u00f1o y su costo total es de Q. 9, 628, 875.00.<\/p>\n<p><a href=\"https:\/\/www.facebook.com\/hashtag\/unidostransformamosguatemala?__eep__=6&amp;__cft__%5b0%5d=AZWXCfQ62gy8ZwGygRWte6oIeOiLmZKazd-NuPYUyjF--MZ0SqcfTxQ3_hJ_NI6jTohlwvYC-O6t58X7ZfE2dtEs1ZA7oekb8Eu9Zpbzsq32qco-IzGiAlzB2oCrH_e7Ne51g0vMvgR7EpkSBfsCU47b&amp;__tn__=*NK-R\" target=\"_blank\" rel=\"noopener\">#UnidosTransformamosGuatemala<br \/>\n<\/a><a href=\"https:\/\/www.facebook.com\/hashtag\/scepesdesarrollo?__eep__=6&amp;__cft__%5b0%5d=AZWXCfQ62gy8ZwGygRWte6oIeOiLmZKazd-NuPYUyjF--MZ0SqcfTxQ3_hJ_NI6jTohlwvYC-O6t58X7ZfE2dtEs1ZA7oekb8Eu9Zpbzsq32qco-IzGiAlzB2oCrH_e7Ne51g0vMvgR7EpkSBfsCU47b&amp;__tn__=*NK-R\" target=\"_blank\" rel=\"noopener\">#SCEPesDesarrollo<br \/>\n<\/a><a href=\"https:\/\/www.facebook.com\/hashtag\/altaverapazsigueavanzando?__eep__=6&amp;__cft__%5b0%5d=AZWXCfQ62gy8ZwGygRWte6oIeOiLmZKazd-NuPYUyjF--MZ0SqcfTxQ3_hJ_NI6jTohlwvYC-O6t58X7ZfE2dtEs1ZA7oekb8Eu9Zpbzsq32qco-IzGiAlzB2oCrH_e7Ne51g0vMvgR7EpkSBfsCU47b&amp;__tn__=*NK-R\" target=\"_blank\" rel=\"noopener\">#altaverapazsigueavanzando<br \/>\n<\/a><a href=\"https:\/\/www.facebook.com\/hashtag\/guatemalanosedetiene?__eep__=6&amp;__cft__%5b0%5d=AZWXCfQ62gy8ZwGygRWte6oIeOiLmZKazd-NuPYUyjF--MZ0SqcfTxQ3_hJ_NI6jTohlwvYC-O6t58X7ZfE2dtEs1ZA7oekb8Eu9Zpbzsq32qco-IzGiAlzB2oCrH_e7Ne51g0vMvgR7EpkSBfsCU47b&amp;__tn__=*NK-R\" target=\"_blank\" rel=\"noopener\">#GuatemalaNoSeDetiene<br \/>\n<\/a><a href=\"https:\/\/www.facebook.com\/hashtag\/juntossaldremosadelante?__eep__=6&amp;__cft__%5b0%5d=AZWXCfQ62gy8ZwGygRWte6oIeOiLmZKazd-NuPYUyjF--MZ0SqcfTxQ3_hJ_NI6jTohlwvYC-O6t58X7ZfE2dtEs1ZA7oekb8Eu9Zpbzsq32qco-IzGiAlzB2oCrH_e7Ne51g0vMvgR7EpkSBfsCU47b&amp;__tn__=*NK-R\" target=\"_blank\" rel=\"noopener\">#JuntosSaldremosAdelante<\/a><\/p>\n<p><img decoding=\"async\" loading=\"lazy\" class=\"alignnone wp-image-11369 size-full\" src=\"https:\/\/gobernacionaltaverapaz.gob.gt\/wp-content\/uploads\/2021\/07\/001-21.jpg\" alt=\"\" width=\"900\" height=\"674\" srcset=\"https:\/\/gobernacionaltaverapaz.gob.gt\/wp-content\/uploads\/2021\/07\/001-21.jpg 900w, https:\/\/gobernacionaltaverapaz.gob.gt\/wp-content\/uploads\/2021\/07\/001-21-300x225.jpg 300w, https:\/\/gobernacionaltaverapaz.gob.gt\/wp-content\/uploads\/2021\/07\/001-21-768x575.jpg 768w\" sizes=\"(max-width: 900px) 100vw, 900px\" \/> <img decoding=\"async\" loading=\"lazy\" class=\"alignnone wp-image-11370 size-full\" src=\"https:\/\/gobernacionaltaverapaz.gob.gt\/wp-content\/uploads\/2021\/07\/002-19.jpg\" alt=\"\" width=\"900\" height=\"674\" srcset=\"https:\/\/gobernacionaltaverapaz.gob.gt\/wp-content\/uploads\/2021\/07\/002-19.jpg 900w, https:\/\/gobernacionaltaverapaz.gob.gt\/wp-content\/uploads\/2021\/07\/002-19-300x225.jpg 300w, https:\/\/gobernacionaltaverapaz.gob.gt\/wp-content\/uploads\/2021\/07\/002-19-768x575.jpg 768w\" sizes=\"(max-width: 900px) 100vw, 900px\" \/> <img decoding=\"async\" loading=\"lazy\" class=\"alignnone wp-image-11371 size-full\" src=\"https:\/\/gobernacionaltaverapaz.gob.gt\/wp-content\/uploads\/2021\/07\/003-18.jpg\" alt=\"\" width=\"900\" height=\"776\" srcset=\"https:\/\/gobernacionaltaverapaz.gob.gt\/wp-content\/uploads\/2021\/07\/003-18.jpg 900w, https:\/\/gobernacionaltaverapaz.gob.gt\/wp-content\/uploads\/2021\/07\/003-18-300x259.jpg 300w, https:\/\/gobernacionaltaverapaz.gob.gt\/wp-content\/uploads\/2021\/07\/003-18-768x662.jpg 768w\" sizes=\"(max-width: 900px) 100vw, 900px\" \/><\/p>\n<p>&nbsp;<\/p>\n","protected":false},"excerpt":{"rendered":"<p>Las aldeas San Marcos y Purha son comunidades que hist\u00f3ricamente han tenido un auge en su desarrollo social, econ\u00f3mico y cultural. De las dos comunidades mencionadas desde la conformaci\u00f3n de estas, su acceso ha sido siempre de terracer\u00eda para el tr\u00e1nsito vehicular y humano para realizar las actividades econ\u00f3micas, comerciales, agr\u00edcolas, escolares y para el [&hellip;]<\/p>\n","protected":false},"author":1,"featured_media":11372,"comment_status":"closed","ping_status":"open","sticky":false,"template":"","format":"standard","meta":[],"categories":[4],"tags":[178],"_links":{"self":[{"href":"https:\/\/gobernacionaltaverapaz.gob.gt\/index.php?rest_route=\/wp\/v2\/posts\/11368"}],"collection":[{"href":"https:\/\/gobernacionaltaverapaz.gob.gt\/index.php?rest_route=\/wp\/v2\/posts"}],"about":[{"href":"https:\/\/gobernacionaltaverapaz.gob.gt\/index.php?rest_route=\/wp\/v2\/types\/post"}],"author":[{"embeddable":true,"href":"https:\/\/gobernacionaltaverapaz.gob.gt\/index.php?rest_route=\/wp\/v2\/users\/1"}],"replies":[{"embeddable":true,"href":"https:\/\/gobernacionaltaverapaz.gob.gt\/index.php?rest_route=%2Fwp%2Fv2%2Fcomments&post=11368"}],"version-history":[{"count":1,"href":"https:\/\/gobernacionaltaverapaz.gob.gt\/index.php?rest_route=\/wp\/v2\/posts\/11368\/revisions"}],"predecessor-version":[{"id":11373,"href":"https:\/\/gobernacionaltaverapaz.gob.gt\/index.php?rest_route=\/wp\/v2\/posts\/11368\/revisions\/11373"}],"wp:featuredmedia":[{"embeddable":true,"href":"https:\/\/gobernacionaltaverapaz.gob.gt\/index.php?rest_route=\/wp\/v2\/media\/11372"}],"wp:attachment":[{"href":"https:\/\/gobernacionaltaverapaz.gob.gt\/index.php?rest_route=%2Fwp%2Fv2%2Fmedia&parent=11368"}],"wp:term":[{"taxonomy":"category","embeddable":true,"href":"https:\/\/gobernacionaltaverapaz.gob.gt\/index.php?rest_route=%2Fwp%2Fv2%2Fcategories&post=11368"},{"taxonomy":"post_tag","embeddable":true,"href":"https:\/\/gobernacionaltaverapaz.gob.gt\/index.php?rest_route=%2Fwp%2Fv2%2Ftags&post=11368"}],"curies":[{"name":"wp","href":"https:\/\/api.w.org\/{rel}","templated":true}]}}