{"id":11383,"date":"2021-08-06T13:51:21","date_gmt":"2021-08-06T19:51:21","guid":{"rendered":"https:\/\/gobernacionaltaverapaz.gob.gt\/?p=11383"},"modified":"2021-08-12T12:04:40","modified_gmt":"2021-08-12T18:04:40","slug":"la-upcv-entrega-polticas-pblicas-municipales-de-prevencin-de-la-violencia-en-alta-verapaz","status":"publish","type":"post","link":"https:\/\/gobernacionaltaverapaz.gob.gt\/?p=11383","title":{"rendered":"La UPCV entrega Pol\u00edticas P\u00fablicas Municipales de Prevenci\u00f3n de la Violencia en Alta Verapaz"},"content":{"rendered":"<p style=\"text-align: justify;\">En el marco del Bicentenario, la Unidad para la Prevenci\u00f3n Comunitaria de la Violencia, realiz\u00f3 la entrega de la Pol\u00edtica P\u00fablica Municipal de Prevenci\u00f3n de la Violencia a los alcaldes de, San Juan Chamelco, Santa Cruz Verapaz, Chahal, Tactic, Senah\u00fa, La Tinta, Tamah\u00fa, Lanqu\u00edn, San Pedro Carcha, Fray Bartolom\u00e9 de las Casas, Chisec y Raxruh\u00e1, todos estos de Alta Verapaz, as\u00ed mismo se realiz\u00f3 la entrega de 4 pol\u00edticas p\u00fablicas para Baja Verapaz.<\/p>\n<p style=\"text-align: justify;\">Cada pol\u00edtica contiene las principales causas y factores de violencia que hay en sus respectivos municipios, as\u00ed como propuestas y l\u00edneas de acci\u00f3n, con el objetivo de atender el fen\u00f3meno de la violencia y principalmente dar una respuesta integral a las comunidades.<\/p>\n<p style=\"text-align: justify;\">El Se\u00f1or Gobernador Departamental, Romel Manuel Veliz Castro, resalt\u00f3 la importancia de prevenir a violencia en todos los \u00e1mbitos, es por ello que se trabaja de la mano con los se\u00f1ores alcaldes quienes son los l\u00edderes de sus municipios.<\/p>\n<p style=\"text-align: justify;\">Por su parte, el Jefe del departamento de Organizaci\u00f3n Comunitaria para la Prevenci\u00f3n, MSc. Luis Pedro Figueroa, manifest\u00f3 que dichas pol\u00edticas son un instrumento para implementar acciones y prevenir la violencia en cada municipio, resalto que; Gracias a la coordinaci\u00f3n del Coordinador General de la UPCV, MSc. Ronald Portillo, quien est\u00e1 pendiente de las acciones para prevenir la violencia y agradece a los alcaldes de Alta y Baja Verapaz por la apertura para dar este paso y decir \u00a1no m\u00e1s violencia!.<\/p>\n<p><a href=\"https:\/\/www.facebook.com\/hashtag\/unidostransformamosguatemala?__eep__=6&amp;__cft__%5b0%5d=AZVbBqpovFwv7iOirzuJM3WuO21i6CQlfgoNPboUs_yLFxbxmnj4yRNtzpEQNDizIu3rnXbjRQS9Hiu6hx71sW55q11zVE1fye5xe5QwfQOq6FBux1v7L9IHO8y869vmOUQfPsxBTIySOMfCSVZ2x9PS&amp;__tn__=*NK-R\" target=\"_blank\" rel=\"noopener\">#UnidosTransformamosGuatemala<br \/>\n<\/a><a href=\"https:\/\/www.facebook.com\/hashtag\/upcv?__eep__=6&amp;__cft__%5b0%5d=AZVbBqpovFwv7iOirzuJM3WuO21i6CQlfgoNPboUs_yLFxbxmnj4yRNtzpEQNDizIu3rnXbjRQS9Hiu6hx71sW55q11zVE1fye5xe5QwfQOq6FBux1v7L9IHO8y869vmOUQfPsxBTIySOMfCSVZ2x9PS&amp;__tn__=*NK-R\" target=\"_blank\" rel=\"noopener\">#UPCV<br \/>\n<\/a><a href=\"https:\/\/www.facebook.com\/hashtag\/guatemalanosedetiene?__eep__=6&amp;__cft__%5b0%5d=AZVbBqpovFwv7iOirzuJM3WuO21i6CQlfgoNPboUs_yLFxbxmnj4yRNtzpEQNDizIu3rnXbjRQS9Hiu6hx71sW55q11zVE1fye5xe5QwfQOq6FBux1v7L9IHO8y869vmOUQfPsxBTIySOMfCSVZ2x9PS&amp;__tn__=*NK-R\" target=\"_blank\" rel=\"noopener\">#GuatemalaNoSeDetiene<br \/>\n<\/a><a href=\"https:\/\/www.facebook.com\/hashtag\/juntossaldremosadelante?__eep__=6&amp;__cft__%5b0%5d=AZVbBqpovFwv7iOirzuJM3WuO21i6CQlfgoNPboUs_yLFxbxmnj4yRNtzpEQNDizIu3rnXbjRQS9Hiu6hx71sW55q11zVE1fye5xe5QwfQOq6FBux1v7L9IHO8y869vmOUQfPsxBTIySOMfCSVZ2x9PS&amp;__tn__=*NK-R\" target=\"_blank\" rel=\"noopener\">#JuntosSaldremosAdelante<br \/>\n<\/a><a href=\"https:\/\/www.facebook.com\/hashtag\/altaverapazsigueavanzando?__eep__=6&amp;__cft__%5b0%5d=AZVbBqpovFwv7iOirzuJM3WuO21i6CQlfgoNPboUs_yLFxbxmnj4yRNtzpEQNDizIu3rnXbjRQS9Hiu6hx71sW55q11zVE1fye5xe5QwfQOq6FBux1v7L9IHO8y869vmOUQfPsxBTIySOMfCSVZ2x9PS&amp;__tn__=*NK-R\" target=\"_blank\" rel=\"noopener\">#altaverapazsigueavanzando<\/a><\/p>\n<div><\/div>\n<p>&nbsp;<\/p>\n","protected":false},"excerpt":{"rendered":"<p>En el marco del Bicentenario, la Unidad para la Prevenci\u00f3n Comunitaria de la Violencia, realiz\u00f3 la entrega de la Pol\u00edtica P\u00fablica Municipal de Prevenci\u00f3n de la Violencia a los alcaldes de, San Juan Chamelco, Santa Cruz Verapaz, Chahal, Tactic, Senah\u00fa, La Tinta, Tamah\u00fa, Lanqu\u00edn, San Pedro Carcha, Fray Bartolom\u00e9 de las Casas, Chisec y Raxruh\u00e1, [&hellip;]<\/p>\n","protected":false},"author":1,"featured_media":11397,"comment_status":"closed","ping_status":"open","sticky":false,"template":"","format":"gallery","meta":[],"categories":[183,197],"tags":[178],"_links":{"self":[{"href":"https:\/\/gobernacionaltaverapaz.gob.gt\/index.php?rest_route=\/wp\/v2\/posts\/11383"}],"collection":[{"href":"https:\/\/gobernacionaltaverapaz.gob.gt\/index.php?rest_route=\/wp\/v2\/posts"}],"about":[{"href":"https:\/\/gobernacionaltaverapaz.gob.gt\/index.php?rest_route=\/wp\/v2\/types\/post"}],"author":[{"embeddable":true,"href":"https:\/\/gobernacionaltaverapaz.gob.gt\/index.php?rest_route=\/wp\/v2\/users\/1"}],"replies":[{"embeddable":true,"href":"https:\/\/gobernacionaltaverapaz.gob.gt\/index.php?rest_route=%2Fwp%2Fv2%2Fcomments&post=11383"}],"version-history":[{"count":2,"href":"https:\/\/gobernacionaltaverapaz.gob.gt\/index.php?rest_route=\/wp\/v2\/posts\/11383\/revisions"}],"predecessor-version":[{"id":11399,"href":"https:\/\/gobernacionaltaverapaz.gob.gt\/index.php?rest_route=\/wp\/v2\/posts\/11383\/revisions\/11399"}],"wp:featuredmedia":[{"embeddable":true,"href":"https:\/\/gobernacionaltaverapaz.gob.gt\/index.php?rest_route=\/wp\/v2\/media\/11397"}],"wp:attachment":[{"href":"https:\/\/gobernacionaltaverapaz.gob.gt\/index.php?rest_route=%2Fwp%2Fv2%2Fmedia&parent=11383"}],"wp:term":[{"taxonomy":"category","embeddable":true,"href":"https:\/\/gobernacionaltaverapaz.gob.gt\/index.php?rest_route=%2Fwp%2Fv2%2Fcategories&post=11383"},{"taxonomy":"post_tag","embeddable":true,"href":"https:\/\/gobernacionaltaverapaz.gob.gt\/index.php?rest_route=%2Fwp%2Fv2%2Ftags&post=11383"}],"curies":[{"name":"wp","href":"https:\/\/api.w.org\/{rel}","templated":true}]}}