{"id":11400,"date":"2021-08-09T18:28:23","date_gmt":"2021-08-10T00:28:23","guid":{"rendered":"https:\/\/gobernacionaltaverapaz.gob.gt\/?p=11400"},"modified":"2021-08-12T12:22:30","modified_gmt":"2021-08-12T18:22:30","slug":"mejoramiento-camino-rural-colonia-san-jos-la-colonia-casero-sacanilla-cobn-av","status":"publish","type":"post","link":"https:\/\/gobernacionaltaverapaz.gob.gt\/?p=11400","title":{"rendered":"Mejoramiento de camino colonia San Jos\u00e9 la Colonia a Caser\u00edo Sacanilla, Cob\u00e1n, A.V."},"content":{"rendered":"<p style=\"text-align: justify;\">Convenio de cofinanciamiento para pavimentaci\u00f3n de la ruta entre la Colonia San Jos\u00e9 la Colonia a Caser\u00edo Sacanilla se firm\u00f3 a principios de Junio del 2020 proyecto multianual.<\/p>\n<p style=\"text-align: justify;\">Los trabajos se iniciaron luego de que la obra fue adjudicada. Esto ocurri\u00f3 poco m\u00e1s de dos meses despu\u00e9s de que se firm\u00f3 el convenio de cofinanciamiento entre el consejo departamental de desarrollo (Codede) y la municipalidad.<\/p>\n<p style=\"text-align: justify;\">Se invertir\u00e1n 6.5 millones de quetzales en la pavimentaci\u00f3n de la ruta entre ambos Colonia y Caser\u00edo. De acuerdo con lo planificado, el proyecto lleva una ejecuci\u00f3n del 90%.<\/p>\n<p style=\"text-align: justify;\">El gobernador Romel V\u00e9liz y el alcalde Leonel Chac\u00f3n suscribieron el acuerdo a principios de Junio del a\u00f1o 2020 y realizan constante inspecci\u00f3n de los avances.<\/p>\n<p style=\"text-align: justify;\">La ficha t\u00e9cnica indica que los trabajos del proyecto mejoramiento camino rural (pavimentaci\u00f3n) Colonia San Jos\u00e9\u0301 la Colonia a Caser\u00edo Sacanilla, consiste en colocar un pavimento hidr\u00e1ulico con un espesor de 0.15 m, beneficiando directamente a 4,700 habitantes, entre ellos hombres mujeres y ni\u00f1os.<\/p>\n<p><a href=\"https:\/\/www.facebook.com\/hashtag\/altaverapazsigueavanzando?__eep__=6&amp;__cft__%5b0%5d=AZUsRc1tl3mCWIADDOC1WVHIRvpDPA0wEAw2ZMkh46iUbtGhsmgKSB9ry8Dp3KIl_a4oEEYbat8gXQPj0j3Mk7LBYvZnW90mhoWY2vdvQb7tExG8oqX-VGoPOf26psmXw8zoS2ljQhI3t3M4uMIBi1LF&amp;__tn__=*NK-R\" target=\"_blank\" rel=\"noopener\">#altaverapazsigueavanzando<br \/>\n<\/a><a href=\"https:\/\/www.facebook.com\/hashtag\/guatemalanosedetiene?__eep__=6&amp;__cft__%5b0%5d=AZUsRc1tl3mCWIADDOC1WVHIRvpDPA0wEAw2ZMkh46iUbtGhsmgKSB9ry8Dp3KIl_a4oEEYbat8gXQPj0j3Mk7LBYvZnW90mhoWY2vdvQb7tExG8oqX-VGoPOf26psmXw8zoS2ljQhI3t3M4uMIBi1LF&amp;__tn__=*NK-R\" target=\"_blank\" rel=\"noopener\">#GuatemalaNoSeDetiene<br \/>\n<\/a><a href=\"https:\/\/www.facebook.com\/hashtag\/juntossaldremosadelante?__eep__=6&amp;__cft__%5b0%5d=AZUsRc1tl3mCWIADDOC1WVHIRvpDPA0wEAw2ZMkh46iUbtGhsmgKSB9ry8Dp3KIl_a4oEEYbat8gXQPj0j3Mk7LBYvZnW90mhoWY2vdvQb7tExG8oqX-VGoPOf26psmXw8zoS2ljQhI3t3M4uMIBi1LF&amp;__tn__=*NK-R\" target=\"_blank\" rel=\"noopener\">#JuntosSaldremosAdelante<br \/>\n<\/a><a href=\"https:\/\/www.facebook.com\/hashtag\/scepesdesarrollo?__eep__=6&amp;__cft__%5b0%5d=AZUsRc1tl3mCWIADDOC1WVHIRvpDPA0wEAw2ZMkh46iUbtGhsmgKSB9ry8Dp3KIl_a4oEEYbat8gXQPj0j3Mk7LBYvZnW90mhoWY2vdvQb7tExG8oqX-VGoPOf26psmXw8zoS2ljQhI3t3M4uMIBi1LF&amp;__tn__=*NK-R\" target=\"_blank\" rel=\"noopener\">#SCEPesDesarrollo<\/a><\/p>\n<div><\/div>\n<p>&nbsp;<\/p>\n","protected":false},"excerpt":{"rendered":"<p>Convenio de cofinanciamiento para pavimentaci\u00f3n de la ruta entre la Colonia San Jos\u00e9 la Colonia a Caser\u00edo Sacanilla se firm\u00f3 a principios de Junio del 2020 proyecto multianual. Los trabajos se iniciaron luego de que la obra fue adjudicada. Esto ocurri\u00f3 poco m\u00e1s de dos meses despu\u00e9s de que se firm\u00f3 el convenio de cofinanciamiento [&hellip;]<\/p>\n","protected":false},"author":1,"featured_media":11404,"comment_status":"closed","ping_status":"open","sticky":false,"template":"","format":"gallery","meta":[],"categories":[4],"tags":[178],"_links":{"self":[{"href":"https:\/\/gobernacionaltaverapaz.gob.gt\/index.php?rest_route=\/wp\/v2\/posts\/11400"}],"collection":[{"href":"https:\/\/gobernacionaltaverapaz.gob.gt\/index.php?rest_route=\/wp\/v2\/posts"}],"about":[{"href":"https:\/\/gobernacionaltaverapaz.gob.gt\/index.php?rest_route=\/wp\/v2\/types\/post"}],"author":[{"embeddable":true,"href":"https:\/\/gobernacionaltaverapaz.gob.gt\/index.php?rest_route=\/wp\/v2\/users\/1"}],"replies":[{"embeddable":true,"href":"https:\/\/gobernacionaltaverapaz.gob.gt\/index.php?rest_route=%2Fwp%2Fv2%2Fcomments&post=11400"}],"version-history":[{"count":3,"href":"https:\/\/gobernacionaltaverapaz.gob.gt\/index.php?rest_route=\/wp\/v2\/posts\/11400\/revisions"}],"predecessor-version":[{"id":11411,"href":"https:\/\/gobernacionaltaverapaz.gob.gt\/index.php?rest_route=\/wp\/v2\/posts\/11400\/revisions\/11411"}],"wp:featuredmedia":[{"embeddable":true,"href":"https:\/\/gobernacionaltaverapaz.gob.gt\/index.php?rest_route=\/wp\/v2\/media\/11404"}],"wp:attachment":[{"href":"https:\/\/gobernacionaltaverapaz.gob.gt\/index.php?rest_route=%2Fwp%2Fv2%2Fmedia&parent=11400"}],"wp:term":[{"taxonomy":"category","embeddable":true,"href":"https:\/\/gobernacionaltaverapaz.gob.gt\/index.php?rest_route=%2Fwp%2Fv2%2Fcategories&post=11400"},{"taxonomy":"post_tag","embeddable":true,"href":"https:\/\/gobernacionaltaverapaz.gob.gt\/index.php?rest_route=%2Fwp%2Fv2%2Ftags&post=11400"}],"curies":[{"name":"wp","href":"https:\/\/api.w.org\/{rel}","templated":true}]}}