{"id":11412,"date":"2021-08-10T20:54:41","date_gmt":"2021-08-11T02:54:41","guid":{"rendered":"https:\/\/gobernacionaltaverapaz.gob.gt\/?p=11412"},"modified":"2021-08-12T12:32:48","modified_gmt":"2021-08-12T18:32:48","slug":"entrega-de-ayuda-humanitaria-hospitales-de-alta-verapaz","status":"publish","type":"post","link":"https:\/\/gobernacionaltaverapaz.gob.gt\/?p=11412","title":{"rendered":"Entrega de ayuda humanitaria a hospitales de Alta Verapaz"},"content":{"rendered":"<p style=\"text-align: justify;\">Gracias a las gestiones del <a href=\"https:\/\/www.facebook.com\/guatemalagob\/?__cft__%5b0%5d=AZV2CTO0JfT-erS80y0ol_7VWqr4lbthAZqkoVLPM5MEyjHPj6a_Ka2C5dryDsxPDzJcvzTVNhO8_UDFWNf0Tklk1_7O1cJwwKJD1_OrUol0BCX4l-keibXHHmLqywL-CdeNjehMawM3qkt-G7tgdLhB&amp;__tn__=kK-R\" target=\"_blank\" rel=\"noopener\">Gobierno de Guatemala<\/a> hacia <a href=\"https:\/\/www.facebook.com\/FuerzaMigranteOficial\/?__cft__%5b0%5d=AZV2CTO0JfT-erS80y0ol_7VWqr4lbthAZqkoVLPM5MEyjHPj6a_Ka2C5dryDsxPDzJcvzTVNhO8_UDFWNf0Tklk1_7O1cJwwKJD1_OrUol0BCX4l-keibXHHmLqywL-CdeNjehMawM3qkt-G7tgdLhB&amp;__tn__=kK-R\" target=\"_blank\" rel=\"noopener\">Fuerza Migrante<\/a> y su programa Coraz\u00f3n Latino a trav\u00e9s de la Conred se logra realizar las gestiones necesarias para seguir apoyando a las personas m\u00e1s vulnerables de nuestro departamento, es por ello que el d\u00eda de hoy se recepcion\u00f3 la cantidad de; 04 pallet de alimentos valorado en Q134,294.52, 03 pallet de mascarillas valorado en Q100,720.89, 01 un pallet de pa\u00f1al ni\u00f1o-adulto valorado en Q33,573.64, 01 pallet de art\u00edculos de uso personal valorado en Q33,573.63, 01 pallet de miscel\u00e1neos varios entre ellos muletas de uso hospitalario, todo esto valorado en Q33,573.63.<\/p>\n<p style=\"text-align: justify;\">A trav\u00e9s del Centro de Operaciones de Emergencia Departamental \u2013COED-, el d\u00eda de hoy la ayuda humanitaria, fue entregada inmediata y directamente a los hospitales de La Tinta, Fray Bartolom\u00e9 de las Casas y Hospital Regional de Cob\u00e1n Alta Verapaz.<\/p>\n<p><a href=\"https:\/\/www.facebook.com\/hashtag\/fuerzamigrante?__eep__=6&amp;__cft__%5b0%5d=AZV2CTO0JfT-erS80y0ol_7VWqr4lbthAZqkoVLPM5MEyjHPj6a_Ka2C5dryDsxPDzJcvzTVNhO8_UDFWNf0Tklk1_7O1cJwwKJD1_OrUol0BCX4l-keibXHHmLqywL-CdeNjehMawM3qkt-G7tgdLhB&amp;__tn__=*NK-R\" target=\"_blank\" rel=\"noopener\">#FuerzaMigrante<br \/>\n<\/a><a href=\"https:\/\/www.facebook.com\/hashtag\/altaverapazsigueavanzando?__eep__=6&amp;__cft__%5b0%5d=AZV2CTO0JfT-erS80y0ol_7VWqr4lbthAZqkoVLPM5MEyjHPj6a_Ka2C5dryDsxPDzJcvzTVNhO8_UDFWNf0Tklk1_7O1cJwwKJD1_OrUol0BCX4l-keibXHHmLqywL-CdeNjehMawM3qkt-G7tgdLhB&amp;__tn__=*NK-R\" target=\"_blank\" rel=\"noopener\">#altaverapazsigueavanzando<br \/>\n<\/a><a href=\"https:\/\/www.facebook.com\/hashtag\/guatemalanosedetiene?__eep__=6&amp;__cft__%5b0%5d=AZV2CTO0JfT-erS80y0ol_7VWqr4lbthAZqkoVLPM5MEyjHPj6a_Ka2C5dryDsxPDzJcvzTVNhO8_UDFWNf0Tklk1_7O1cJwwKJD1_OrUol0BCX4l-keibXHHmLqywL-CdeNjehMawM3qkt-G7tgdLhB&amp;__tn__=*NK-R\" target=\"_blank\" rel=\"noopener\">#GuatemalaNoSeDetiene<br \/>\n<\/a><a href=\"https:\/\/www.facebook.com\/hashtag\/unidostransformamosguatemala?__eep__=6&amp;__cft__%5b0%5d=AZV2CTO0JfT-erS80y0ol_7VWqr4lbthAZqkoVLPM5MEyjHPj6a_Ka2C5dryDsxPDzJcvzTVNhO8_UDFWNf0Tklk1_7O1cJwwKJD1_OrUol0BCX4l-keibXHHmLqywL-CdeNjehMawM3qkt-G7tgdLhB&amp;__tn__=*NK-R\" target=\"_blank\" rel=\"noopener\">#UnidosTransformamosGuatemala<\/a><\/p>\n<div><\/div>\n","protected":false},"excerpt":{"rendered":"<p>Gracias a las gestiones del Gobierno de Guatemala hacia Fuerza Migrante y su programa Coraz\u00f3n Latino a trav\u00e9s de la Conred se logra realizar las gestiones necesarias para seguir apoyando a las personas m\u00e1s vulnerables de nuestro departamento, es por ello que el d\u00eda de hoy se recepcion\u00f3 la cantidad de; 04 pallet de alimentos [&hellip;]<\/p>\n","protected":false},"author":1,"featured_media":11420,"comment_status":"closed","ping_status":"open","sticky":false,"template":"","format":"gallery","meta":[],"categories":[5],"tags":[178],"_links":{"self":[{"href":"https:\/\/gobernacionaltaverapaz.gob.gt\/index.php?rest_route=\/wp\/v2\/posts\/11412"}],"collection":[{"href":"https:\/\/gobernacionaltaverapaz.gob.gt\/index.php?rest_route=\/wp\/v2\/posts"}],"about":[{"href":"https:\/\/gobernacionaltaverapaz.gob.gt\/index.php?rest_route=\/wp\/v2\/types\/post"}],"author":[{"embeddable":true,"href":"https:\/\/gobernacionaltaverapaz.gob.gt\/index.php?rest_route=\/wp\/v2\/users\/1"}],"replies":[{"embeddable":true,"href":"https:\/\/gobernacionaltaverapaz.gob.gt\/index.php?rest_route=%2Fwp%2Fv2%2Fcomments&post=11412"}],"version-history":[{"count":2,"href":"https:\/\/gobernacionaltaverapaz.gob.gt\/index.php?rest_route=\/wp\/v2\/posts\/11412\/revisions"}],"predecessor-version":[{"id":11422,"href":"https:\/\/gobernacionaltaverapaz.gob.gt\/index.php?rest_route=\/wp\/v2\/posts\/11412\/revisions\/11422"}],"wp:featuredmedia":[{"embeddable":true,"href":"https:\/\/gobernacionaltaverapaz.gob.gt\/index.php?rest_route=\/wp\/v2\/media\/11420"}],"wp:attachment":[{"href":"https:\/\/gobernacionaltaverapaz.gob.gt\/index.php?rest_route=%2Fwp%2Fv2%2Fmedia&parent=11412"}],"wp:term":[{"taxonomy":"category","embeddable":true,"href":"https:\/\/gobernacionaltaverapaz.gob.gt\/index.php?rest_route=%2Fwp%2Fv2%2Fcategories&post=11412"},{"taxonomy":"post_tag","embeddable":true,"href":"https:\/\/gobernacionaltaverapaz.gob.gt\/index.php?rest_route=%2Fwp%2Fv2%2Ftags&post=11412"}],"curies":[{"name":"wp","href":"https:\/\/api.w.org\/{rel}","templated":true}]}}