{"id":11429,"date":"2021-08-12T15:44:50","date_gmt":"2021-08-12T21:44:50","guid":{"rendered":"https:\/\/gobernacionaltaverapaz.gob.gt\/?p=11429"},"modified":"2021-08-20T10:06:30","modified_gmt":"2021-08-20T16:06:30","slug":"encuentro-virtual-con-gobernador-departamental-alcaldes-municipales-de-alta-verapaz-ministros-los-secretarios-de-estado","status":"publish","type":"post","link":"https:\/\/gobernacionaltaverapaz.gob.gt\/?p=11429","title":{"rendered":"Encuentro virtual con gobernador departamental, alcaldes municipales de Alta Verapaz, ministros y los secretarios de Estado"},"content":{"rendered":"<p style=\"text-align: justify;\">La <a href=\"https:\/\/www.facebook.com\/secretariaejecutiva.scep\/?__cft__%5b0%5d=AZXg4_L5Gm_vC6DD2GsB-6RoFr4djWdgHcjKmNpLqOOymfE358PJlA0qjDODWbUShv9XXzFBS38pg9U7eCxjbH3-kw61tn3csqeZERIGs93Wz1uMPe08UKQIzvd-5JIoJYt1bSFzeo3zpkJes0RLSeYQ&amp;__tn__=kK-R\" target=\"_blank\" rel=\"noopener\">Secretar\u00eda Ejecutiva SCEP<\/a> realiz\u00f3 este jueves 12 la reuni\u00f3n virtual con el se\u00f1or gobernador y alcaldes de Alta Verapaz con el fin de dar seguimiento a los compromisos y solicitudes hechos por los jefes ediles durante las giras presidenciales realizadas entre enero y marzo.<\/p>\n<p style=\"text-align: justify;\">En esta gira virtual desde Casa Presidencial participaron los ministros y los secretarios de Estado, el objetivo de la reuni\u00f3n es dar continuidad y acompa\u00f1amiento t\u00e9cnico a los gobiernos locales para la planificaci\u00f3n y ejecuci\u00f3n de las obras.<\/p>\n<p style=\"text-align: justify;\">Los temas abordados durante la reuni\u00f3n fueron:<\/p>\n<ul style=\"text-align: justify;\">\n<li>Competitividad<\/li>\n<li>Infraestructura<\/li>\n<li>Ambiente<\/li>\n<li>Agricultura<\/li>\n<li>Salud<\/li>\n<li>Educaci\u00f3n<\/li>\n<\/ul>\n<p style=\"text-align: justify;\">Los se\u00f1ores alcaldes agradecieron al Gobierno Central por su intervenci\u00f3n en los municipios que representan, de la misma manera resaltaron que gracias a estos encuentros se logra solucionar de una manera oportuna las necesidades que aquejan cada una de ellas.<\/p>\n<p><a href=\"https:\/\/www.facebook.com\/hashtag\/girasvirtuales?__eep__=6&amp;__cft__%5b0%5d=AZXg4_L5Gm_vC6DD2GsB-6RoFr4djWdgHcjKmNpLqOOymfE358PJlA0qjDODWbUShv9XXzFBS38pg9U7eCxjbH3-kw61tn3csqeZERIGs93Wz1uMPe08UKQIzvd-5JIoJYt1bSFzeo3zpkJes0RLSeYQ&amp;__tn__=*NK-R\" target=\"_blank\" rel=\"noopener\">#GirasVirtuales<br \/>\n<\/a><a href=\"https:\/\/www.facebook.com\/hashtag\/unidostransformamosguatemala?__eep__=6&amp;__cft__%5b0%5d=AZXg4_L5Gm_vC6DD2GsB-6RoFr4djWdgHcjKmNpLqOOymfE358PJlA0qjDODWbUShv9XXzFBS38pg9U7eCxjbH3-kw61tn3csqeZERIGs93Wz1uMPe08UKQIzvd-5JIoJYt1bSFzeo3zpkJes0RLSeYQ&amp;__tn__=*NK-R\" target=\"_blank\" rel=\"noopener\">#UnidosTransformamosGuatemala<br \/>\n<\/a><a href=\"https:\/\/www.facebook.com\/hashtag\/guatemalanosedetiene?__eep__=6&amp;__cft__%5b0%5d=AZXg4_L5Gm_vC6DD2GsB-6RoFr4djWdgHcjKmNpLqOOymfE358PJlA0qjDODWbUShv9XXzFBS38pg9U7eCxjbH3-kw61tn3csqeZERIGs93Wz1uMPe08UKQIzvd-5JIoJYt1bSFzeo3zpkJes0RLSeYQ&amp;__tn__=*NK-R\" target=\"_blank\" rel=\"noopener\">#GuatemalaNoSeDetiene<br \/>\n<\/a><a href=\"https:\/\/www.facebook.com\/hashtag\/scepesdesarrollo?__eep__=6&amp;__cft__%5b0%5d=AZXg4_L5Gm_vC6DD2GsB-6RoFr4djWdgHcjKmNpLqOOymfE358PJlA0qjDODWbUShv9XXzFBS38pg9U7eCxjbH3-kw61tn3csqeZERIGs93Wz1uMPe08UKQIzvd-5JIoJYt1bSFzeo3zpkJes0RLSeYQ&amp;__tn__=*NK-R\" target=\"_blank\" rel=\"noopener\">#SCEPesDesarrollo<br \/>\n<\/a><a href=\"https:\/\/www.facebook.com\/hashtag\/altaverapazsigueavanzando?__eep__=6&amp;__cft__%5b0%5d=AZXg4_L5Gm_vC6DD2GsB-6RoFr4djWdgHcjKmNpLqOOymfE358PJlA0qjDODWbUShv9XXzFBS38pg9U7eCxjbH3-kw61tn3csqeZERIGs93Wz1uMPe08UKQIzvd-5JIoJYt1bSFzeo3zpkJes0RLSeYQ&amp;__tn__=*NK-R\" target=\"_blank\" rel=\"noopener\">#altaverapazsigueavanzando<\/a><\/p>\n<div><\/div>\n","protected":false},"excerpt":{"rendered":"<p>La Secretar\u00eda Ejecutiva SCEP realiz\u00f3 este jueves 12 la reuni\u00f3n virtual con el se\u00f1or gobernador y alcaldes de Alta Verapaz con el fin de dar seguimiento a los compromisos y solicitudes hechos por los jefes ediles durante las giras presidenciales realizadas entre enero y marzo. En esta gira virtual desde Casa Presidencial participaron los ministros [&hellip;]<\/p>\n","protected":false},"author":1,"featured_media":11430,"comment_status":"closed","ping_status":"open","sticky":false,"template":"","format":"gallery","meta":[],"categories":[183],"tags":[178],"_links":{"self":[{"href":"https:\/\/gobernacionaltaverapaz.gob.gt\/index.php?rest_route=\/wp\/v2\/posts\/11429"}],"collection":[{"href":"https:\/\/gobernacionaltaverapaz.gob.gt\/index.php?rest_route=\/wp\/v2\/posts"}],"about":[{"href":"https:\/\/gobernacionaltaverapaz.gob.gt\/index.php?rest_route=\/wp\/v2\/types\/post"}],"author":[{"embeddable":true,"href":"https:\/\/gobernacionaltaverapaz.gob.gt\/index.php?rest_route=\/wp\/v2\/users\/1"}],"replies":[{"embeddable":true,"href":"https:\/\/gobernacionaltaverapaz.gob.gt\/index.php?rest_route=%2Fwp%2Fv2%2Fcomments&post=11429"}],"version-history":[{"count":2,"href":"https:\/\/gobernacionaltaverapaz.gob.gt\/index.php?rest_route=\/wp\/v2\/posts\/11429\/revisions"}],"predecessor-version":[{"id":11440,"href":"https:\/\/gobernacionaltaverapaz.gob.gt\/index.php?rest_route=\/wp\/v2\/posts\/11429\/revisions\/11440"}],"wp:featuredmedia":[{"embeddable":true,"href":"https:\/\/gobernacionaltaverapaz.gob.gt\/index.php?rest_route=\/wp\/v2\/media\/11430"}],"wp:attachment":[{"href":"https:\/\/gobernacionaltaverapaz.gob.gt\/index.php?rest_route=%2Fwp%2Fv2%2Fmedia&parent=11429"}],"wp:term":[{"taxonomy":"category","embeddable":true,"href":"https:\/\/gobernacionaltaverapaz.gob.gt\/index.php?rest_route=%2Fwp%2Fv2%2Fcategories&post=11429"},{"taxonomy":"post_tag","embeddable":true,"href":"https:\/\/gobernacionaltaverapaz.gob.gt\/index.php?rest_route=%2Fwp%2Fv2%2Ftags&post=11429"}],"curies":[{"name":"wp","href":"https:\/\/api.w.org\/{rel}","templated":true}]}}