{"id":11441,"date":"2021-08-14T09:27:02","date_gmt":"2021-08-14T15:27:02","guid":{"rendered":"https:\/\/gobernacionaltaverapaz.gob.gt\/?p=11441"},"modified":"2021-08-20T10:20:55","modified_gmt":"2021-08-20T16:20:55","slug":"construccin-puente-vehicular-rio-tinajas-aldea-san-lucas-panzs-alta-verapaz","status":"publish","type":"post","link":"https:\/\/gobernacionaltaverapaz.gob.gt\/?p=11441","title":{"rendered":"Construcci\u00f3n puente vehicular rio tinajas Aldea San Lucas Panz\u00f3s, Alta Verapaz"},"content":{"rendered":"<p style=\"text-align: justify;\">Como parte de los compromisos del Presidente de la Republica <a href=\"https:\/\/www.facebook.com\/AlejandroGiammattei\/?__cft__%5b0%5d=AZUrGrKvzdex9mybfVw-rhjRXVoa9fwddrHD4czo0T2de4T85LkoDUSicnZiSuQzIlmMGM1rQPvvYCSZts6FZ70xbUlFSaWNyRTJt7CB-bnNUAuOkRt58CAXeZWgvgelEQHLtipcPHPmzmE1I7Airy2i&amp;__tn__=kK-R\" target=\"_blank\" rel=\"noopener\">Alejandro Giammattei<\/a> hacia las autoridades Municipales y los consejos comunitarios de desarrollo \u2013COCODEs- de la Aldea San Lucas del municipio de Panz\u00f3s, en su gira de trabajo al departamento de Alta Verapaz a principios marzo, se da inicio a los trabajos de Construcci\u00f3n de puente vehicular \u00a0rio tinajas aldea San Lucas.<\/p>\n<p style=\"text-align: justify;\">\u201cVamos a convertir estas zonas abandonadas hist\u00f3ricamente en zonas modelo de desarrollo social y econ\u00f3mico\u201d, expres\u00f3 el mandatario en su visita a la zona del Polochic.<\/p>\n<p style=\"text-align: justify;\">El se\u00f1or gobernador departamental, Romel Manuel Veliz Castro en su calidad de presidente de los Consejos Departamentales de Desarrollo Urbano y Rural junto al se\u00f1or alcalde de Panz\u00f3s Ernesto Ram\u00edrez, colocaron la primera piedra para dar inicio a los trabajos de construcci\u00f3n de este puente vehicular.<\/p>\n<p style=\"text-align: justify;\">En el proyecto se invertir\u00e1 m\u00e1s de 2 millones de quetzales con fondos del CODEDE y Municipal, con la ejecuci\u00f3n del mismo se estar\u00e1\u0301 beneficiando directamente a 2,047 Habitantes y a m\u00e1s de 16 comunidades de la Regi\u00f3n IV a Sierra de las Minas, e indirectamente a todos los vecinos cercanos facilit\u00e1ndoles realizar actividades personales, comerciales educativas y de salud.<\/p>\n<p><a href=\"https:\/\/www.facebook.com\/secretariaejecutiva.scep\/?__cft__%5b0%5d=AZUrGrKvzdex9mybfVw-rhjRXVoa9fwddrHD4czo0T2de4T85LkoDUSicnZiSuQzIlmMGM1rQPvvYCSZts6FZ70xbUlFSaWNyRTJt7CB-bnNUAuOkRt58CAXeZWgvgelEQHLtipcPHPmzmE1I7Airy2i&amp;__tn__=kK-R\" target=\"_blank\" rel=\"noopener\">Secretar\u00eda Ejecutiva SCEP<br \/>\n<\/a><a href=\"https:\/\/www.facebook.com\/civguate\/?__cft__%5b0%5d=AZUrGrKvzdex9mybfVw-rhjRXVoa9fwddrHD4czo0T2de4T85LkoDUSicnZiSuQzIlmMGM1rQPvvYCSZts6FZ70xbUlFSaWNyRTJt7CB-bnNUAuOkRt58CAXeZWgvgelEQHLtipcPHPmzmE1I7Airy2i&amp;__tn__=kK-R\" target=\"_blank\" rel=\"noopener\">CIV- Ministerio de Comunicaciones<br \/>\n<\/a><a href=\"https:\/\/www.facebook.com\/hashtag\/altaverapazsigueavanzando?__eep__=6&amp;__cft__%5b0%5d=AZUrGrKvzdex9mybfVw-rhjRXVoa9fwddrHD4czo0T2de4T85LkoDUSicnZiSuQzIlmMGM1rQPvvYCSZts6FZ70xbUlFSaWNyRTJt7CB-bnNUAuOkRt58CAXeZWgvgelEQHLtipcPHPmzmE1I7Airy2i&amp;__tn__=*NK-R\" target=\"_blank\" rel=\"noopener\">#altaverapazsigueavanzando<br \/>\n<\/a><a href=\"https:\/\/www.facebook.com\/hashtag\/unidostransformamosguatemala?__eep__=6&amp;__cft__%5b0%5d=AZUrGrKvzdex9mybfVw-rhjRXVoa9fwddrHD4czo0T2de4T85LkoDUSicnZiSuQzIlmMGM1rQPvvYCSZts6FZ70xbUlFSaWNyRTJt7CB-bnNUAuOkRt58CAXeZWgvgelEQHLtipcPHPmzmE1I7Airy2i&amp;__tn__=*NK-R\" target=\"_blank\" rel=\"noopener\">#UnidosTransformamosGuatemala<br \/>\n<\/a><a href=\"https:\/\/www.facebook.com\/hashtag\/scepesdesarrollo?__eep__=6&amp;__cft__%5b0%5d=AZUrGrKvzdex9mybfVw-rhjRXVoa9fwddrHD4czo0T2de4T85LkoDUSicnZiSuQzIlmMGM1rQPvvYCSZts6FZ70xbUlFSaWNyRTJt7CB-bnNUAuOkRt58CAXeZWgvgelEQHLtipcPHPmzmE1I7Airy2i&amp;__tn__=*NK-R\" target=\"_blank\" rel=\"noopener\">#SCEPesDesarrollo<br \/>\n<\/a><a href=\"https:\/\/www.facebook.com\/hashtag\/guatemalanosedetiene?__eep__=6&amp;__cft__%5b0%5d=AZUrGrKvzdex9mybfVw-rhjRXVoa9fwddrHD4czo0T2de4T85LkoDUSicnZiSuQzIlmMGM1rQPvvYCSZts6FZ70xbUlFSaWNyRTJt7CB-bnNUAuOkRt58CAXeZWgvgelEQHLtipcPHPmzmE1I7Airy2i&amp;__tn__=*NK-R\" target=\"_blank\" rel=\"noopener\">#GuatemalaNoSeDetiene<br \/>\n<\/a><a href=\"https:\/\/www.facebook.com\/hashtag\/juntossaldremosadelante?__eep__=6&amp;__cft__%5b0%5d=AZUrGrKvzdex9mybfVw-rhjRXVoa9fwddrHD4czo0T2de4T85LkoDUSicnZiSuQzIlmMGM1rQPvvYCSZts6FZ70xbUlFSaWNyRTJt7CB-bnNUAuOkRt58CAXeZWgvgelEQHLtipcPHPmzmE1I7Airy2i&amp;__tn__=*NK-R\" target=\"_blank\" rel=\"noopener\">#JuntosSaldremosAdelante<\/a><\/p>\n<div><\/div>\n","protected":false},"excerpt":{"rendered":"<p>Como parte de los compromisos del Presidente de la Republica Alejandro Giammattei hacia las autoridades Municipales y los consejos comunitarios de desarrollo \u2013COCODEs- de la Aldea San Lucas del municipio de Panz\u00f3s, en su gira de trabajo al departamento de Alta Verapaz a principios marzo, se da inicio a los trabajos de Construcci\u00f3n de puente [&hellip;]<\/p>\n","protected":false},"author":1,"featured_media":11449,"comment_status":"closed","ping_status":"open","sticky":false,"template":"","format":"gallery","meta":[],"categories":[4],"tags":[178],"_links":{"self":[{"href":"https:\/\/gobernacionaltaverapaz.gob.gt\/index.php?rest_route=\/wp\/v2\/posts\/11441"}],"collection":[{"href":"https:\/\/gobernacionaltaverapaz.gob.gt\/index.php?rest_route=\/wp\/v2\/posts"}],"about":[{"href":"https:\/\/gobernacionaltaverapaz.gob.gt\/index.php?rest_route=\/wp\/v2\/types\/post"}],"author":[{"embeddable":true,"href":"https:\/\/gobernacionaltaverapaz.gob.gt\/index.php?rest_route=\/wp\/v2\/users\/1"}],"replies":[{"embeddable":true,"href":"https:\/\/gobernacionaltaverapaz.gob.gt\/index.php?rest_route=%2Fwp%2Fv2%2Fcomments&post=11441"}],"version-history":[{"count":2,"href":"https:\/\/gobernacionaltaverapaz.gob.gt\/index.php?rest_route=\/wp\/v2\/posts\/11441\/revisions"}],"predecessor-version":[{"id":11452,"href":"https:\/\/gobernacionaltaverapaz.gob.gt\/index.php?rest_route=\/wp\/v2\/posts\/11441\/revisions\/11452"}],"wp:featuredmedia":[{"embeddable":true,"href":"https:\/\/gobernacionaltaverapaz.gob.gt\/index.php?rest_route=\/wp\/v2\/media\/11449"}],"wp:attachment":[{"href":"https:\/\/gobernacionaltaverapaz.gob.gt\/index.php?rest_route=%2Fwp%2Fv2%2Fmedia&parent=11441"}],"wp:term":[{"taxonomy":"category","embeddable":true,"href":"https:\/\/gobernacionaltaverapaz.gob.gt\/index.php?rest_route=%2Fwp%2Fv2%2Fcategories&post=11441"},{"taxonomy":"post_tag","embeddable":true,"href":"https:\/\/gobernacionaltaverapaz.gob.gt\/index.php?rest_route=%2Fwp%2Fv2%2Ftags&post=11441"}],"curies":[{"name":"wp","href":"https:\/\/api.w.org\/{rel}","templated":true}]}}