{"id":11453,"date":"2021-08-17T11:23:22","date_gmt":"2021-08-17T17:23:22","guid":{"rendered":"https:\/\/gobernacionaltaverapaz.gob.gt\/?p=11453"},"modified":"2021-08-20T10:40:35","modified_gmt":"2021-08-20T16:40:35","slug":"se-realiza-campaa-de-concientizacin-por-el-avance-de-la-nueva-variante-delta-la-poblacin-de-cobn-alta-verapaz","status":"publish","type":"post","link":"https:\/\/gobernacionaltaverapaz.gob.gt\/?p=11453","title":{"rendered":"Se realiza campa\u00f1a de concientizaci\u00f3n por el avance de la nueva variante Delta, a la poblaci\u00f3n de Cob\u00e1n, Alta Verapaz."},"content":{"rendered":"<p style=\"text-align: justify;\">El se\u00f1or presidente, <a href=\"https:\/\/www.facebook.com\/AlejandroGiammattei\/?__cft__%5b0%5d=AZUslO2S2XF4juCZZdYIwy8HQf91NpAMGtKwEY351Pt4GUb65zbE32PwLbNG6eB3tODHw1qvR2gDwWEpmAKqDZ6Vo2sYXADlxGbYtgaInI40OQ0_OdZzgA6k3O5RIY8d2Yu00prpLuSPKVIJzHuOxZaz&amp;__tn__=kK-R\" target=\"_blank\" rel=\"noopener\">Alejandro Giammattei<\/a>, decret\u00f3 la noche del viernes (13.08.2021) en consejo de ministros un nuevo estado de calamidad p\u00fablica para hacer frente a la variante delta en el pa\u00eds, que suma en total 403.248 contagios y 10.960 muertes por covid-19.<\/p>\n<p style=\"text-align: justify;\">En coordinaci\u00f3n interinstitucional donde participio la Gobernaci\u00f3n Departamental, <a href=\"https:\/\/www.facebook.com\/Ejercitodeguatemala\/?__cft__%5b0%5d=AZUslO2S2XF4juCZZdYIwy8HQf91NpAMGtKwEY351Pt4GUb65zbE32PwLbNG6eB3tODHw1qvR2gDwWEpmAKqDZ6Vo2sYXADlxGbYtgaInI40OQ0_OdZzgA6k3O5RIY8d2Yu00prpLuSPKVIJzHuOxZaz&amp;__tn__=kK-R\" target=\"_blank\" rel=\"noopener\">Ejercito de Guatemala<\/a> <a href=\"https:\/\/www.facebook.com\/Comando-Regional-de-Entrenamiento-de-Operaciones-de-Mantenimiento-de-Paz-1426533824238009\/?__cft__%5b0%5d=AZUslO2S2XF4juCZZdYIwy8HQf91NpAMGtKwEY351Pt4GUb65zbE32PwLbNG6eB3tODHw1qvR2gDwWEpmAKqDZ6Vo2sYXADlxGbYtgaInI40OQ0_OdZzgA6k3O5RIY8d2Yu00prpLuSPKVIJzHuOxZaz&amp;__tn__=kK-R\" target=\"_blank\" rel=\"noopener\">Comando Regional de Entrenamiento de Operaciones de Mantenimiento de Paz.<\/a> y la <a href=\"https:\/\/www.facebook.com\/PoliciaNacionalCivildeGuatemala\/?__cft__%5b0%5d=AZUslO2S2XF4juCZZdYIwy8HQf91NpAMGtKwEY351Pt4GUb65zbE32PwLbNG6eB3tODHw1qvR2gDwWEpmAKqDZ6Vo2sYXADlxGbYtgaInI40OQ0_OdZzgA6k3O5RIY8d2Yu00prpLuSPKVIJzHuOxZaz&amp;__tn__=kK-R\" target=\"_blank\" rel=\"noopener\">PNCdeGuatemala<\/a> se recorrieron las principales calles del municipio de Cob\u00e1n donde se concientizo a la poblaci\u00f3n sobre el aumento de casos de Covid-19 y sus variantes, en la misma actividad se dio a conocer el Decreto Gubernativo N\u00famero 6-2021 \u2013 Estado de Calamidad P\u00fablica Decretado por los siguientes 30 d\u00edas, Toque de queda de las 22:00 a las 04:00 que entro en vigencia el domingo 15 de agosto. Exceptuando a servicios esenciales y de justicia.<\/p>\n<p style=\"text-align: justify;\"><a href=\"https:\/\/www.facebook.com\/hashtag\/unidostransformamosguatemala?__eep__=6&amp;__cft__%5b0%5d=AZUslO2S2XF4juCZZdYIwy8HQf91NpAMGtKwEY351Pt4GUb65zbE32PwLbNG6eB3tODHw1qvR2gDwWEpmAKqDZ6Vo2sYXADlxGbYtgaInI40OQ0_OdZzgA6k3O5RIY8d2Yu00prpLuSPKVIJzHuOxZaz&amp;__tn__=*NK-R\" target=\"_blank\" rel=\"noopener\">#UnidosTransformamosGuatemala<br \/>\n<\/a><a href=\"https:\/\/www.facebook.com\/hashtag\/guatemalanosedetiene?__eep__=6&amp;__cft__%5b0%5d=AZUslO2S2XF4juCZZdYIwy8HQf91NpAMGtKwEY351Pt4GUb65zbE32PwLbNG6eB3tODHw1qvR2gDwWEpmAKqDZ6Vo2sYXADlxGbYtgaInI40OQ0_OdZzgA6k3O5RIY8d2Yu00prpLuSPKVIJzHuOxZaz&amp;__tn__=*NK-R\" target=\"_blank\" rel=\"noopener\">#GuatemalaNoSeDetiene<br \/>\n<\/a><a href=\"https:\/\/www.facebook.com\/hashtag\/juntossaldremosadelante?__eep__=6&amp;__cft__%5b0%5d=AZUslO2S2XF4juCZZdYIwy8HQf91NpAMGtKwEY351Pt4GUb65zbE32PwLbNG6eB3tODHw1qvR2gDwWEpmAKqDZ6Vo2sYXADlxGbYtgaInI40OQ0_OdZzgA6k3O5RIY8d2Yu00prpLuSPKVIJzHuOxZaz&amp;__tn__=*NK-R\" target=\"_blank\" rel=\"noopener\">#JuntosSaldremosAdelante<\/a><\/p>\n<div><\/div>\n<p><a href=\"https:\/\/www.facebook.com\/GobernacionAV\/videos\/144553334463938\/\" target=\"_blank\" rel=\"noopener\"><img decoding=\"async\" loading=\"lazy\" class=\"wp-image-11465 size-medium alignleft\" title=\"Ver video en Facebook\" src=\"https:\/\/gobernacionaltaverapaz.gob.gt\/wp-content\/uploads\/2021\/08\/001-7-300x200.jpg\" alt=\"\" width=\"300\" height=\"200\" srcset=\"https:\/\/gobernacionaltaverapaz.gob.gt\/wp-content\/uploads\/2021\/08\/001-7-300x200.jpg 300w, https:\/\/gobernacionaltaverapaz.gob.gt\/wp-content\/uploads\/2021\/08\/001-7-768x512.jpg 768w, https:\/\/gobernacionaltaverapaz.gob.gt\/wp-content\/uploads\/2021\/08\/001-7.jpg 900w\" sizes=\"(max-width: 300px) 100vw, 300px\" \/><\/a><\/p>\n","protected":false},"excerpt":{"rendered":"<p>El se\u00f1or presidente, Alejandro Giammattei, decret\u00f3 la noche del viernes (13.08.2021) en consejo de ministros un nuevo estado de calamidad p\u00fablica para hacer frente a la variante delta en el pa\u00eds, que suma en total 403.248 contagios y 10.960 muertes por covid-19. En coordinaci\u00f3n interinstitucional donde participio la Gobernaci\u00f3n Departamental, Ejercito de Guatemala Comando Regional [&hellip;]<\/p>\n","protected":false},"author":1,"featured_media":11455,"comment_status":"closed","ping_status":"open","sticky":false,"template":"","format":"video","meta":[],"categories":[197],"tags":[178],"_links":{"self":[{"href":"https:\/\/gobernacionaltaverapaz.gob.gt\/index.php?rest_route=\/wp\/v2\/posts\/11453"}],"collection":[{"href":"https:\/\/gobernacionaltaverapaz.gob.gt\/index.php?rest_route=\/wp\/v2\/posts"}],"about":[{"href":"https:\/\/gobernacionaltaverapaz.gob.gt\/index.php?rest_route=\/wp\/v2\/types\/post"}],"author":[{"embeddable":true,"href":"https:\/\/gobernacionaltaverapaz.gob.gt\/index.php?rest_route=\/wp\/v2\/users\/1"}],"replies":[{"embeddable":true,"href":"https:\/\/gobernacionaltaverapaz.gob.gt\/index.php?rest_route=%2Fwp%2Fv2%2Fcomments&post=11453"}],"version-history":[{"count":4,"href":"https:\/\/gobernacionaltaverapaz.gob.gt\/index.php?rest_route=\/wp\/v2\/posts\/11453\/revisions"}],"predecessor-version":[{"id":11467,"href":"https:\/\/gobernacionaltaverapaz.gob.gt\/index.php?rest_route=\/wp\/v2\/posts\/11453\/revisions\/11467"}],"wp:featuredmedia":[{"embeddable":true,"href":"https:\/\/gobernacionaltaverapaz.gob.gt\/index.php?rest_route=\/wp\/v2\/media\/11455"}],"wp:attachment":[{"href":"https:\/\/gobernacionaltaverapaz.gob.gt\/index.php?rest_route=%2Fwp%2Fv2%2Fmedia&parent=11453"}],"wp:term":[{"taxonomy":"category","embeddable":true,"href":"https:\/\/gobernacionaltaverapaz.gob.gt\/index.php?rest_route=%2Fwp%2Fv2%2Fcategories&post=11453"},{"taxonomy":"post_tag","embeddable":true,"href":"https:\/\/gobernacionaltaverapaz.gob.gt\/index.php?rest_route=%2Fwp%2Fv2%2Ftags&post=11453"}],"curies":[{"name":"wp","href":"https:\/\/api.w.org\/{rel}","templated":true}]}}