{"id":11468,"date":"2021-08-19T11:17:39","date_gmt":"2021-08-19T17:17:39","guid":{"rendered":"https:\/\/gobernacionaltaverapaz.gob.gt\/?p=11468"},"modified":"2021-08-20T11:02:34","modified_gmt":"2021-08-20T17:02:34","slug":"mejoramiento-calle-aldea-cahaboncito-panzs-alta-verapaz","status":"publish","type":"post","link":"https:\/\/gobernacionaltaverapaz.gob.gt\/?p=11468","title":{"rendered":"Mejoramiento calle Aldea Cahaboncito, Panz\u00f3s, Alta Verapaz"},"content":{"rendered":"<p style=\"text-align: justify;\">Con la ejecuci\u00f3n del proyecto de mejoramiento de calles, se prende mejorar la movilizaci\u00f3n de vecinos, bicicletas, motocicletas, consultas m\u00e9dicas, ingreso de socorristas hacia distintos puntos de la Aldea; y de esta manera fomentar al intercambio de productos comerciales, que les permita a los vecinos la calidad de vida de sus familias.<\/p>\n<p style=\"text-align: justify;\">El se\u00f1or gobernador departamental, Romel Manuel Veliz Castro en su calidad de presidente de los Consejos Departamentales de Desarrollo Urbano y Rural junto al se\u00f1or alcalde de Panz\u00f3s Ernesto Ram\u00edrez, colocaron la primera piedra para dar inicio a los trabajos de mejoramiento calle aldea cahaboncito, Panz\u00f3s, alta Verapaz.<\/p>\n<p style=\"text-align: justify;\">El proyecto contempla la el mejoramiento de calle con una carpeta de rodadura de adoquinamiento de concreto, llaves de confinamiento y bordillos, con la ejecuci\u00f3n de Mejoramiento Calle Aldea Cahaboncito, Panz\u00f3s, Alta Verapaz, se estar\u00e1n beneficiando directamente a 3,750 habitantes de esta aldea.<\/p>\n<p style=\"text-align: justify;\">El <a href=\"https:\/\/www.facebook.com\/guatemalagob\/?__cft__%5b0%5d=AZU1rzZENODmRcIWHc9TZWVh2UVDK6bWj1hsMvJ9cs8V7okKSjz7_19N9zvTAmMVKbi1jRjZCSfWVeEWXgP-uGuN57sa_YUCd3ZmAI1Tf11qIL6RfmHN0Yo3t1jy4JOuuM4dPKleLcxDFi90fN2ULVgb&amp;__tn__=kK-R\" target=\"_blank\" rel=\"noopener\">Gobierno de Guatemala<\/a> a trav\u00e9s del se\u00f1or presidente, <a href=\"https:\/\/www.facebook.com\/AlejandroGiammattei\/?__cft__%5b0%5d=AZU1rzZENODmRcIWHc9TZWVh2UVDK6bWj1hsMvJ9cs8V7okKSjz7_19N9zvTAmMVKbi1jRjZCSfWVeEWXgP-uGuN57sa_YUCd3ZmAI1Tf11qIL6RfmHN0Yo3t1jy4JOuuM4dPKleLcxDFi90fN2ULVgb&amp;__tn__=kK-R\" target=\"_blank\" rel=\"noopener\">Alejandro Giammattei<\/a>, han resaltado que es de suma importancia llevar el desarrollo hacia las comunidades con la ejecuci\u00f3n de las diferentes obras sociales que demandan sus habitantes.<\/p>\n<p style=\"text-align: justify;\">La ejecuci\u00f3n de la obra est\u00e1 programada para 4 meses y tiene un aporte total de los Consejos Departamentales de Desarrollo Urbano (CODEDE) de Q1,700,00.<\/p>\n<p><a href=\"https:\/\/www.facebook.com\/hashtag\/accionesquetransforman?__eep__=6&amp;__cft__%5b0%5d=AZU1rzZENODmRcIWHc9TZWVh2UVDK6bWj1hsMvJ9cs8V7okKSjz7_19N9zvTAmMVKbi1jRjZCSfWVeEWXgP-uGuN57sa_YUCd3ZmAI1Tf11qIL6RfmHN0Yo3t1jy4JOuuM4dPKleLcxDFi90fN2ULVgb&amp;__tn__=*NK-R\" target=\"_blank\" rel=\"noopener\">#AccionesQueTransforman<br \/>\n<\/a><a href=\"https:\/\/www.facebook.com\/hashtag\/altaverapazsigueavanzando?__eep__=6&amp;__cft__%5b0%5d=AZU1rzZENODmRcIWHc9TZWVh2UVDK6bWj1hsMvJ9cs8V7okKSjz7_19N9zvTAmMVKbi1jRjZCSfWVeEWXgP-uGuN57sa_YUCd3ZmAI1Tf11qIL6RfmHN0Yo3t1jy4JOuuM4dPKleLcxDFi90fN2ULVgb&amp;__tn__=*NK-R\" target=\"_blank\" rel=\"noopener\">#AltaVerapazsigueavanzando<br \/>\n<\/a><a href=\"https:\/\/www.facebook.com\/hashtag\/scepesdesarrollo?__eep__=6&amp;__cft__%5b0%5d=AZU1rzZENODmRcIWHc9TZWVh2UVDK6bWj1hsMvJ9cs8V7okKSjz7_19N9zvTAmMVKbi1jRjZCSfWVeEWXgP-uGuN57sa_YUCd3ZmAI1Tf11qIL6RfmHN0Yo3t1jy4JOuuM4dPKleLcxDFi90fN2ULVgb&amp;__tn__=*NK-R\" target=\"_blank\" rel=\"noopener\">#SCEPesDesarrollo<br \/>\n<\/a><a href=\"https:\/\/www.facebook.com\/hashtag\/guatemalanosedetiene?__eep__=6&amp;__cft__%5b0%5d=AZU1rzZENODmRcIWHc9TZWVh2UVDK6bWj1hsMvJ9cs8V7okKSjz7_19N9zvTAmMVKbi1jRjZCSfWVeEWXgP-uGuN57sa_YUCd3ZmAI1Tf11qIL6RfmHN0Yo3t1jy4JOuuM4dPKleLcxDFi90fN2ULVgb&amp;__tn__=*NK-R\" target=\"_blank\" rel=\"noopener\">#GuatemalaNoSeDetiene<br \/>\n<\/a><a href=\"https:\/\/www.facebook.com\/hashtag\/juntossaldremosadelante?__eep__=6&amp;__cft__%5b0%5d=AZU1rzZENODmRcIWHc9TZWVh2UVDK6bWj1hsMvJ9cs8V7okKSjz7_19N9zvTAmMVKbi1jRjZCSfWVeEWXgP-uGuN57sa_YUCd3ZmAI1Tf11qIL6RfmHN0Yo3t1jy4JOuuM4dPKleLcxDFi90fN2ULVgb&amp;__tn__=*NK-R\" target=\"_blank\" rel=\"noopener\">#JuntosSaldremosAdelante<\/a><\/p>\n<div><\/div>\n","protected":false},"excerpt":{"rendered":"<p>Con la ejecuci\u00f3n del proyecto de mejoramiento de calles, se prende mejorar la movilizaci\u00f3n de vecinos, bicicletas, motocicletas, consultas m\u00e9dicas, ingreso de socorristas hacia distintos puntos de la Aldea; y de esta manera fomentar al intercambio de productos comerciales, que les permita a los vecinos la calidad de vida de sus familias. El se\u00f1or gobernador [&hellip;]<\/p>\n","protected":false},"author":1,"featured_media":11474,"comment_status":"closed","ping_status":"open","sticky":false,"template":"","format":"gallery","meta":[],"categories":[4],"tags":[178],"_links":{"self":[{"href":"https:\/\/gobernacionaltaverapaz.gob.gt\/index.php?rest_route=\/wp\/v2\/posts\/11468"}],"collection":[{"href":"https:\/\/gobernacionaltaverapaz.gob.gt\/index.php?rest_route=\/wp\/v2\/posts"}],"about":[{"href":"https:\/\/gobernacionaltaverapaz.gob.gt\/index.php?rest_route=\/wp\/v2\/types\/post"}],"author":[{"embeddable":true,"href":"https:\/\/gobernacionaltaverapaz.gob.gt\/index.php?rest_route=\/wp\/v2\/users\/1"}],"replies":[{"embeddable":true,"href":"https:\/\/gobernacionaltaverapaz.gob.gt\/index.php?rest_route=%2Fwp%2Fv2%2Fcomments&post=11468"}],"version-history":[{"count":2,"href":"https:\/\/gobernacionaltaverapaz.gob.gt\/index.php?rest_route=\/wp\/v2\/posts\/11468\/revisions"}],"predecessor-version":[{"id":11479,"href":"https:\/\/gobernacionaltaverapaz.gob.gt\/index.php?rest_route=\/wp\/v2\/posts\/11468\/revisions\/11479"}],"wp:featuredmedia":[{"embeddable":true,"href":"https:\/\/gobernacionaltaverapaz.gob.gt\/index.php?rest_route=\/wp\/v2\/media\/11474"}],"wp:attachment":[{"href":"https:\/\/gobernacionaltaverapaz.gob.gt\/index.php?rest_route=%2Fwp%2Fv2%2Fmedia&parent=11468"}],"wp:term":[{"taxonomy":"category","embeddable":true,"href":"https:\/\/gobernacionaltaverapaz.gob.gt\/index.php?rest_route=%2Fwp%2Fv2%2Fcategories&post=11468"},{"taxonomy":"post_tag","embeddable":true,"href":"https:\/\/gobernacionaltaverapaz.gob.gt\/index.php?rest_route=%2Fwp%2Fv2%2Ftags&post=11468"}],"curies":[{"name":"wp","href":"https:\/\/api.w.org\/{rel}","templated":true}]}}