{"id":11481,"date":"2021-08-20T12:05:29","date_gmt":"2021-08-20T18:05:29","guid":{"rendered":"https:\/\/gobernacionaltaverapaz.gob.gt\/?p=11481"},"modified":"2021-09-02T09:15:30","modified_gmt":"2021-09-02T15:15:30","slug":"acciones-de-prevencin-de-la-violencia","status":"publish","type":"post","link":"https:\/\/gobernacionaltaverapaz.gob.gt\/?p=11481","title":{"rendered":"Acciones de prevenci\u00f3n de la violencia"},"content":{"rendered":"<p>El se\u00f1or gobernador departamental, Romel Manuel Veliz Castro, sostuvo reuni\u00f3n de trabajo con Aitor Landa, responsable de proyectos de Euskal Fondoa a nivel de centro Am\u00e9rica y del Caribe, proveniente del Pa\u00eds Vasco, Espa\u00f1a acompa\u00f1ado de la Licenciada. Inocenta Macz, Delegada Departamental de INCIDE.<\/p>\n<p>La Fundaci\u00f3n Iniciativa Civil para la Democracia, \u2013 INCIDE &#8211; se estableci\u00f3 en 1995, bajo Acuerdo Ministerial No 141-95, La Fundaci\u00f3n aglutina a personas de diversos sectores sociales comprometidos con el Proceso de Paz, para coadyuvar en la transici\u00f3n de la guerra a la paz, el cumplimiento de los Acuerdos de Paz, contribuyendo en la Construcci\u00f3n de la Democracia en el pa\u00eds, la gobernabilidad democr\u00e1tica y la Paz Social.<\/p>\n<p style=\"text-align: justify;\">El objetivo de la reuni\u00f3n fue para fortalecer los esfuerzos de coordinaci\u00f3n interinstitucional con el se\u00f1or gobernador para seguir impulsando las acciones de PLANEA , las coordinaciones a nivel municipal con las Direcciones municipales de la mujer, con la red vet la red de derivaci\u00f3n y fortalecer las acciones de prevenci\u00f3n de la violencia contra la mujer y la atenci\u00f3n de las mujeres en los sistemas de justicia, actualmente se tiene intervenci\u00f3n de agua en las municipalidades de Fray Bartolom\u00e9 de las Casas, Chahal, Raxruh\u00e1, Santa Cruz, Chamelco y Tactic.<\/p>\n<p><a href=\"https:\/\/www.facebook.com\/hashtag\/accionesquetransforman?__eep__=6&amp;__cft__%5b0%5d=AZUi5KZqhU6CFsqKLvhs1LmX4eB7fwMCffTCpSnGETSvWZJuzjxTp0ApdUoAQlfjleCGIDnIG73bC_XpICrCnsY0GW_yxwVK_AYZke3KnV3nHBDXNixQTsrls_6sKP7a8ViyVFpfLI20iayBMi29MuXb&amp;__tn__=*NK-R\" target=\"_blank\" rel=\"noopener\">#AccionesQueTransforman<br \/>\n<\/a><a href=\"https:\/\/www.facebook.com\/hashtag\/guatemalanosedetiene?__eep__=6&amp;__cft__%5b0%5d=AZUi5KZqhU6CFsqKLvhs1LmX4eB7fwMCffTCpSnGETSvWZJuzjxTp0ApdUoAQlfjleCGIDnIG73bC_XpICrCnsY0GW_yxwVK_AYZke3KnV3nHBDXNixQTsrls_6sKP7a8ViyVFpfLI20iayBMi29MuXb&amp;__tn__=*NK-R\" target=\"_blank\" rel=\"noopener\">#GuatemalaNoSeDetiene<br \/>\n<\/a><a href=\"https:\/\/www.facebook.com\/hashtag\/juntossaldremosadelante?__eep__=6&amp;__cft__%5b0%5d=AZUi5KZqhU6CFsqKLvhs1LmX4eB7fwMCffTCpSnGETSvWZJuzjxTp0ApdUoAQlfjleCGIDnIG73bC_XpICrCnsY0GW_yxwVK_AYZke3KnV3nHBDXNixQTsrls_6sKP7a8ViyVFpfLI20iayBMi29MuXb&amp;__tn__=*NK-R\" target=\"_blank\" rel=\"noopener\">#JuntosSaldremosAdelante<br \/>\n<\/a><a href=\"https:\/\/www.facebook.com\/hashtag\/altaverapazsigueavanzando?__eep__=6&amp;__cft__%5b0%5d=AZUi5KZqhU6CFsqKLvhs1LmX4eB7fwMCffTCpSnGETSvWZJuzjxTp0ApdUoAQlfjleCGIDnIG73bC_XpICrCnsY0GW_yxwVK_AYZke3KnV3nHBDXNixQTsrls_6sKP7a8ViyVFpfLI20iayBMi29MuXb&amp;__tn__=*NK-R\" target=\"_blank\" rel=\"noopener\">#altaverapazsigueavanzando<\/a><\/p>\n<p><img decoding=\"async\" loading=\"lazy\" class=\"alignnone wp-image-11483 size-full\" src=\"https:\/\/gobernacionaltaverapaz.gob.gt\/wp-content\/uploads\/2021\/09\/002.jpg\" alt=\"\" width=\"900\" height=\"600\" srcset=\"https:\/\/gobernacionaltaverapaz.gob.gt\/wp-content\/uploads\/2021\/09\/002.jpg 900w, https:\/\/gobernacionaltaverapaz.gob.gt\/wp-content\/uploads\/2021\/09\/002-300x200.jpg 300w, https:\/\/gobernacionaltaverapaz.gob.gt\/wp-content\/uploads\/2021\/09\/002-768x512.jpg 768w\" sizes=\"(max-width: 900px) 100vw, 900px\" \/> <img decoding=\"async\" loading=\"lazy\" class=\"alignnone wp-image-11485 size-full\" src=\"https:\/\/gobernacionaltaverapaz.gob.gt\/wp-content\/uploads\/2021\/09\/004.jpg\" alt=\"\" width=\"900\" height=\"600\" srcset=\"https:\/\/gobernacionaltaverapaz.gob.gt\/wp-content\/uploads\/2021\/09\/004.jpg 900w, https:\/\/gobernacionaltaverapaz.gob.gt\/wp-content\/uploads\/2021\/09\/004-300x200.jpg 300w, https:\/\/gobernacionaltaverapaz.gob.gt\/wp-content\/uploads\/2021\/09\/004-768x512.jpg 768w\" sizes=\"(max-width: 900px) 100vw, 900px\" \/> <img decoding=\"async\" loading=\"lazy\" class=\"alignnone wp-image-11484 size-full\" src=\"https:\/\/gobernacionaltaverapaz.gob.gt\/wp-content\/uploads\/2021\/09\/003.jpg\" alt=\"\" width=\"900\" height=\"600\" srcset=\"https:\/\/gobernacionaltaverapaz.gob.gt\/wp-content\/uploads\/2021\/09\/003.jpg 900w, https:\/\/gobernacionaltaverapaz.gob.gt\/wp-content\/uploads\/2021\/09\/003-300x200.jpg 300w, https:\/\/gobernacionaltaverapaz.gob.gt\/wp-content\/uploads\/2021\/09\/003-768x512.jpg 768w\" sizes=\"(max-width: 900px) 100vw, 900px\" \/><\/p>\n","protected":false},"excerpt":{"rendered":"<p>El se\u00f1or gobernador departamental, Romel Manuel Veliz Castro, sostuvo reuni\u00f3n de trabajo con Aitor Landa, responsable de proyectos de Euskal Fondoa a nivel de centro Am\u00e9rica y del Caribe, proveniente del Pa\u00eds Vasco, Espa\u00f1a acompa\u00f1ado de la Licenciada. Inocenta Macz, Delegada Departamental de INCIDE. La Fundaci\u00f3n Iniciativa Civil para la Democracia, \u2013 INCIDE &#8211; se [&hellip;]<\/p>\n","protected":false},"author":1,"featured_media":11482,"comment_status":"closed","ping_status":"open","sticky":false,"template":"","format":"standard","meta":[],"categories":[197],"tags":[178],"_links":{"self":[{"href":"https:\/\/gobernacionaltaverapaz.gob.gt\/index.php?rest_route=\/wp\/v2\/posts\/11481"}],"collection":[{"href":"https:\/\/gobernacionaltaverapaz.gob.gt\/index.php?rest_route=\/wp\/v2\/posts"}],"about":[{"href":"https:\/\/gobernacionaltaverapaz.gob.gt\/index.php?rest_route=\/wp\/v2\/types\/post"}],"author":[{"embeddable":true,"href":"https:\/\/gobernacionaltaverapaz.gob.gt\/index.php?rest_route=\/wp\/v2\/users\/1"}],"replies":[{"embeddable":true,"href":"https:\/\/gobernacionaltaverapaz.gob.gt\/index.php?rest_route=%2Fwp%2Fv2%2Fcomments&post=11481"}],"version-history":[{"count":1,"href":"https:\/\/gobernacionaltaverapaz.gob.gt\/index.php?rest_route=\/wp\/v2\/posts\/11481\/revisions"}],"predecessor-version":[{"id":11486,"href":"https:\/\/gobernacionaltaverapaz.gob.gt\/index.php?rest_route=\/wp\/v2\/posts\/11481\/revisions\/11486"}],"wp:featuredmedia":[{"embeddable":true,"href":"https:\/\/gobernacionaltaverapaz.gob.gt\/index.php?rest_route=\/wp\/v2\/media\/11482"}],"wp:attachment":[{"href":"https:\/\/gobernacionaltaverapaz.gob.gt\/index.php?rest_route=%2Fwp%2Fv2%2Fmedia&parent=11481"}],"wp:term":[{"taxonomy":"category","embeddable":true,"href":"https:\/\/gobernacionaltaverapaz.gob.gt\/index.php?rest_route=%2Fwp%2Fv2%2Fcategories&post=11481"},{"taxonomy":"post_tag","embeddable":true,"href":"https:\/\/gobernacionaltaverapaz.gob.gt\/index.php?rest_route=%2Fwp%2Fv2%2Ftags&post=11481"}],"curies":[{"name":"wp","href":"https:\/\/api.w.org\/{rel}","templated":true}]}}