{"id":11488,"date":"2021-08-24T21:25:39","date_gmt":"2021-08-25T03:25:39","guid":{"rendered":"https:\/\/gobernacionaltaverapaz.gob.gt\/?p=11488"},"modified":"2021-09-02T09:42:25","modified_gmt":"2021-09-02T15:42:25","slug":"atencin-por-deslizamientos-en-el-sector-del-polochic","status":"publish","type":"post","link":"https:\/\/gobernacionaltaverapaz.gob.gt\/?p=11488","title":{"rendered":"Atenci\u00f3n por deslizamientos en el sector del Polochic"},"content":{"rendered":"<p style=\"text-align: justify;\">Varios deslaves ocurridos sobre la cinta asf\u00e1ltica ruta del Polochic, Km. 221+000, de la Ruta Nacional 7E (El Polochic), Tramo: Tucur\u00fa-La Tinta, con remoci\u00f3n de 3,500 m3 de derrumbe y en la aldea Sepacay en San Miguel Tucur\u00fa, Alta Verapaz.<\/p>\n<p style=\"text-align: justify;\">Las constantes lluvias provocaron los derrumbes de varios cerros que se desprendieron; cayeron piedras, tierra y lodo en las \u00e1reas ya mencionadas.<\/p>\n<p style=\"text-align: justify;\">El <a href=\"https:\/\/www.facebook.com\/guatemalagob\/?__cft__%5b0%5d=AZX_DnyviChd6L0vT5S9IvozLBoeRDCgh9_rTsxo0RLjYntGAf9Yof3IOZsLVP1_NzLC40hgT-UnXkk1bQZT0c6IYqttGB1i7ZzD2_58n6J2szTmLp2VbSwLu_7UKtZOr26DboncDv6EfOszAncbk5k_&amp;__tn__=kK-R\" target=\"_blank\" rel=\"noopener\">Gobierno de Guatemala<\/a> a trav\u00e9s del <a href=\"https:\/\/www.facebook.com\/civguate\/?__cft__%5b0%5d=AZX_DnyviChd6L0vT5S9IvozLBoeRDCgh9_rTsxo0RLjYntGAf9Yof3IOZsLVP1_NzLC40hgT-UnXkk1bQZT0c6IYqttGB1i7ZzD2_58n6J2szTmLp2VbSwLu_7UKtZOr26DboncDv6EfOszAncbk5k_&amp;__tn__=kK-R\" target=\"_blank\" rel=\"noopener\">CIV- Ministerio de Comunicaciones<\/a> <a href=\"https:\/\/www.facebook.com\/ZV7AltaVerapaz\/?__cft__%5b0%5d=AZX_DnyviChd6L0vT5S9IvozLBoeRDCgh9_rTsxo0RLjYntGAf9Yof3IOZsLVP1_NzLC40hgT-UnXkk1bQZT0c6IYqttGB1i7ZzD2_58n6J2szTmLp2VbSwLu_7UKtZOr26DboncDv6EfOszAncbk5k_&amp;__tn__=kK-R\" target=\"_blank\" rel=\"noopener\">Zona Vial No 7-DGC &#8211; A.V.<\/a>, <a href=\"https:\/\/www.facebook.com\/Ejercitodeguatemala\/?__cft__%5b0%5d=AZX_DnyviChd6L0vT5S9IvozLBoeRDCgh9_rTsxo0RLjYntGAf9Yof3IOZsLVP1_NzLC40hgT-UnXkk1bQZT0c6IYqttGB1i7ZzD2_58n6J2szTmLp2VbSwLu_7UKtZOr26DboncDv6EfOszAncbk5k_&amp;__tn__=kK-R\" target=\"_blank\" rel=\"noopener\">Ejercito de Guatemala<\/a>, Brigada de Artiller\u00eda de Campa\u00f1a -BAC-, <a href=\"https:\/\/www.facebook.com\/PoliciaNacionalCivildeGuatemala\/?__cft__%5b0%5d=AZX_DnyviChd6L0vT5S9IvozLBoeRDCgh9_rTsxo0RLjYntGAf9Yof3IOZsLVP1_NzLC40hgT-UnXkk1bQZT0c6IYqttGB1i7ZzD2_58n6J2szTmLp2VbSwLu_7UKtZOr26DboncDv6EfOszAncbk5k_&amp;__tn__=kK-R\" target=\"_blank\" rel=\"noopener\">PNCdeGuatemala<\/a> y la Conred en Coordinaci\u00f3n interinstitucional con varios sectores como Bomberos Municipales Departamentales y las Municipalidades de San Miguel Tucur\u00fa y Santa Catalina la tinta se le dio una pronta atenci\u00f3n a los da\u00f1os ocasionados sobre la cinta asf\u00e1ltica, de la misma manera a trav\u00e9s de la CONRED se realiza la Evaluaci\u00f3n de Da\u00f1os y An\u00e1lisis de Necesidades de los hogares afectados por estos deslizamientos y darles una pronta atenci\u00f3n.<\/p>\n<p style=\"text-align: justify;\">El se\u00f1or Gobernador Departamental en su calidad de Presidente de la Coordinadora Departamental para la Reducci\u00f3n de Desastres -CODRED-, en reuni\u00f3n de toma de decisiones envi\u00f3 un documento a los alcaldes de los 17 municipios, donde se les solicita que a trav\u00e9s de la COMRED se realice una evaluaci\u00f3n de sus comunidades que sean propensas a deslizamientos, se concientice a la poblaci\u00f3n a tomar medidas prematuras para evitar p\u00e9rdidas humanas y estar preparados con la mochila de las 72 horas, un peque\u00f1o equipaje de mano \u201cindividual\u201d que contiene algunos objetos y recursos que le pueden ayudar o incluso salvar la vida en caso de emergencia.<\/p>\n<p><a href=\"https:\/\/www.facebook.com\/hashtag\/guatemalanosedetiene?__eep__=6&amp;__cft__%5b0%5d=AZX_DnyviChd6L0vT5S9IvozLBoeRDCgh9_rTsxo0RLjYntGAf9Yof3IOZsLVP1_NzLC40hgT-UnXkk1bQZT0c6IYqttGB1i7ZzD2_58n6J2szTmLp2VbSwLu_7UKtZOr26DboncDv6EfOszAncbk5k_&amp;__tn__=*NK-R\" target=\"_blank\" rel=\"noopener\">#GuatemalaNoSeDetiene<br \/>\n<\/a><a href=\"https:\/\/www.facebook.com\/hashtag\/altaverapazsigueavanzando?__eep__=6&amp;__cft__%5b0%5d=AZX_DnyviChd6L0vT5S9IvozLBoeRDCgh9_rTsxo0RLjYntGAf9Yof3IOZsLVP1_NzLC40hgT-UnXkk1bQZT0c6IYqttGB1i7ZzD2_58n6J2szTmLp2VbSwLu_7UKtZOr26DboncDv6EfOszAncbk5k_&amp;__tn__=*NK-R\" target=\"_blank\" rel=\"noopener\">#altaverapazsigueavanzando<br \/>\n<\/a><a href=\"https:\/\/www.facebook.com\/hashtag\/juntossaldremosadelante?__eep__=6&amp;__cft__%5b0%5d=AZX_DnyviChd6L0vT5S9IvozLBoeRDCgh9_rTsxo0RLjYntGAf9Yof3IOZsLVP1_NzLC40hgT-UnXkk1bQZT0c6IYqttGB1i7ZzD2_58n6J2szTmLp2VbSwLu_7UKtZOr26DboncDv6EfOszAncbk5k_&amp;__tn__=*NK-R\" target=\"_blank\" rel=\"noopener\">#JuntosSaldremosAdelante<br \/>\n<\/a><a href=\"https:\/\/www.facebook.com\/hashtag\/accionesquetransforman?__eep__=6&amp;__cft__%5b0%5d=AZX_DnyviChd6L0vT5S9IvozLBoeRDCgh9_rTsxo0RLjYntGAf9Yof3IOZsLVP1_NzLC40hgT-UnXkk1bQZT0c6IYqttGB1i7ZzD2_58n6J2szTmLp2VbSwLu_7UKtZOr26DboncDv6EfOszAncbk5k_&amp;__tn__=*NK-R\" target=\"_blank\" rel=\"noopener\">#AccionesQueTransforman<\/a><\/p>\n<div><\/div>\n<p>&nbsp;<\/p>\n","protected":false},"excerpt":{"rendered":"<p>Varios deslaves ocurridos sobre la cinta asf\u00e1ltica ruta del Polochic, Km. 221+000, de la Ruta Nacional 7E (El Polochic), Tramo: Tucur\u00fa-La Tinta, con remoci\u00f3n de 3,500 m3 de derrumbe y en la aldea Sepacay en San Miguel Tucur\u00fa, Alta Verapaz. Las constantes lluvias provocaron los derrumbes de varios cerros que se desprendieron; cayeron piedras, tierra [&hellip;]<\/p>\n","protected":false},"author":1,"featured_media":11500,"comment_status":"closed","ping_status":"open","sticky":false,"template":"","format":"gallery","meta":[],"categories":[197],"tags":[178],"_links":{"self":[{"href":"https:\/\/gobernacionaltaverapaz.gob.gt\/index.php?rest_route=\/wp\/v2\/posts\/11488"}],"collection":[{"href":"https:\/\/gobernacionaltaverapaz.gob.gt\/index.php?rest_route=\/wp\/v2\/posts"}],"about":[{"href":"https:\/\/gobernacionaltaverapaz.gob.gt\/index.php?rest_route=\/wp\/v2\/types\/post"}],"author":[{"embeddable":true,"href":"https:\/\/gobernacionaltaverapaz.gob.gt\/index.php?rest_route=\/wp\/v2\/users\/1"}],"replies":[{"embeddable":true,"href":"https:\/\/gobernacionaltaverapaz.gob.gt\/index.php?rest_route=%2Fwp%2Fv2%2Fcomments&post=11488"}],"version-history":[{"count":3,"href":"https:\/\/gobernacionaltaverapaz.gob.gt\/index.php?rest_route=\/wp\/v2\/posts\/11488\/revisions"}],"predecessor-version":[{"id":11506,"href":"https:\/\/gobernacionaltaverapaz.gob.gt\/index.php?rest_route=\/wp\/v2\/posts\/11488\/revisions\/11506"}],"wp:featuredmedia":[{"embeddable":true,"href":"https:\/\/gobernacionaltaverapaz.gob.gt\/index.php?rest_route=\/wp\/v2\/media\/11500"}],"wp:attachment":[{"href":"https:\/\/gobernacionaltaverapaz.gob.gt\/index.php?rest_route=%2Fwp%2Fv2%2Fmedia&parent=11488"}],"wp:term":[{"taxonomy":"category","embeddable":true,"href":"https:\/\/gobernacionaltaverapaz.gob.gt\/index.php?rest_route=%2Fwp%2Fv2%2Fcategories&post=11488"},{"taxonomy":"post_tag","embeddable":true,"href":"https:\/\/gobernacionaltaverapaz.gob.gt\/index.php?rest_route=%2Fwp%2Fv2%2Ftags&post=11488"}],"curies":[{"name":"wp","href":"https:\/\/api.w.org\/{rel}","templated":true}]}}