{"id":11507,"date":"2021-08-25T18:24:15","date_gmt":"2021-08-26T00:24:15","guid":{"rendered":"https:\/\/gobernacionaltaverapaz.gob.gt\/?p=11507"},"modified":"2021-09-02T10:10:41","modified_gmt":"2021-09-02T16:10:41","slug":"taller-departamental-con-tcnicos-de-las-ompna-actores-claves","status":"publish","type":"post","link":"https:\/\/gobernacionaltaverapaz.gob.gt\/?p=11507","title":{"rendered":"Taller departamental con t\u00e9cnicos de las -OMPNA- y factores claves."},"content":{"rendered":"<p style=\"text-align: justify;\">Bajo el lema \u201cCreando entornos protectores para los NNA de mi metro cuadrado&#8221;, se desarroll\u00f3 el taller departamental con t\u00e9cnicos de las Oficinas Municipales de Protecci\u00f3n a la ni\u00f1ez y adolescencia -OMPNA-, factores claves y gobernaci\u00f3n de Alta Verapaz, dirigido por El Refugio de la Ni\u00f1ez, con el apoyo de <a href=\"https:\/\/www.facebook.com\/unicef\/?__cft__%5b0%5d=AZUfau_yD2MKdKUC2ert4y5l1pcZtdlJ7aVO8sMt8vBT-foT13IgkKr-hqmOXDUevZvBSUz6g9NAY4vBftW9ZjRSbzbGw6aLpMzmCaRbagOn8_g515y_bX7Nak70LAyFFxHdliub2Aj3KcREJynIvkgN&amp;__tn__=kK-R\" target=\"_blank\" rel=\"noopener\">UNICEF<\/a> y el gobierno de Suecia. Con el fin de fortalecer los conocimientos sobre estrategias de trabajo para la implementaci\u00f3n de buenas pr\u00e1cticas en casos sobre situaciones de desprotecci\u00f3n y protecci\u00f3n social.<\/p>\n<p style=\"text-align: justify;\">En la actividad se evalu\u00f3 los avances en la ejecuci\u00f3n del Plan Operativo Anual 2021 de las OMPNA y Oficinas Municipales de Juventud.<\/p>\n<p style=\"text-align: justify;\">El Se\u00f1or Gobernador Departamental, Romel Manuel Veliz Castro, reitero su compromiso para seguir trabajando e incidiendo a favor de la ni\u00f1ez y adolescencia, reconociendo la intervenci\u00f3n que cada una de las dependencias municipales realiza en sus municipios para la construcci\u00f3n de entornos protectores.<\/p>\n<p><a href=\"https:\/\/www.facebook.com\/amigosdeElRefugio\/?__cft__%5b0%5d=AZUfau_yD2MKdKUC2ert4y5l1pcZtdlJ7aVO8sMt8vBT-foT13IgkKr-hqmOXDUevZvBSUz6g9NAY4vBftW9ZjRSbzbGw6aLpMzmCaRbagOn8_g515y_bX7Nak70LAyFFxHdliub2Aj3KcREJynIvkgN&amp;__tn__=kK-R\" target=\"_blank\" rel=\"noopener\">El Refugio de la Ni\u00f1ez<br \/>\n<\/a><a href=\"https:\/\/www.facebook.com\/hashtag\/accionesquetransforman?__eep__=6&amp;__cft__%5b0%5d=AZUfau_yD2MKdKUC2ert4y5l1pcZtdlJ7aVO8sMt8vBT-foT13IgkKr-hqmOXDUevZvBSUz6g9NAY4vBftW9ZjRSbzbGw6aLpMzmCaRbagOn8_g515y_bX7Nak70LAyFFxHdliub2Aj3KcREJynIvkgN&amp;__tn__=*NK-R\" target=\"_blank\" rel=\"noopener\">#AccionesQueTransforman<br \/>\n<\/a><a href=\"https:\/\/www.facebook.com\/hashtag\/guatemalanosedetiene?__eep__=6&amp;__cft__%5b0%5d=AZUfau_yD2MKdKUC2ert4y5l1pcZtdlJ7aVO8sMt8vBT-foT13IgkKr-hqmOXDUevZvBSUz6g9NAY4vBftW9ZjRSbzbGw6aLpMzmCaRbagOn8_g515y_bX7Nak70LAyFFxHdliub2Aj3KcREJynIvkgN&amp;__tn__=*NK-R\" target=\"_blank\" rel=\"noopener\">#GuatemalaNoSeDetiene<br \/>\n<\/a><a href=\"https:\/\/www.facebook.com\/hashtag\/unicef?__eep__=6&amp;__cft__%5b0%5d=AZUfau_yD2MKdKUC2ert4y5l1pcZtdlJ7aVO8sMt8vBT-foT13IgkKr-hqmOXDUevZvBSUz6g9NAY4vBftW9ZjRSbzbGw6aLpMzmCaRbagOn8_g515y_bX7Nak70LAyFFxHdliub2Aj3KcREJynIvkgN&amp;__tn__=*NK-R\" target=\"_blank\" rel=\"noopener\">#Unicef<br \/>\n<\/a><a href=\"https:\/\/www.facebook.com\/hashtag\/gobiernodesuecia?__eep__=6&amp;__cft__%5b0%5d=AZUfau_yD2MKdKUC2ert4y5l1pcZtdlJ7aVO8sMt8vBT-foT13IgkKr-hqmOXDUevZvBSUz6g9NAY4vBftW9ZjRSbzbGw6aLpMzmCaRbagOn8_g515y_bX7Nak70LAyFFxHdliub2Aj3KcREJynIvkgN&amp;__tn__=*NK-R\" target=\"_blank\" rel=\"noopener\">#gobiernodesuecia<br \/>\n<\/a><a href=\"https:\/\/www.facebook.com\/hashtag\/ni%C3%B1ezyadolescenciaprotegida?__eep__=6&amp;__cft__%5b0%5d=AZUfau_yD2MKdKUC2ert4y5l1pcZtdlJ7aVO8sMt8vBT-foT13IgkKr-hqmOXDUevZvBSUz6g9NAY4vBftW9ZjRSbzbGw6aLpMzmCaRbagOn8_g515y_bX7Nak70LAyFFxHdliub2Aj3KcREJynIvkgN&amp;__tn__=*NK-R\" target=\"_blank\" rel=\"noopener\">#ni\u00f1ezyadolescenciaprotegida<\/a><\/p>\n<div><\/div>\n","protected":false},"excerpt":{"rendered":"<p>Bajo el lema \u201cCreando entornos protectores para los NNA de mi metro cuadrado&#8221;, se desarroll\u00f3 el taller departamental con t\u00e9cnicos de las Oficinas Municipales de Protecci\u00f3n a la ni\u00f1ez y adolescencia -OMPNA-, factores claves y gobernaci\u00f3n de Alta Verapaz, dirigido por El Refugio de la Ni\u00f1ez, con el apoyo de UNICEF y el gobierno de [&hellip;]<\/p>\n","protected":false},"author":1,"featured_media":11509,"comment_status":"closed","ping_status":"open","sticky":false,"template":"","format":"gallery","meta":[],"categories":[191],"tags":[178],"_links":{"self":[{"href":"https:\/\/gobernacionaltaverapaz.gob.gt\/index.php?rest_route=\/wp\/v2\/posts\/11507"}],"collection":[{"href":"https:\/\/gobernacionaltaverapaz.gob.gt\/index.php?rest_route=\/wp\/v2\/posts"}],"about":[{"href":"https:\/\/gobernacionaltaverapaz.gob.gt\/index.php?rest_route=\/wp\/v2\/types\/post"}],"author":[{"embeddable":true,"href":"https:\/\/gobernacionaltaverapaz.gob.gt\/index.php?rest_route=\/wp\/v2\/users\/1"}],"replies":[{"embeddable":true,"href":"https:\/\/gobernacionaltaverapaz.gob.gt\/index.php?rest_route=%2Fwp%2Fv2%2Fcomments&post=11507"}],"version-history":[{"count":4,"href":"https:\/\/gobernacionaltaverapaz.gob.gt\/index.php?rest_route=\/wp\/v2\/posts\/11507\/revisions"}],"predecessor-version":[{"id":11516,"href":"https:\/\/gobernacionaltaverapaz.gob.gt\/index.php?rest_route=\/wp\/v2\/posts\/11507\/revisions\/11516"}],"wp:featuredmedia":[{"embeddable":true,"href":"https:\/\/gobernacionaltaverapaz.gob.gt\/index.php?rest_route=\/wp\/v2\/media\/11509"}],"wp:attachment":[{"href":"https:\/\/gobernacionaltaverapaz.gob.gt\/index.php?rest_route=%2Fwp%2Fv2%2Fmedia&parent=11507"}],"wp:term":[{"taxonomy":"category","embeddable":true,"href":"https:\/\/gobernacionaltaverapaz.gob.gt\/index.php?rest_route=%2Fwp%2Fv2%2Fcategories&post=11507"},{"taxonomy":"post_tag","embeddable":true,"href":"https:\/\/gobernacionaltaverapaz.gob.gt\/index.php?rest_route=%2Fwp%2Fv2%2Ftags&post=11507"}],"curies":[{"name":"wp","href":"https:\/\/api.w.org\/{rel}","templated":true}]}}