{"id":11517,"date":"2021-08-25T21:43:27","date_gmt":"2021-08-26T03:43:27","guid":{"rendered":"https:\/\/gobernacionaltaverapaz.gob.gt\/?p=11517"},"modified":"2021-09-02T10:20:47","modified_gmt":"2021-09-02T16:20:47","slug":"coem-de-panzs-hace-entrega-de-raciones-de-alimentos","status":"publish","type":"post","link":"https:\/\/gobernacionaltaverapaz.gob.gt\/?p=11517","title":{"rendered":"COEM de Panz\u00f3s hace entrega de raciones de alimentos"},"content":{"rendered":"<p style=\"text-align: justify;\">En cumplimiento al plan nacional de respuesta, el Gobierno de Guatemala a trav\u00e9s del COEM de Panz\u00f3s hace entrega de raciones de alimentos mediante la CONRED a damnificados de Panz\u00f3s, Alta Verapaz.<\/p>\n<p><img decoding=\"async\" loading=\"lazy\" class=\"alignnone wp-image-11518 size-full\" src=\"https:\/\/gobernacionaltaverapaz.gob.gt\/wp-content\/uploads\/2021\/09\/001-4.jpg\" alt=\"\" width=\"900\" height=\"600\" srcset=\"https:\/\/gobernacionaltaverapaz.gob.gt\/wp-content\/uploads\/2021\/09\/001-4.jpg 900w, https:\/\/gobernacionaltaverapaz.gob.gt\/wp-content\/uploads\/2021\/09\/001-4-300x200.jpg 300w, https:\/\/gobernacionaltaverapaz.gob.gt\/wp-content\/uploads\/2021\/09\/001-4-768x512.jpg 768w\" sizes=\"(max-width: 900px) 100vw, 900px\" \/> <img decoding=\"async\" loading=\"lazy\" class=\"alignnone wp-image-11519 size-full\" src=\"https:\/\/gobernacionaltaverapaz.gob.gt\/wp-content\/uploads\/2021\/09\/002-3.jpg\" alt=\"\" width=\"900\" height=\"600\" srcset=\"https:\/\/gobernacionaltaverapaz.gob.gt\/wp-content\/uploads\/2021\/09\/002-3.jpg 900w, https:\/\/gobernacionaltaverapaz.gob.gt\/wp-content\/uploads\/2021\/09\/002-3-300x200.jpg 300w, https:\/\/gobernacionaltaverapaz.gob.gt\/wp-content\/uploads\/2021\/09\/002-3-768x512.jpg 768w\" sizes=\"(max-width: 900px) 100vw, 900px\" \/> <img decoding=\"async\" loading=\"lazy\" class=\"alignnone wp-image-11521 size-full\" src=\"https:\/\/gobernacionaltaverapaz.gob.gt\/wp-content\/uploads\/2021\/09\/004-3.jpg\" alt=\"\" width=\"900\" height=\"600\" srcset=\"https:\/\/gobernacionaltaverapaz.gob.gt\/wp-content\/uploads\/2021\/09\/004-3.jpg 900w, https:\/\/gobernacionaltaverapaz.gob.gt\/wp-content\/uploads\/2021\/09\/004-3-300x200.jpg 300w, https:\/\/gobernacionaltaverapaz.gob.gt\/wp-content\/uploads\/2021\/09\/004-3-768x512.jpg 768w\" sizes=\"(max-width: 900px) 100vw, 900px\" \/><\/p>\n","protected":false},"excerpt":{"rendered":"<p>En cumplimiento al plan nacional de respuesta, el Gobierno de Guatemala a trav\u00e9s del COEM de Panz\u00f3s hace entrega de raciones de alimentos mediante la CONRED a damnificados de Panz\u00f3s, Alta Verapaz.<\/p>\n","protected":false},"author":1,"featured_media":11520,"comment_status":"closed","ping_status":"open","sticky":false,"template":"","format":"standard","meta":[],"categories":[5],"tags":[178],"_links":{"self":[{"href":"https:\/\/gobernacionaltaverapaz.gob.gt\/index.php?rest_route=\/wp\/v2\/posts\/11517"}],"collection":[{"href":"https:\/\/gobernacionaltaverapaz.gob.gt\/index.php?rest_route=\/wp\/v2\/posts"}],"about":[{"href":"https:\/\/gobernacionaltaverapaz.gob.gt\/index.php?rest_route=\/wp\/v2\/types\/post"}],"author":[{"embeddable":true,"href":"https:\/\/gobernacionaltaverapaz.gob.gt\/index.php?rest_route=\/wp\/v2\/users\/1"}],"replies":[{"embeddable":true,"href":"https:\/\/gobernacionaltaverapaz.gob.gt\/index.php?rest_route=%2Fwp%2Fv2%2Fcomments&post=11517"}],"version-history":[{"count":2,"href":"https:\/\/gobernacionaltaverapaz.gob.gt\/index.php?rest_route=\/wp\/v2\/posts\/11517\/revisions"}],"predecessor-version":[{"id":11523,"href":"https:\/\/gobernacionaltaverapaz.gob.gt\/index.php?rest_route=\/wp\/v2\/posts\/11517\/revisions\/11523"}],"wp:featuredmedia":[{"embeddable":true,"href":"https:\/\/gobernacionaltaverapaz.gob.gt\/index.php?rest_route=\/wp\/v2\/media\/11520"}],"wp:attachment":[{"href":"https:\/\/gobernacionaltaverapaz.gob.gt\/index.php?rest_route=%2Fwp%2Fv2%2Fmedia&parent=11517"}],"wp:term":[{"taxonomy":"category","embeddable":true,"href":"https:\/\/gobernacionaltaverapaz.gob.gt\/index.php?rest_route=%2Fwp%2Fv2%2Fcategories&post=11517"},{"taxonomy":"post_tag","embeddable":true,"href":"https:\/\/gobernacionaltaverapaz.gob.gt\/index.php?rest_route=%2Fwp%2Fv2%2Ftags&post=11517"}],"curies":[{"name":"wp","href":"https:\/\/api.w.org\/{rel}","templated":true}]}}