{"id":11524,"date":"2021-08-26T09:02:00","date_gmt":"2021-08-26T15:02:00","guid":{"rendered":"https:\/\/gobernacionaltaverapaz.gob.gt\/?p=11524"},"modified":"2021-09-02T16:49:40","modified_gmt":"2021-09-02T22:49:40","slug":"gira-nacional-de-omas","status":"publish","type":"post","link":"https:\/\/gobernacionaltaverapaz.gob.gt\/?p=11524","title":{"rendered":"Gira nacional de OMAS"},"content":{"rendered":"<p style=\"text-align: justify;\">El d\u00eda de hoy se realiz\u00f3 reuni\u00f3n de trabajo con la Comisi\u00f3n Presidencial de Asuntos Municipales \u2013COPRESAM- y el se\u00f1or alcalde de Santa Cruz Verapaz, Efra\u00edn Cuc, con la misi\u00f3n principal de fortalecer las competencias de las municipalidades, impulsar las metas de desarrollo que han considerado en cada gobierno local y coadyuvar a la implementaci\u00f3n de proyectos de agua y saneamiento que sean necesarios en los municipios.<\/p>\n<p style=\"text-align: justify;\">El se\u00f1or Gobernador Departamental, Romel Veliz Castro, resalto que gracias a la intervenci\u00f3n Instituto de Fomento Municipal -INFOM- Regi\u00f3n II las Verapaces se ha logrado un gran avance en algunas municipalidades del departamento respecto a la implementaci\u00f3n de los Manuales de funciones, Procedimientos y Reglamentos Internos de las Oficinas Municipales de Agua y Saneamiento \u2013OMAS-.<\/p>\n<p><a href=\"https:\/\/www.facebook.com\/hashtag\/guatemalanosedetiene?__eep__=6&amp;__cft__%5b0%5d=AZWoEpn7nWwkJYVBQ0-x_9UzSeLeL1bX-xedA7ux1uU7XCJ4U3wFXys1LRpoM0PV9Y-QTvSww6yBUNWk8LAqj41IfHp4yUWULYcCyMcFp16Dwyz9qTzgsMVGvCx0ER__STr3eSZPflqUBGLbqvvPvliE&amp;__tn__=*NK-R\" target=\"_blank\" rel=\"noopener\">#GuatemalaNoSeDetiene<br \/>\n<\/a><a href=\"https:\/\/www.facebook.com\/hashtag\/accionesquetransforman?__eep__=6&amp;__cft__%5b0%5d=AZWoEpn7nWwkJYVBQ0-x_9UzSeLeL1bX-xedA7ux1uU7XCJ4U3wFXys1LRpoM0PV9Y-QTvSww6yBUNWk8LAqj41IfHp4yUWULYcCyMcFp16Dwyz9qTzgsMVGvCx0ER__STr3eSZPflqUBGLbqvvPvliE&amp;__tn__=*NK-R\" target=\"_blank\" rel=\"noopener\">#AccionesQueTransforman<br \/>\n<\/a><a href=\"https:\/\/www.facebook.com\/hashtag\/altaverapazsigueavanzando?__eep__=6&amp;__cft__%5b0%5d=AZWoEpn7nWwkJYVBQ0-x_9UzSeLeL1bX-xedA7ux1uU7XCJ4U3wFXys1LRpoM0PV9Y-QTvSww6yBUNWk8LAqj41IfHp4yUWULYcCyMcFp16Dwyz9qTzgsMVGvCx0ER__STr3eSZPflqUBGLbqvvPvliE&amp;__tn__=*NK-R\" target=\"_blank\" rel=\"noopener\">#altaverapazsigueavanzando<\/a><\/p>\n<div><\/div>\n<p>&nbsp;<\/p>\n","protected":false},"excerpt":{"rendered":"<p>El d\u00eda de hoy se realiz\u00f3 reuni\u00f3n de trabajo con la Comisi\u00f3n Presidencial de Asuntos Municipales \u2013COPRESAM- y el se\u00f1or alcalde de Santa Cruz Verapaz, Efra\u00edn Cuc, con la misi\u00f3n principal de fortalecer las competencias de las municipalidades, impulsar las metas de desarrollo que han considerado en cada gobierno local y coadyuvar a la implementaci\u00f3n [&hellip;]<\/p>\n","protected":false},"author":1,"featured_media":11529,"comment_status":"closed","ping_status":"open","sticky":false,"template":"","format":"gallery","meta":[],"categories":[183],"tags":[178],"_links":{"self":[{"href":"https:\/\/gobernacionaltaverapaz.gob.gt\/index.php?rest_route=\/wp\/v2\/posts\/11524"}],"collection":[{"href":"https:\/\/gobernacionaltaverapaz.gob.gt\/index.php?rest_route=\/wp\/v2\/posts"}],"about":[{"href":"https:\/\/gobernacionaltaverapaz.gob.gt\/index.php?rest_route=\/wp\/v2\/types\/post"}],"author":[{"embeddable":true,"href":"https:\/\/gobernacionaltaverapaz.gob.gt\/index.php?rest_route=\/wp\/v2\/users\/1"}],"replies":[{"embeddable":true,"href":"https:\/\/gobernacionaltaverapaz.gob.gt\/index.php?rest_route=%2Fwp%2Fv2%2Fcomments&post=11524"}],"version-history":[{"count":2,"href":"https:\/\/gobernacionaltaverapaz.gob.gt\/index.php?rest_route=\/wp\/v2\/posts\/11524\/revisions"}],"predecessor-version":[{"id":11531,"href":"https:\/\/gobernacionaltaverapaz.gob.gt\/index.php?rest_route=\/wp\/v2\/posts\/11524\/revisions\/11531"}],"wp:featuredmedia":[{"embeddable":true,"href":"https:\/\/gobernacionaltaverapaz.gob.gt\/index.php?rest_route=\/wp\/v2\/media\/11529"}],"wp:attachment":[{"href":"https:\/\/gobernacionaltaverapaz.gob.gt\/index.php?rest_route=%2Fwp%2Fv2%2Fmedia&parent=11524"}],"wp:term":[{"taxonomy":"category","embeddable":true,"href":"https:\/\/gobernacionaltaverapaz.gob.gt\/index.php?rest_route=%2Fwp%2Fv2%2Fcategories&post=11524"},{"taxonomy":"post_tag","embeddable":true,"href":"https:\/\/gobernacionaltaverapaz.gob.gt\/index.php?rest_route=%2Fwp%2Fv2%2Ftags&post=11524"}],"curies":[{"name":"wp","href":"https:\/\/api.w.org\/{rel}","templated":true}]}}