{"id":11532,"date":"2021-08-26T18:52:32","date_gmt":"2021-08-27T00:52:32","guid":{"rendered":"https:\/\/gobernacionaltaverapaz.gob.gt\/?p=11532"},"modified":"2021-09-03T08:54:30","modified_gmt":"2021-09-03T14:54:30","slug":"mejoramiento-camino-rural-aldea-najquitob-santa-cruz-verapaz-alta-verapaz","status":"publish","type":"post","link":"https:\/\/gobernacionaltaverapaz.gob.gt\/?p=11532","title":{"rendered":"Mejoramiento camino rural Aldea Najquitob, Santa Cruz Verapaz, Alta Verapaz"},"content":{"rendered":"<p style=\"text-align: justify;\">Aldea Najquitob, pertenece al municipio de Santa Cruz Verapaz, del departamento de Alta Verapaz; cuenta con una poblaci\u00f3n seg\u00fan proyecci\u00f3n de la Direcci\u00f3n Municipal de Planificaci\u00f3n del a\u00f1o 2020, de 3,000 habitantes entre hombres, mujeres y ni\u00f1os. Existen alrededor de 506 viviendas.<\/p>\n<p style=\"text-align: justify;\">El se\u00f1or gobernador departamental, Romel Manuel Veliz Castro en su calidad de presidente de los Consejos Departamentales de Desarrollo Urbano y Rural junto al se\u00f1or alcalde de Santa Cruz Verapaz, Efrain Cuc, su honorable Concejo Municipal y Cocodes, colocaron la primera piedra para dar inicio a los trabajos de mejoramiento Camino Rural aldea najquitob, Santa Cruz, Alta Verapaz.<\/p>\n<p style=\"text-align: justify;\">El <a href=\"https:\/\/www.facebook.com\/guatemalagob\/?__cft__%5b0%5d=AZXZKuQrmfpKvn69ExBAjD_PI4f3OsMoLwSxdQUS536T15lmDwfNA2e8kauR0-mKMPi7FCwydUfoFafnu3RnnDylV21RmwPQl24nN06mXH6zegHuklHH0r3l6FaeGjldGRQv7Ifyi14wm81yXygMSuS3&amp;__tn__=kK-R\" target=\"_blank\" rel=\"noopener\">Gobierno de Guatemala<\/a> a trav\u00e9s de los ejes de trabajos del se\u00f1or presidente <a href=\"https:\/\/www.facebook.com\/AlejandroGiammattei\/?__cft__%5b0%5d=AZXZKuQrmfpKvn69ExBAjD_PI4f3OsMoLwSxdQUS536T15lmDwfNA2e8kauR0-mKMPi7FCwydUfoFafnu3RnnDylV21RmwPQl24nN06mXH6zegHuklHH0r3l6FaeGjldGRQv7Ifyi14wm81yXygMSuS3&amp;__tn__=kK-R\" target=\"_blank\" rel=\"noopener\">Alejandro Giammattei<\/a> se ejecutara este proyecto que contribuir\u00e1\u0301 a la problem\u00e1tica que afecta a los habitantes de Aldea Najquitob, debido a que permitir\u00e1\u0301 disminuir el \u00edndice de morbilidad en la poblaci\u00f3n, facilit\u00e1ndole a los pobladores el acceso a la Aldea, para el traslado de pacientes a los servicios de salud, de los productos agr\u00edcolas y comerciales. Asimismo, se reducir\u00eda el da\u00f1o de los veh\u00edculos, beneficiando diariamente a los habitantes de la comunidad que cuentan con ellos.<\/p>\n<p style=\"text-align: justify;\">El proyecto tendr\u00e1 un costo de Q 1, 773,676.800, y beneficiara a cuatro comunidades m\u00e1s, las que son Chiquiguital, San Antonio Panec, Rosario Italia y Pancalax.<\/p>\n<p><a href=\"https:\/\/www.facebook.com\/hashtag\/guatemalanosedetiene?__eep__=6&amp;__cft__%5b0%5d=AZXZKuQrmfpKvn69ExBAjD_PI4f3OsMoLwSxdQUS536T15lmDwfNA2e8kauR0-mKMPi7FCwydUfoFafnu3RnnDylV21RmwPQl24nN06mXH6zegHuklHH0r3l6FaeGjldGRQv7Ifyi14wm81yXygMSuS3&amp;__tn__=*NK-R\" target=\"_blank\" rel=\"noopener\">#GuatemalaNoSeDetiene<br \/>\n<\/a><a href=\"https:\/\/www.facebook.com\/hashtag\/altaverapazsigueavanzando?__eep__=6&amp;__cft__%5b0%5d=AZXZKuQrmfpKvn69ExBAjD_PI4f3OsMoLwSxdQUS536T15lmDwfNA2e8kauR0-mKMPi7FCwydUfoFafnu3RnnDylV21RmwPQl24nN06mXH6zegHuklHH0r3l6FaeGjldGRQv7Ifyi14wm81yXygMSuS3&amp;__tn__=*NK-R\" target=\"_blank\" rel=\"noopener\">#AltaVerapazsigueavanzando<br \/>\n<\/a><a href=\"https:\/\/www.facebook.com\/hashtag\/accionesquetransforman?__eep__=6&amp;__cft__%5b0%5d=AZXZKuQrmfpKvn69ExBAjD_PI4f3OsMoLwSxdQUS536T15lmDwfNA2e8kauR0-mKMPi7FCwydUfoFafnu3RnnDylV21RmwPQl24nN06mXH6zegHuklHH0r3l6FaeGjldGRQv7Ifyi14wm81yXygMSuS3&amp;__tn__=*NK-R\" target=\"_blank\" rel=\"noopener\">#AccionesQueTransforman<br \/>\n<\/a><a href=\"https:\/\/www.facebook.com\/hashtag\/scepesdesarrollo?__eep__=6&amp;__cft__%5b0%5d=AZXZKuQrmfpKvn69ExBAjD_PI4f3OsMoLwSxdQUS536T15lmDwfNA2e8kauR0-mKMPi7FCwydUfoFafnu3RnnDylV21RmwPQl24nN06mXH6zegHuklHH0r3l6FaeGjldGRQv7Ifyi14wm81yXygMSuS3&amp;__tn__=*NK-R\" target=\"_blank\" rel=\"noopener\">#SCEPesDesarrollo<\/a><\/p>\n<div><\/div>\n<div><a href=\"https:\/\/www.facebook.com\/GobernacionAV\/videos\/877725129545064\/\" target=\"_blank\" rel=\"noopener\"><img decoding=\"async\" loading=\"lazy\" class=\"wp-image-11542 size-medium alignleft\" title=\"Ver video en Facebook\" src=\"https:\/\/gobernacionaltaverapaz.gob.gt\/wp-content\/uploads\/2021\/08\/001-9-300x200.jpg\" alt=\"\" width=\"300\" height=\"200\" srcset=\"https:\/\/gobernacionaltaverapaz.gob.gt\/wp-content\/uploads\/2021\/08\/001-9-300x200.jpg 300w, https:\/\/gobernacionaltaverapaz.gob.gt\/wp-content\/uploads\/2021\/08\/001-9-768x512.jpg 768w, https:\/\/gobernacionaltaverapaz.gob.gt\/wp-content\/uploads\/2021\/08\/001-9.jpg 900w\" sizes=\"(max-width: 300px) 100vw, 300px\" \/><\/a><\/div>\n","protected":false},"excerpt":{"rendered":"<p>Aldea Najquitob, pertenece al municipio de Santa Cruz Verapaz, del departamento de Alta Verapaz; cuenta con una poblaci\u00f3n seg\u00fan proyecci\u00f3n de la Direcci\u00f3n Municipal de Planificaci\u00f3n del a\u00f1o 2020, de 3,000 habitantes entre hombres, mujeres y ni\u00f1os. Existen alrededor de 506 viviendas. El se\u00f1or gobernador departamental, Romel Manuel Veliz Castro en su calidad de presidente [&hellip;]<\/p>\n","protected":false},"author":1,"featured_media":11535,"comment_status":"closed","ping_status":"open","sticky":false,"template":"","format":"video","meta":[],"categories":[4],"tags":[178],"_links":{"self":[{"href":"https:\/\/gobernacionaltaverapaz.gob.gt\/index.php?rest_route=\/wp\/v2\/posts\/11532"}],"collection":[{"href":"https:\/\/gobernacionaltaverapaz.gob.gt\/index.php?rest_route=\/wp\/v2\/posts"}],"about":[{"href":"https:\/\/gobernacionaltaverapaz.gob.gt\/index.php?rest_route=\/wp\/v2\/types\/post"}],"author":[{"embeddable":true,"href":"https:\/\/gobernacionaltaverapaz.gob.gt\/index.php?rest_route=\/wp\/v2\/users\/1"}],"replies":[{"embeddable":true,"href":"https:\/\/gobernacionaltaverapaz.gob.gt\/index.php?rest_route=%2Fwp%2Fv2%2Fcomments&post=11532"}],"version-history":[{"count":5,"href":"https:\/\/gobernacionaltaverapaz.gob.gt\/index.php?rest_route=\/wp\/v2\/posts\/11532\/revisions"}],"predecessor-version":[{"id":11544,"href":"https:\/\/gobernacionaltaverapaz.gob.gt\/index.php?rest_route=\/wp\/v2\/posts\/11532\/revisions\/11544"}],"wp:featuredmedia":[{"embeddable":true,"href":"https:\/\/gobernacionaltaverapaz.gob.gt\/index.php?rest_route=\/wp\/v2\/media\/11535"}],"wp:attachment":[{"href":"https:\/\/gobernacionaltaverapaz.gob.gt\/index.php?rest_route=%2Fwp%2Fv2%2Fmedia&parent=11532"}],"wp:term":[{"taxonomy":"category","embeddable":true,"href":"https:\/\/gobernacionaltaverapaz.gob.gt\/index.php?rest_route=%2Fwp%2Fv2%2Fcategories&post=11532"},{"taxonomy":"post_tag","embeddable":true,"href":"https:\/\/gobernacionaltaverapaz.gob.gt\/index.php?rest_route=%2Fwp%2Fv2%2Ftags&post=11532"}],"curies":[{"name":"wp","href":"https:\/\/api.w.org\/{rel}","templated":true}]}}