{"id":11545,"date":"2021-08-28T16:42:02","date_gmt":"2021-08-28T22:42:02","guid":{"rendered":"https:\/\/gobernacionaltaverapaz.gob.gt\/?p=11545"},"modified":"2021-09-03T09:09:13","modified_gmt":"2021-09-03T15:09:13","slug":"colocacin-de-primera-piedra-para-dar-inicio-los-trabajos-de-mejoramiento-de-dos-caminos-rurales","status":"publish","type":"post","link":"https:\/\/gobernacionaltaverapaz.gob.gt\/?p=11545","title":{"rendered":"Colocaci\u00f3n de primera piedra para dar inicio a los trabajos de mejoramiento de dos caminos Rurales"},"content":{"rendered":"<p style=\"text-align: justify;\">El se\u00f1or Gobernador Departamental, Romel Manuel Veliz Castro en su calidad de presidente del Consejo Departamental de Desarrollo -CODEDE-, junto al se\u00f1or alcalde de Santa Cruz Verapaz, Efrain Cuc, su honorable Concejo Municipal y miembros de los Consejos Comunitarios de Desarrollo -COCODE-, colocaron la primera piedra para dar inicio a los trabajos de mejoramiento de dos caminos Rurales las cuales son:<\/p>\n<p style=\"text-align: justify;\">Mejoramiento Camino Rural Aldea Chixajau, Santa Cruz Alta Verapaz.<\/p>\n<p style=\"text-align: justify;\">El proyecto consistir\u00e1 en pavimentar un tramo de la carretera de la Aldea Chixajau, Santa Cruz Verapaz, Alta Verapaz, mismo que consta de 631.58 metros lineales, con un ancho promedio de 5.70, Aldea Chixajau, pertenece al municipio de Santa Cruz Verapaz, del departamento de Alta Verapaz; cuenta con una poblaci\u00f3n seg\u00fan proyecci\u00f3n de la Direcci\u00f3n Municipal de Planificaci\u00f3n del a\u00f1o 2020, de 2298 habitantes entre hombres, mujeres y ni\u00f1os.<\/p>\n<p style=\"text-align: justify;\">Mejoramiento Camino Rural Caserio Chajcoxoj, Santa Cruz Alta Verapaz.<\/p>\n<p style=\"text-align: justify;\">El proyecto consistir\u00e1 en pavimentar un tramo de la carretera del Caser\u00edo Chajcoxoj, Santa Cruz Verapaz, Alta Verapaz, mismo que consta de 631.58 metros lineales, con un ancho promedio de 5.70 mts, Caser\u00edo Chajcoxoj, pertenece al municipio de Santa Cruz Verapaz, del departamento de Alta Verapaz; cuenta con una poblaci\u00f3n seg\u00fan proyecci\u00f3n de la Direcci\u00f3n Municipal de Planificaci\u00f3n del a\u00f1o 2020, de 376 habitantes entre hombres, mujeres y ni\u00f1os. Existen alrededor de 98 familias y cuenta con 89 viviendas.<\/p>\n<p style=\"text-align: justify;\">El se\u00f1or Gobernador Departamental, resalto que gracias a la buena coordinaci\u00f3n que se tiene con el <a href=\"https:\/\/www.facebook.com\/guatemalagob\/?__cft__%5b0%5d=AZXId9liEj4RiMRaocTLCMetgWZYagD-Bt2oBgxO0DjtjNXaEn34dNX-v4Rl1QKsAB8g5t8Y9p3uhKyvfXMcpWVtn2knwS3Is3Q0gVqLRVojkeiVkeg5IphlPf3gGHki5a8s75FgdAu45R37yiKAH7Zl&amp;__tn__=kK-R\" target=\"_blank\" rel=\"noopener\">Gobierno de Guatemala<\/a> se logra el financiamiento a trav\u00e9s del CODEDE, la ejecuci\u00f3n de este proyecto que contribuir\u00e1\u0301 a la problem\u00e1tica que afecta a los habitantes de las aldeas debido a que permitir\u00e1\u0301 disminuir el \u00edndice de mortalidad en la poblaci\u00f3n, facilit\u00e1ndoles a los pobladores el acceso a las aldeas para el traslado de pacientes a los servicios de salud, de los productos agr\u00edcolas y comerciales. As\u00ed\u0301 mismo, se reducir\u00eda el da\u00f1o de los veh\u00edculos, beneficiando diariamente a los habitantes de la comunidad que cuentan con ellos.<\/p>\n<p><a href=\"https:\/\/www.facebook.com\/hashtag\/guatemalanosedetiene?__eep__=6&amp;__cft__%5b0%5d=AZXId9liEj4RiMRaocTLCMetgWZYagD-Bt2oBgxO0DjtjNXaEn34dNX-v4Rl1QKsAB8g5t8Y9p3uhKyvfXMcpWVtn2knwS3Is3Q0gVqLRVojkeiVkeg5IphlPf3gGHki5a8s75FgdAu45R37yiKAH7Zl&amp;__tn__=*NK-R\" target=\"_blank\" rel=\"noopener\">#GuatemalaNoSeDetiene<br \/>\n<\/a><a href=\"https:\/\/www.facebook.com\/hashtag\/scepesdesarrollo?__eep__=6&amp;__cft__%5b0%5d=AZXId9liEj4RiMRaocTLCMetgWZYagD-Bt2oBgxO0DjtjNXaEn34dNX-v4Rl1QKsAB8g5t8Y9p3uhKyvfXMcpWVtn2knwS3Is3Q0gVqLRVojkeiVkeg5IphlPf3gGHki5a8s75FgdAu45R37yiKAH7Zl&amp;__tn__=*NK-R\" target=\"_blank\" rel=\"noopener\">#SCEPesDesarrollo<br \/>\n<\/a><a href=\"https:\/\/www.facebook.com\/hashtag\/accionesquetransforman?__eep__=6&amp;__cft__%5b0%5d=AZXId9liEj4RiMRaocTLCMetgWZYagD-Bt2oBgxO0DjtjNXaEn34dNX-v4Rl1QKsAB8g5t8Y9p3uhKyvfXMcpWVtn2knwS3Is3Q0gVqLRVojkeiVkeg5IphlPf3gGHki5a8s75FgdAu45R37yiKAH7Zl&amp;__tn__=*NK-R\" target=\"_blank\" rel=\"noopener\">#AccionesQueTransforman<br \/>\n<\/a><a href=\"https:\/\/www.facebook.com\/hashtag\/altaverapazsigueavanzando?__eep__=6&amp;__cft__%5b0%5d=AZXId9liEj4RiMRaocTLCMetgWZYagD-Bt2oBgxO0DjtjNXaEn34dNX-v4Rl1QKsAB8g5t8Y9p3uhKyvfXMcpWVtn2knwS3Is3Q0gVqLRVojkeiVkeg5IphlPf3gGHki5a8s75FgdAu45R37yiKAH7Zl&amp;__tn__=*NK-R\" target=\"_blank\" rel=\"noopener\">#altaverapazsigueavanzando<\/a><\/p>\n<div><\/div>\n<div><a href=\"https:\/\/www.facebook.com\/GobernacionAV\/videos\/859908951322152\" target=\"_blank\" rel=\"noopener\"><img decoding=\"async\" loading=\"lazy\" class=\"alignleft wp-image-11557 size-medium\" title=\"Ver video en Facebook\" src=\"https:\/\/gobernacionaltaverapaz.gob.gt\/wp-content\/uploads\/2021\/08\/001-10-300x200.jpg\" alt=\"\" width=\"300\" height=\"200\" srcset=\"https:\/\/gobernacionaltaverapaz.gob.gt\/wp-content\/uploads\/2021\/08\/001-10-300x200.jpg 300w, https:\/\/gobernacionaltaverapaz.gob.gt\/wp-content\/uploads\/2021\/08\/001-10-768x512.jpg 768w, https:\/\/gobernacionaltaverapaz.gob.gt\/wp-content\/uploads\/2021\/08\/001-10.jpg 900w\" sizes=\"(max-width: 300px) 100vw, 300px\" \/><\/a><\/div>\n","protected":false},"excerpt":{"rendered":"<p>El se\u00f1or Gobernador Departamental, Romel Manuel Veliz Castro en su calidad de presidente del Consejo Departamental de Desarrollo -CODEDE-, junto al se\u00f1or alcalde de Santa Cruz Verapaz, Efrain Cuc, su honorable Concejo Municipal y miembros de los Consejos Comunitarios de Desarrollo -COCODE-, colocaron la primera piedra para dar inicio a los trabajos de mejoramiento de [&hellip;]<\/p>\n","protected":false},"author":1,"featured_media":11548,"comment_status":"closed","ping_status":"open","sticky":false,"template":"","format":"video","meta":[],"categories":[4],"tags":[178],"_links":{"self":[{"href":"https:\/\/gobernacionaltaverapaz.gob.gt\/index.php?rest_route=\/wp\/v2\/posts\/11545"}],"collection":[{"href":"https:\/\/gobernacionaltaverapaz.gob.gt\/index.php?rest_route=\/wp\/v2\/posts"}],"about":[{"href":"https:\/\/gobernacionaltaverapaz.gob.gt\/index.php?rest_route=\/wp\/v2\/types\/post"}],"author":[{"embeddable":true,"href":"https:\/\/gobernacionaltaverapaz.gob.gt\/index.php?rest_route=\/wp\/v2\/users\/1"}],"replies":[{"embeddable":true,"href":"https:\/\/gobernacionaltaverapaz.gob.gt\/index.php?rest_route=%2Fwp%2Fv2%2Fcomments&post=11545"}],"version-history":[{"count":4,"href":"https:\/\/gobernacionaltaverapaz.gob.gt\/index.php?rest_route=\/wp\/v2\/posts\/11545\/revisions"}],"predecessor-version":[{"id":11559,"href":"https:\/\/gobernacionaltaverapaz.gob.gt\/index.php?rest_route=\/wp\/v2\/posts\/11545\/revisions\/11559"}],"wp:featuredmedia":[{"embeddable":true,"href":"https:\/\/gobernacionaltaverapaz.gob.gt\/index.php?rest_route=\/wp\/v2\/media\/11548"}],"wp:attachment":[{"href":"https:\/\/gobernacionaltaverapaz.gob.gt\/index.php?rest_route=%2Fwp%2Fv2%2Fmedia&parent=11545"}],"wp:term":[{"taxonomy":"category","embeddable":true,"href":"https:\/\/gobernacionaltaverapaz.gob.gt\/index.php?rest_route=%2Fwp%2Fv2%2Fcategories&post=11545"},{"taxonomy":"post_tag","embeddable":true,"href":"https:\/\/gobernacionaltaverapaz.gob.gt\/index.php?rest_route=%2Fwp%2Fv2%2Ftags&post=11545"}],"curies":[{"name":"wp","href":"https:\/\/api.w.org\/{rel}","templated":true}]}}