{"id":11567,"date":"2021-09-01T16:42:59","date_gmt":"2021-09-01T22:42:59","guid":{"rendered":"https:\/\/gobernacionaltaverapaz.gob.gt\/?p=11567"},"modified":"2021-09-03T10:00:17","modified_gmt":"2021-09-03T16:00:17","slug":"mejoramiento-escuela-oficial-urbana-mixta-jos-joaqun-palma-tamah-alta-verapaz","status":"publish","type":"post","link":"https:\/\/gobernacionaltaverapaz.gob.gt\/?p=11567","title":{"rendered":"Mejoramiento Escuela Oficial Urbana Mixta \u201cJos\u00e9 Joaqu\u00edn Palma\u201d, Tamah\u00fa, Alta Verapaz"},"content":{"rendered":"<p>El d\u00eda de hoy se llev\u00f3 a cabo el inicio del proyecto Mejoramiento de Escuela Urbana Mixta \u201cJos\u00e9 Joaqu\u00edn Palma\u201d, Tamah\u00fa, Alta Verapaz, que beneficiar\u00e1 en el nivel Primaria 395, B\u00e1sico 300 y Diversificado 66 Alumnos.<\/p>\n<p>Los trabajos consisten en; 502 metros cuadrados de construcci\u00f3n, siete aulas en dos niveles, mobiliario y equipo, televisi\u00f3n en cada aula, servicios sanitarios para ambos g\u00e9neros, acceso con rampa y m\u00f3dulo de gradas.<\/p>\n<p>El <a href=\"https:\/\/www.facebook.com\/guatemalagob\/?__cft__%5b0%5d=AZVOm8xJS2nYK8U-ChTnZxpYA0M2TixV7YIciTvmuJVxp95_R1QyIGcHiXNz-MfmMI--Jp3Qz-Lsj0C_vaKChLG2Ex5rurvi3Yg2w3SFMc-BzhXCpW07JvSvPwh4wVOPHyGWDHxtHGzUNOzDx1kukgV2&amp;__tn__=kK-R\" target=\"_blank\" rel=\"noopener\">Gobierno de Guatemala<\/a> a trav\u00e9s del plan de trabajo del Se\u00f1or Presidente de la Rep\u00fablica <a href=\"https:\/\/www.facebook.com\/AlejandroGiammattei\/?__cft__%5b0%5d=AZVOm8xJS2nYK8U-ChTnZxpYA0M2TixV7YIciTvmuJVxp95_R1QyIGcHiXNz-MfmMI--Jp3Qz-Lsj0C_vaKChLG2Ex5rurvi3Yg2w3SFMc-BzhXCpW07JvSvPwh4wVOPHyGWDHxtHGzUNOzDx1kukgV2&amp;__tn__=kK-R\" target=\"_blank\" rel=\"noopener\">Alejandro Giammattei<\/a><\/p>\n<p>por medio del <a href=\"https:\/\/www.facebook.com\/MineducGuate\/?__cft__%5b0%5d=AZVOm8xJS2nYK8U-ChTnZxpYA0M2TixV7YIciTvmuJVxp95_R1QyIGcHiXNz-MfmMI--Jp3Qz-Lsj0C_vaKChLG2Ex5rurvi3Yg2w3SFMc-BzhXCpW07JvSvPwh4wVOPHyGWDHxtHGzUNOzDx1kukgV2&amp;__tn__=kK-R\" target=\"_blank\" rel=\"noopener\">Ministerio de Educaci\u00f3n de Guatemala (P\u00e1gina Oficial)<\/a> esperan ofrecer un servicio y condiciones aptas para los estudiantes, de esta manera puedan brindar las mejores condiciones pedag\u00f3gicas para el desarrollo del proceso ense\u00f1anza.<\/p>\n<p>En el acto estuvieron presentes; Alcalde Municipal, Lic. Eduardo Moll Santa Cruz; Gobernador Departamental, Ing. Romel Veliz Castro; Consejo de Padres; Directores y catedr\u00e1ticos de la Escuela Urbana de ambas jornadas.<\/p>\n<p><a href=\"https:\/\/www.facebook.com\/hashtag\/accionesquetransforman?__eep__=6&amp;__cft__%5b0%5d=AZVOm8xJS2nYK8U-ChTnZxpYA0M2TixV7YIciTvmuJVxp95_R1QyIGcHiXNz-MfmMI--Jp3Qz-Lsj0C_vaKChLG2Ex5rurvi3Yg2w3SFMc-BzhXCpW07JvSvPwh4wVOPHyGWDHxtHGzUNOzDx1kukgV2&amp;__tn__=*NK-R\" target=\"_blank\" rel=\"noopener\">#AccionesQueTransforman<br \/>\n<\/a><a href=\"https:\/\/www.facebook.com\/hashtag\/altaverapazsigueavanzando?__eep__=6&amp;__cft__%5b0%5d=AZVOm8xJS2nYK8U-ChTnZxpYA0M2TixV7YIciTvmuJVxp95_R1QyIGcHiXNz-MfmMI--Jp3Qz-Lsj0C_vaKChLG2Ex5rurvi3Yg2w3SFMc-BzhXCpW07JvSvPwh4wVOPHyGWDHxtHGzUNOzDx1kukgV2&amp;__tn__=*NK-R\" target=\"_blank\" rel=\"noopener\">#altaverapazsigueavanzando<br \/>\n<\/a><a href=\"https:\/\/www.facebook.com\/hashtag\/scepesdesarrollo?__eep__=6&amp;__cft__%5b0%5d=AZVOm8xJS2nYK8U-ChTnZxpYA0M2TixV7YIciTvmuJVxp95_R1QyIGcHiXNz-MfmMI--Jp3Qz-Lsj0C_vaKChLG2Ex5rurvi3Yg2w3SFMc-BzhXCpW07JvSvPwh4wVOPHyGWDHxtHGzUNOzDx1kukgV2&amp;__tn__=*NK-R\" target=\"_blank\" rel=\"noopener\">#SCEPesDesarrollo<br \/>\n<\/a><a href=\"https:\/\/www.facebook.com\/hashtag\/ministeriodeeducacion?__eep__=6&amp;__cft__%5b0%5d=AZVOm8xJS2nYK8U-ChTnZxpYA0M2TixV7YIciTvmuJVxp95_R1QyIGcHiXNz-MfmMI--Jp3Qz-Lsj0C_vaKChLG2Ex5rurvi3Yg2w3SFMc-BzhXCpW07JvSvPwh4wVOPHyGWDHxtHGzUNOzDx1kukgV2&amp;__tn__=*NK-R\" target=\"_blank\" rel=\"noopener\">#ministeriodeeducacion<\/a><\/p>\n<div><\/div>\n<p>&nbsp;<\/p>\n","protected":false},"excerpt":{"rendered":"<p>El d\u00eda de hoy se llev\u00f3 a cabo el inicio del proyecto Mejoramiento de Escuela Urbana Mixta \u201cJos\u00e9 Joaqu\u00edn Palma\u201d, Tamah\u00fa, Alta Verapaz, que beneficiar\u00e1 en el nivel Primaria 395, B\u00e1sico 300 y Diversificado 66 Alumnos. Los trabajos consisten en; 502 metros cuadrados de construcci\u00f3n, siete aulas en dos niveles, mobiliario y equipo, televisi\u00f3n en [&hellip;]<\/p>\n","protected":false},"author":1,"featured_media":11570,"comment_status":"closed","ping_status":"open","sticky":false,"template":"","format":"gallery","meta":[],"categories":[2],"tags":[178],"_links":{"self":[{"href":"https:\/\/gobernacionaltaverapaz.gob.gt\/index.php?rest_route=\/wp\/v2\/posts\/11567"}],"collection":[{"href":"https:\/\/gobernacionaltaverapaz.gob.gt\/index.php?rest_route=\/wp\/v2\/posts"}],"about":[{"href":"https:\/\/gobernacionaltaverapaz.gob.gt\/index.php?rest_route=\/wp\/v2\/types\/post"}],"author":[{"embeddable":true,"href":"https:\/\/gobernacionaltaverapaz.gob.gt\/index.php?rest_route=\/wp\/v2\/users\/1"}],"replies":[{"embeddable":true,"href":"https:\/\/gobernacionaltaverapaz.gob.gt\/index.php?rest_route=%2Fwp%2Fv2%2Fcomments&post=11567"}],"version-history":[{"count":2,"href":"https:\/\/gobernacionaltaverapaz.gob.gt\/index.php?rest_route=\/wp\/v2\/posts\/11567\/revisions"}],"predecessor-version":[{"id":11580,"href":"https:\/\/gobernacionaltaverapaz.gob.gt\/index.php?rest_route=\/wp\/v2\/posts\/11567\/revisions\/11580"}],"wp:featuredmedia":[{"embeddable":true,"href":"https:\/\/gobernacionaltaverapaz.gob.gt\/index.php?rest_route=\/wp\/v2\/media\/11570"}],"wp:attachment":[{"href":"https:\/\/gobernacionaltaverapaz.gob.gt\/index.php?rest_route=%2Fwp%2Fv2%2Fmedia&parent=11567"}],"wp:term":[{"taxonomy":"category","embeddable":true,"href":"https:\/\/gobernacionaltaverapaz.gob.gt\/index.php?rest_route=%2Fwp%2Fv2%2Fcategories&post=11567"},{"taxonomy":"post_tag","embeddable":true,"href":"https:\/\/gobernacionaltaverapaz.gob.gt\/index.php?rest_route=%2Fwp%2Fv2%2Ftags&post=11567"}],"curies":[{"name":"wp","href":"https:\/\/api.w.org\/{rel}","templated":true}]}}