{"id":11581,"date":"2021-09-02T12:57:20","date_gmt":"2021-09-02T18:57:20","guid":{"rendered":"https:\/\/gobernacionaltaverapaz.gob.gt\/?p=11581"},"modified":"2021-09-03T10:09:10","modified_gmt":"2021-09-03T16:09:10","slug":"reunin-de-trabajo-con-personeros-del-instituto-de-previsin-militar-ipm","status":"publish","type":"post","link":"https:\/\/gobernacionaltaverapaz.gob.gt\/?p=11581","title":{"rendered":"Reuni\u00f3n de trabajo con personeros del Instituto de Previsi\u00f3n Militar \u2013IPM-"},"content":{"rendered":"<p style=\"text-align: justify;\">El d\u00eda de hoy el se\u00f1or Gobernador Departamental, Romel Manuel Veliz Castro, participo en una reuni\u00f3n t\u00e9cnica-administrativa, al caso agrario del <a href=\"https:\/\/www.facebook.com\/ipm.guatemala\/?__cft__%5b0%5d=AZX4HuNHDQnpXuJoNEGKNQoAf4xlm1msr4_1o4_GmCS8nsNdhHEXPzbZcIJrNLpVlcMrCjg-L2BNwdoc8pe_Erv3VNrZu_2fisZZRZYVpc11e0aIsuuburxk2MxdjK_cWDGwenDM7gBXcUB0e7A79bTx&amp;__tn__=kK-R\" target=\"_blank\" rel=\"noopener\">Ipm Guatemala<\/a> en el Departamento.<\/p>\n<p style=\"text-align: justify;\">El se\u00f1or Gobernador convoco a la reuni\u00f3n al delegado de la Comisi\u00f3n Presidencial por la Paz y los Derechos Humanos -COPADEH-, para conocer el caso y darle acompa\u00f1amiento; Caso el cual presenta incidencias de linderos, medidas y colindancias.<\/p>\n<p style=\"text-align: justify;\">Los personeros del <a href=\"https:\/\/www.facebook.com\/ipm.guatemala\/?__cft__%5b0%5d=AZX4HuNHDQnpXuJoNEGKNQoAf4xlm1msr4_1o4_GmCS8nsNdhHEXPzbZcIJrNLpVlcMrCjg-L2BNwdoc8pe_Erv3VNrZu_2fisZZRZYVpc11e0aIsuuburxk2MxdjK_cWDGwenDM7gBXcUB0e7A79bTx&amp;__tn__=kK-R\" target=\"_blank\" rel=\"noopener\">Ipm Guatemala<\/a> plantearon la situaci\u00f3n, quienes solicitaron el acompa\u00f1amiento de la Gobernaci\u00f3n Departamental para mediar a trav\u00e9s de la institucionalidad y definir un plan t\u00e9cnico de abordaje y resolver el problema lim\u00edtrofe Agrario.<\/p>\n<p><a href=\"https:\/\/www.facebook.com\/hashtag\/accionesquetransforman?__eep__=6&amp;__cft__%5b0%5d=AZX4HuNHDQnpXuJoNEGKNQoAf4xlm1msr4_1o4_GmCS8nsNdhHEXPzbZcIJrNLpVlcMrCjg-L2BNwdoc8pe_Erv3VNrZu_2fisZZRZYVpc11e0aIsuuburxk2MxdjK_cWDGwenDM7gBXcUB0e7A79bTx&amp;__tn__=*NK-R\" target=\"_blank\" rel=\"noopener\">#AccionesQueTransforman<br \/>\n<\/a><a href=\"https:\/\/www.facebook.com\/hashtag\/altaverapazsigueavanzando?__eep__=6&amp;__cft__%5b0%5d=AZX4HuNHDQnpXuJoNEGKNQoAf4xlm1msr4_1o4_GmCS8nsNdhHEXPzbZcIJrNLpVlcMrCjg-L2BNwdoc8pe_Erv3VNrZu_2fisZZRZYVpc11e0aIsuuburxk2MxdjK_cWDGwenDM7gBXcUB0e7A79bTx&amp;__tn__=*NK-R\" target=\"_blank\" rel=\"noopener\">#altaverapazsigueavanzando<br \/>\n<\/a><a href=\"https:\/\/www.facebook.com\/hashtag\/juntossaldremosadelante?__eep__=6&amp;__cft__%5b0%5d=AZX4HuNHDQnpXuJoNEGKNQoAf4xlm1msr4_1o4_GmCS8nsNdhHEXPzbZcIJrNLpVlcMrCjg-L2BNwdoc8pe_Erv3VNrZu_2fisZZRZYVpc11e0aIsuuburxk2MxdjK_cWDGwenDM7gBXcUB0e7A79bTx&amp;__tn__=*NK-R\" target=\"_blank\" rel=\"noopener\">#JuntosSaldremosAdelante<\/a><\/p>\n<div><\/div>\n","protected":false},"excerpt":{"rendered":"<p>El d\u00eda de hoy el se\u00f1or Gobernador Departamental, Romel Manuel Veliz Castro, participo en una reuni\u00f3n t\u00e9cnica-administrativa, al caso agrario del Ipm Guatemala en el Departamento. El se\u00f1or Gobernador convoco a la reuni\u00f3n al delegado de la Comisi\u00f3n Presidencial por la Paz y los Derechos Humanos -COPADEH-, para conocer el caso y darle acompa\u00f1amiento; Caso [&hellip;]<\/p>\n","protected":false},"author":1,"featured_media":11585,"comment_status":"closed","ping_status":"open","sticky":false,"template":"","format":"gallery","meta":[],"categories":[183],"tags":[178],"_links":{"self":[{"href":"https:\/\/gobernacionaltaverapaz.gob.gt\/index.php?rest_route=\/wp\/v2\/posts\/11581"}],"collection":[{"href":"https:\/\/gobernacionaltaverapaz.gob.gt\/index.php?rest_route=\/wp\/v2\/posts"}],"about":[{"href":"https:\/\/gobernacionaltaverapaz.gob.gt\/index.php?rest_route=\/wp\/v2\/types\/post"}],"author":[{"embeddable":true,"href":"https:\/\/gobernacionaltaverapaz.gob.gt\/index.php?rest_route=\/wp\/v2\/users\/1"}],"replies":[{"embeddable":true,"href":"https:\/\/gobernacionaltaverapaz.gob.gt\/index.php?rest_route=%2Fwp%2Fv2%2Fcomments&post=11581"}],"version-history":[{"count":2,"href":"https:\/\/gobernacionaltaverapaz.gob.gt\/index.php?rest_route=\/wp\/v2\/posts\/11581\/revisions"}],"predecessor-version":[{"id":11587,"href":"https:\/\/gobernacionaltaverapaz.gob.gt\/index.php?rest_route=\/wp\/v2\/posts\/11581\/revisions\/11587"}],"wp:featuredmedia":[{"embeddable":true,"href":"https:\/\/gobernacionaltaverapaz.gob.gt\/index.php?rest_route=\/wp\/v2\/media\/11585"}],"wp:attachment":[{"href":"https:\/\/gobernacionaltaverapaz.gob.gt\/index.php?rest_route=%2Fwp%2Fv2%2Fmedia&parent=11581"}],"wp:term":[{"taxonomy":"category","embeddable":true,"href":"https:\/\/gobernacionaltaverapaz.gob.gt\/index.php?rest_route=%2Fwp%2Fv2%2Fcategories&post=11581"},{"taxonomy":"post_tag","embeddable":true,"href":"https:\/\/gobernacionaltaverapaz.gob.gt\/index.php?rest_route=%2Fwp%2Fv2%2Ftags&post=11581"}],"curies":[{"name":"wp","href":"https:\/\/api.w.org\/{rel}","templated":true}]}}