{"id":11589,"date":"2021-09-07T11:39:15","date_gmt":"2021-09-07T17:39:15","guid":{"rendered":"https:\/\/gobernacionaltaverapaz.gob.gt\/?p=11589"},"modified":"2021-09-10T08:21:52","modified_gmt":"2021-09-10T14:21:52","slug":"construccin-de-instituto-bsico-aldea-telemn-panzs-alta-verapaz","status":"publish","type":"post","link":"https:\/\/gobernacionaltaverapaz.gob.gt\/?p=11589","title":{"rendered":"Construcci\u00f3n de Instituto B\u00e1sico Aldea Telem\u00e1n Panz\u00f3s, Alta Verapaz"},"content":{"rendered":"<p style=\"text-align: justify;\">La Aldea Telem\u00e1n, se encuentra ubicada a una distancia de 14 kil\u00f3metros de la cabecera municipal y 104 de la cabecera departamental, cuenta con una poblaci\u00f3n aproximada de 6,307 habitantes, y debido a que a\u00f1o con a\u00f1o la poblaci\u00f3n aumenta, tambi\u00e9n la poblaci\u00f3n estudiantil ha crecido notoriamente, lo que provoca que se tenga que buscar un lugar para los ni\u00f1os y j\u00f3venes puedan recibir clases del ciclo b\u00e1sico sin ning\u00fan problema.<\/p>\n<p style=\"text-align: justify;\">Los padres de familia y maestros del plantel, viviendo la necesidad se dieron a la tarea de iniciar gestiones ante diversas instituciones con la finalidad de lograr una mejora sustancial y el poder contar con terreno y edificio propio, para que el instituto funcione como tal.<\/p>\n<p style=\"text-align: justify;\">El se\u00f1or gobernador departamental, Romel Manuel Veliz Castro en su calidad de presidente de los Consejos Departamentales de Desarrollo Urbano y Rural junto al se\u00f1or alcalde de Panz\u00f3s, Ernesto Ram\u00edrez Caal, su honorable Concejo Municipal, Cocodes, Maestros y Alumnos, colocaron la primera piedra para dar inicio a los trabajos de construcci\u00f3n del Instituto B\u00e1sico Aldea Telem\u00e1n Panz\u00f3s, Alta Verapaz.<\/p>\n<p style=\"text-align: justify;\">La construcci\u00f3n del Instituto contara con 10 aulas y 1 laboratorio de computaci\u00f3n, incluir\u00e1 direcci\u00f3n, bodega y 2 bater\u00edas de 3 letrinas, como tambi\u00e9n se contempla el mobiliario de cada aula del establecimiento educativo.<\/p>\n<p style=\"text-align: justify;\">El <a href=\"https:\/\/www.facebook.com\/guatemalagob\/?__cft__%5b0%5d=AZVmYGrfyRL5FEkSLOXNSQAahLeoH7Ahz-skdYAv_9JZNz2mw6ljqeR00py2AliIDp3A8qKVS0RblixakHa-WVL7M2YEh2a49DvJ728Zncaxpcnx6wlTfeXXpoxKZ4Ug6jJEkV8R9CMa2katA1ZR-OTy&amp;__tn__=kK-R\" target=\"_blank\" rel=\"noopener\">Gobierno de Guatemala<\/a> a trav\u00e9s de los planes de trabajo del se\u00f1or Presidente de la Republica, <a href=\"https:\/\/www.facebook.com\/AlejandroGiammattei\/?__cft__%5b0%5d=AZVmYGrfyRL5FEkSLOXNSQAahLeoH7Ahz-skdYAv_9JZNz2mw6ljqeR00py2AliIDp3A8qKVS0RblixakHa-WVL7M2YEh2a49DvJ728Zncaxpcnx6wlTfeXXpoxKZ4Ug6jJEkV8R9CMa2katA1ZR-OTy&amp;__tn__=kK-R\" target=\"_blank\" rel=\"noopener\">Alejandro Giammattei<\/a> prioriza la educaci\u00f3n y que los j\u00f3venes opten a una mejor vida en cuanto a su desarrollo profesional.<\/p>\n<p><a href=\"https:\/\/www.facebook.com\/hashtag\/altaverapazsigueavanzando?__eep__=6&amp;__cft__%5b0%5d=AZVmYGrfyRL5FEkSLOXNSQAahLeoH7Ahz-skdYAv_9JZNz2mw6ljqeR00py2AliIDp3A8qKVS0RblixakHa-WVL7M2YEh2a49DvJ728Zncaxpcnx6wlTfeXXpoxKZ4Ug6jJEkV8R9CMa2katA1ZR-OTy&amp;__tn__=*NK-R\" target=\"_blank\" rel=\"noopener\">#altaverapazsigueavanzando<br \/>\n<\/a><a href=\"https:\/\/www.facebook.com\/hashtag\/accionesquetransforman?__eep__=6&amp;__cft__%5b0%5d=AZVmYGrfyRL5FEkSLOXNSQAahLeoH7Ahz-skdYAv_9JZNz2mw6ljqeR00py2AliIDp3A8qKVS0RblixakHa-WVL7M2YEh2a49DvJ728Zncaxpcnx6wlTfeXXpoxKZ4Ug6jJEkV8R9CMa2katA1ZR-OTy&amp;__tn__=*NK-R\" target=\"_blank\" rel=\"noopener\">#AccionesQueTransforman<br \/>\n<\/a><a href=\"https:\/\/www.facebook.com\/hashtag\/juntossaldremosadelante?__eep__=6&amp;__cft__%5b0%5d=AZVmYGrfyRL5FEkSLOXNSQAahLeoH7Ahz-skdYAv_9JZNz2mw6ljqeR00py2AliIDp3A8qKVS0RblixakHa-WVL7M2YEh2a49DvJ728Zncaxpcnx6wlTfeXXpoxKZ4Ug6jJEkV8R9CMa2katA1ZR-OTy&amp;__tn__=*NK-R\" target=\"_blank\" rel=\"noopener\">#JuntosSaldremosAdelante<\/a><\/p>\n<div><\/div>\n<div><a href=\"https:\/\/www.facebook.com\/GobernacionAV\/videos\/248400657211989\/\" target=\"_blank\" rel=\"noopener\"><img decoding=\"async\" loading=\"lazy\" class=\"alignleft wp-image-11599 size-medium\" title=\"Ver video en Facebook\" src=\"https:\/\/gobernacionaltaverapaz.gob.gt\/wp-content\/uploads\/2021\/09\/001-12-300x200.jpg\" alt=\"\" width=\"300\" height=\"200\" srcset=\"https:\/\/gobernacionaltaverapaz.gob.gt\/wp-content\/uploads\/2021\/09\/001-12-300x200.jpg 300w, https:\/\/gobernacionaltaverapaz.gob.gt\/wp-content\/uploads\/2021\/09\/001-12-768x512.jpg 768w, https:\/\/gobernacionaltaverapaz.gob.gt\/wp-content\/uploads\/2021\/09\/001-12.jpg 900w\" sizes=\"(max-width: 300px) 100vw, 300px\" \/><\/a><\/div>\n","protected":false},"excerpt":{"rendered":"<p>La Aldea Telem\u00e1n, se encuentra ubicada a una distancia de 14 kil\u00f3metros de la cabecera municipal y 104 de la cabecera departamental, cuenta con una poblaci\u00f3n aproximada de 6,307 habitantes, y debido a que a\u00f1o con a\u00f1o la poblaci\u00f3n aumenta, tambi\u00e9n la poblaci\u00f3n estudiantil ha crecido notoriamente, lo que provoca que se tenga que buscar [&hellip;]<\/p>\n","protected":false},"author":1,"featured_media":11596,"comment_status":"closed","ping_status":"open","sticky":false,"template":"","format":"video","meta":[],"categories":[2],"tags":[178],"_links":{"self":[{"href":"https:\/\/gobernacionaltaverapaz.gob.gt\/index.php?rest_route=\/wp\/v2\/posts\/11589"}],"collection":[{"href":"https:\/\/gobernacionaltaverapaz.gob.gt\/index.php?rest_route=\/wp\/v2\/posts"}],"about":[{"href":"https:\/\/gobernacionaltaverapaz.gob.gt\/index.php?rest_route=\/wp\/v2\/types\/post"}],"author":[{"embeddable":true,"href":"https:\/\/gobernacionaltaverapaz.gob.gt\/index.php?rest_route=\/wp\/v2\/users\/1"}],"replies":[{"embeddable":true,"href":"https:\/\/gobernacionaltaverapaz.gob.gt\/index.php?rest_route=%2Fwp%2Fv2%2Fcomments&post=11589"}],"version-history":[{"count":4,"href":"https:\/\/gobernacionaltaverapaz.gob.gt\/index.php?rest_route=\/wp\/v2\/posts\/11589\/revisions"}],"predecessor-version":[{"id":11601,"href":"https:\/\/gobernacionaltaverapaz.gob.gt\/index.php?rest_route=\/wp\/v2\/posts\/11589\/revisions\/11601"}],"wp:featuredmedia":[{"embeddable":true,"href":"https:\/\/gobernacionaltaverapaz.gob.gt\/index.php?rest_route=\/wp\/v2\/media\/11596"}],"wp:attachment":[{"href":"https:\/\/gobernacionaltaverapaz.gob.gt\/index.php?rest_route=%2Fwp%2Fv2%2Fmedia&parent=11589"}],"wp:term":[{"taxonomy":"category","embeddable":true,"href":"https:\/\/gobernacionaltaverapaz.gob.gt\/index.php?rest_route=%2Fwp%2Fv2%2Fcategories&post=11589"},{"taxonomy":"post_tag","embeddable":true,"href":"https:\/\/gobernacionaltaverapaz.gob.gt\/index.php?rest_route=%2Fwp%2Fv2%2Ftags&post=11589"}],"curies":[{"name":"wp","href":"https:\/\/api.w.org\/{rel}","templated":true}]}}