{"id":11602,"date":"2021-09-08T10:15:09","date_gmt":"2021-09-08T16:15:09","guid":{"rendered":"https:\/\/gobernacionaltaverapaz.gob.gt\/?p=11602"},"modified":"2021-09-10T08:30:16","modified_gmt":"2021-09-10T14:30:16","slug":"agencia-japonesa-de-cooperacin-internacional-analiza-nuevos-proyectos-de-apoyo-para-la-poblacin-alta-verapacense","status":"publish","type":"post","link":"https:\/\/gobernacionaltaverapaz.gob.gt\/?p=11602","title":{"rendered":"Agencia Japonesa de Cooperaci\u00f3n Internacional analiza nuevos proyectos de apoyo para la poblaci\u00f3n alta verapacense"},"content":{"rendered":"<p style=\"text-align: justify;\">El se\u00f1or gobernador departamental, Romel Manuel Veliz Castro, recibi\u00f3 la visita de delegados de la Agencia de Cooperaci\u00f3n Internacional del Jap\u00f3n <a href=\"https:\/\/www.facebook.com\/jicaguatemala\/?__cft__%5b0%5d=AZV3m_I8cXSzI-IIHZ1fh6wsUJCw1SeKDTYVLHUJAZi0m-q9Lz_sJ0nu43glSlCljxN5AeNhoPAN8GB_f6Zt_WFP3cWLo-FrnSM3XALTV03bCRtgw8SlTtAqd1FZY7mwx_Rc8XmP8bF_1Fb8nhWRkfW5&amp;__tn__=kK-R\" target=\"_blank\" rel=\"noopener\">JICA Guatemala<\/a> , con el fin de analizar las necesidades y desarrollo econ\u00f3mico del departamento y de esa manera poner en marcha proyectos de cooperaci\u00f3n.<\/p>\n<p style=\"text-align: justify;\">Dentro de las necesidades el se\u00f1or gobernador resalto el apoyo a los damnificados por ETA e IOTA, apoyo a los hospitales de nuestro departamento para la contenci\u00f3n del COVID-19 y el proyecto &#8220;Polic\u00eda Comunitaria&#8221;, que es en fortalecimiento a la Polic\u00eda Nacional Civil PNC.<\/p>\n<p style=\"text-align: justify;\"><a href=\"https:\/\/www.facebook.com\/jicaguatemala\/?__cft__%5b0%5d=AZV3m_I8cXSzI-IIHZ1fh6wsUJCw1SeKDTYVLHUJAZi0m-q9Lz_sJ0nu43glSlCljxN5AeNhoPAN8GB_f6Zt_WFP3cWLo-FrnSM3XALTV03bCRtgw8SlTtAqd1FZY7mwx_Rc8XmP8bF_1Fb8nhWRkfW5&amp;__tn__=kK-R\" target=\"_blank\" rel=\"noopener\">JICA Guatemala<\/a> realiza evaluaciones de los proyectos utilizando el ciclo Planear-Hacer-Verificar-Actuar (PDCA) para cada esquema de cooperaci\u00f3n t\u00e9cnica, pr\u00e9stamo de AOD y cooperaci\u00f3n financiera no reembolsable, y emplea el sistema para mejorar a\u00fan m\u00e1s las operaciones y poder rendir cuentas de forma apropiada ante el p\u00fablico.<\/p>\n<p><a href=\"https:\/\/www.facebook.com\/hashtag\/guatemalanosedetiene?__eep__=6&amp;__cft__%5b0%5d=AZV3m_I8cXSzI-IIHZ1fh6wsUJCw1SeKDTYVLHUJAZi0m-q9Lz_sJ0nu43glSlCljxN5AeNhoPAN8GB_f6Zt_WFP3cWLo-FrnSM3XALTV03bCRtgw8SlTtAqd1FZY7mwx_Rc8XmP8bF_1Fb8nhWRkfW5&amp;__tn__=*NK-R\" target=\"_blank\" rel=\"noopener\">#GuatemalaNoSeDetiene<br \/>\n<\/a><a href=\"https:\/\/www.facebook.com\/hashtag\/altaverapazsigueavanzando?__eep__=6&amp;__cft__%5b0%5d=AZV3m_I8cXSzI-IIHZ1fh6wsUJCw1SeKDTYVLHUJAZi0m-q9Lz_sJ0nu43glSlCljxN5AeNhoPAN8GB_f6Zt_WFP3cWLo-FrnSM3XALTV03bCRtgw8SlTtAqd1FZY7mwx_Rc8XmP8bF_1Fb8nhWRkfW5&amp;__tn__=*NK-R\" target=\"_blank\" rel=\"noopener\">#altaverapazsigueavanzando<br \/>\n<\/a><a href=\"https:\/\/www.facebook.com\/hashtag\/accionesquetransforman?__eep__=6&amp;__cft__%5b0%5d=AZV3m_I8cXSzI-IIHZ1fh6wsUJCw1SeKDTYVLHUJAZi0m-q9Lz_sJ0nu43glSlCljxN5AeNhoPAN8GB_f6Zt_WFP3cWLo-FrnSM3XALTV03bCRtgw8SlTtAqd1FZY7mwx_Rc8XmP8bF_1Fb8nhWRkfW5&amp;__tn__=*NK-R\" target=\"_blank\" rel=\"noopener\">#AccionesQueTransforman<\/a><\/p>\n<p><img decoding=\"async\" loading=\"lazy\" class=\"alignnone wp-image-11605 size-full\" src=\"https:\/\/gobernacionaltaverapaz.gob.gt\/wp-content\/uploads\/2021\/09\/003-11.jpg\" alt=\"\" width=\"900\" height=\"600\" srcset=\"https:\/\/gobernacionaltaverapaz.gob.gt\/wp-content\/uploads\/2021\/09\/003-11.jpg 900w, https:\/\/gobernacionaltaverapaz.gob.gt\/wp-content\/uploads\/2021\/09\/003-11-300x200.jpg 300w, https:\/\/gobernacionaltaverapaz.gob.gt\/wp-content\/uploads\/2021\/09\/003-11-768x512.jpg 768w\" sizes=\"(max-width: 900px) 100vw, 900px\" \/> <img decoding=\"async\" loading=\"lazy\" class=\"alignnone wp-image-11604 size-full\" src=\"https:\/\/gobernacionaltaverapaz.gob.gt\/wp-content\/uploads\/2021\/09\/002-11.jpg\" alt=\"\" width=\"900\" height=\"600\" srcset=\"https:\/\/gobernacionaltaverapaz.gob.gt\/wp-content\/uploads\/2021\/09\/002-11.jpg 900w, https:\/\/gobernacionaltaverapaz.gob.gt\/wp-content\/uploads\/2021\/09\/002-11-300x200.jpg 300w, https:\/\/gobernacionaltaverapaz.gob.gt\/wp-content\/uploads\/2021\/09\/002-11-768x512.jpg 768w\" sizes=\"(max-width: 900px) 100vw, 900px\" \/><\/p>\n<p>&nbsp;<\/p>\n","protected":false},"excerpt":{"rendered":"<p>El se\u00f1or gobernador departamental, Romel Manuel Veliz Castro, recibi\u00f3 la visita de delegados de la Agencia de Cooperaci\u00f3n Internacional del Jap\u00f3n JICA Guatemala , con el fin de analizar las necesidades y desarrollo econ\u00f3mico del departamento y de esa manera poner en marcha proyectos de cooperaci\u00f3n. Dentro de las necesidades el se\u00f1or gobernador resalto el [&hellip;]<\/p>\n","protected":false},"author":1,"featured_media":11603,"comment_status":"closed","ping_status":"open","sticky":false,"template":"","format":"standard","meta":[],"categories":[183],"tags":[178],"_links":{"self":[{"href":"https:\/\/gobernacionaltaverapaz.gob.gt\/index.php?rest_route=\/wp\/v2\/posts\/11602"}],"collection":[{"href":"https:\/\/gobernacionaltaverapaz.gob.gt\/index.php?rest_route=\/wp\/v2\/posts"}],"about":[{"href":"https:\/\/gobernacionaltaverapaz.gob.gt\/index.php?rest_route=\/wp\/v2\/types\/post"}],"author":[{"embeddable":true,"href":"https:\/\/gobernacionaltaverapaz.gob.gt\/index.php?rest_route=\/wp\/v2\/users\/1"}],"replies":[{"embeddable":true,"href":"https:\/\/gobernacionaltaverapaz.gob.gt\/index.php?rest_route=%2Fwp%2Fv2%2Fcomments&post=11602"}],"version-history":[{"count":2,"href":"https:\/\/gobernacionaltaverapaz.gob.gt\/index.php?rest_route=\/wp\/v2\/posts\/11602\/revisions"}],"predecessor-version":[{"id":11607,"href":"https:\/\/gobernacionaltaverapaz.gob.gt\/index.php?rest_route=\/wp\/v2\/posts\/11602\/revisions\/11607"}],"wp:featuredmedia":[{"embeddable":true,"href":"https:\/\/gobernacionaltaverapaz.gob.gt\/index.php?rest_route=\/wp\/v2\/media\/11603"}],"wp:attachment":[{"href":"https:\/\/gobernacionaltaverapaz.gob.gt\/index.php?rest_route=%2Fwp%2Fv2%2Fmedia&parent=11602"}],"wp:term":[{"taxonomy":"category","embeddable":true,"href":"https:\/\/gobernacionaltaverapaz.gob.gt\/index.php?rest_route=%2Fwp%2Fv2%2Fcategories&post=11602"},{"taxonomy":"post_tag","embeddable":true,"href":"https:\/\/gobernacionaltaverapaz.gob.gt\/index.php?rest_route=%2Fwp%2Fv2%2Ftags&post=11602"}],"curies":[{"name":"wp","href":"https:\/\/api.w.org\/{rel}","templated":true}]}}