{"id":11608,"date":"2021-09-08T17:55:22","date_gmt":"2021-09-08T23:55:22","guid":{"rendered":"https:\/\/gobernacionaltaverapaz.gob.gt\/?p=11608"},"modified":"2021-09-10T08:50:46","modified_gmt":"2021-09-10T14:50:46","slug":"vacunacin-masiva-sbado-11-12-de-septiembre-en-reas-urbanas-periurbanas-de-cobn-san-pedro-carch-chisec-alta-verapaz","status":"publish","type":"post","link":"https:\/\/gobernacionaltaverapaz.gob.gt\/?p=11608","title":{"rendered":"Vacunaci\u00f3n masiva s\u00e1bado 11 y 12 de septiembre en \u00e1reas urbanas y periurbanas de Cob\u00e1n, San Pedro Carch\u00e1 y Chisec, Alta Verapaz"},"content":{"rendered":"<p style=\"text-align: justify;\">El d\u00eda de hoy en conferencia de prensa de las autoridades del Ministerio de Salud y Gobernaci\u00f3n Departamental de Alta Verapaz, abordaron el tema sobre la vacunaci\u00f3n masiva este 11 y 12 de Septiembre en \u00c1reas Urbanas y Periurbanas de Cob\u00e1n, San Pedro Carch\u00e1 Y Chisec y sobre la situaci\u00f3n actual del COVID-19 en el departamento.<\/p>\n<p style=\"text-align: justify;\">Se hace la invitaci\u00f3n a la poblaci\u00f3n a que este 11 y 12 de Septiembre acuda a los centros de vacunaci\u00f3n m\u00e1s cercano, los puntos habilitados ser\u00e1n:<\/p>\n<p style=\"text-align: justify;\">COB\u00c1N: Edificio de Gobernaci\u00f3n Departamental, Sociedad de Beneficencia, Escuela de enfermer\u00eda, Parque San Marcos, Centro Comercial Candelaria, Gasolinera Shell Talpetate, CARDEGUA, UPANA, Escuela Cant\u00f3n las Casas, Garaje Maritza Urrutia, Colegio Preuniversitario del Norte, Escuela Gual\u00f3n y Chajxucub.<\/p>\n<p style=\"text-align: justify;\">SAN PEDRO CARCHA: Instituto Adolfo V. Hall del Norte, Centro Comercial Gran Carcha, Parque Chicoy, Barrio San Sebasti\u00e1n, Barrio San Pedro, Cuatro Caminos, CAP, La trinidad 1 y 2, Cancha Saraxoch, Calzada Chixt\u00fan y Corredor Municipal.<\/p>\n<p style=\"text-align: justify;\">CHISEC: Barrio San Fr\u00e1ncico, Barrio la Florida, Hogar Materno, Tierra Linda, Monte Cristo y Linterna 2.<\/p>\n<p style=\"text-align: justify;\">El <a href=\"https:\/\/www.facebook.com\/guatemalagob\/?__cft__%5b0%5d=AZWq2N8InPXJEJWx4Dtfvm49p643iMiqZHEjXg-kDzOobHuIdfxTGLnE6yoYGmz-XJcZNVdEb0ryW7AcbD6wxV0CEmGEl3kGQUaJFGLcX_bSkDLDP7OiNfi_j3EN9PPA3EZ6I8iwxmWrG9lh5QHpoHPx&amp;__tn__=kK-R\" target=\"_blank\" rel=\"noopener\">Gobierno de Guatemala<\/a> a trav\u00e9s del <a href=\"https:\/\/www.facebook.com\/MinisteriodeSaludPublicayAsistenciaSocial\/?__cft__%5b0%5d=AZWq2N8InPXJEJWx4Dtfvm49p643iMiqZHEjXg-kDzOobHuIdfxTGLnE6yoYGmz-XJcZNVdEb0ryW7AcbD6wxV0CEmGEl3kGQUaJFGLcX_bSkDLDP7OiNfi_j3EN9PPA3EZ6I8iwxmWrG9lh5QHpoHPx&amp;__tn__=kK-R\" target=\"_blank\" rel=\"noopener\">Ministerio de Salud P\u00fablica y Asistencia Social<\/a> contin\u00faa fortaleciendo el Plan Nacional de Vacunaci\u00f3n contra COVID-19 con la habilitaci\u00f3n del puesto que atender\u00e1 de 8:00 a 17:00 horas.<\/p>\n<p><a href=\"https:\/\/www.facebook.com\/hashtag\/accionesquetransforman?__eep__=6&amp;__cft__%5b0%5d=AZWq2N8InPXJEJWx4Dtfvm49p643iMiqZHEjXg-kDzOobHuIdfxTGLnE6yoYGmz-XJcZNVdEb0ryW7AcbD6wxV0CEmGEl3kGQUaJFGLcX_bSkDLDP7OiNfi_j3EN9PPA3EZ6I8iwxmWrG9lh5QHpoHPx&amp;__tn__=*NK-R\" target=\"_blank\" rel=\"noopener\">#AccionesQueTransforman<br \/>\n<\/a><a href=\"https:\/\/www.facebook.com\/hashtag\/altaverapazsigueavanzando?__eep__=6&amp;__cft__%5b0%5d=AZWq2N8InPXJEJWx4Dtfvm49p643iMiqZHEjXg-kDzOobHuIdfxTGLnE6yoYGmz-XJcZNVdEb0ryW7AcbD6wxV0CEmGEl3kGQUaJFGLcX_bSkDLDP7OiNfi_j3EN9PPA3EZ6I8iwxmWrG9lh5QHpoHPx&amp;__tn__=*NK-R\" target=\"_blank\" rel=\"noopener\">#altaverapazsigueavanzando<br \/>\n<\/a><a href=\"https:\/\/www.facebook.com\/hashtag\/unidostransformamosguatemala?__eep__=6&amp;__cft__%5b0%5d=AZWq2N8InPXJEJWx4Dtfvm49p643iMiqZHEjXg-kDzOobHuIdfxTGLnE6yoYGmz-XJcZNVdEb0ryW7AcbD6wxV0CEmGEl3kGQUaJFGLcX_bSkDLDP7OiNfi_j3EN9PPA3EZ6I8iwxmWrG9lh5QHpoHPx&amp;__tn__=*NK-R\" target=\"_blank\" rel=\"noopener\">#UnidosTransformamosGuatemala<br \/>\n<\/a><a href=\"https:\/\/www.facebook.com\/hashtag\/yomevacuno?__eep__=6&amp;__cft__%5b0%5d=AZWq2N8InPXJEJWx4Dtfvm49p643iMiqZHEjXg-kDzOobHuIdfxTGLnE6yoYGmz-XJcZNVdEb0ryW7AcbD6wxV0CEmGEl3kGQUaJFGLcX_bSkDLDP7OiNfi_j3EN9PPA3EZ6I8iwxmWrG9lh5QHpoHPx&amp;__tn__=*NK-R\" target=\"_blank\" rel=\"noopener\">#YoMeVacuno<\/a><\/p>\n<p><img decoding=\"async\" loading=\"lazy\" class=\"alignnone wp-image-11610 size-full\" src=\"https:\/\/gobernacionaltaverapaz.gob.gt\/wp-content\/uploads\/2021\/09\/002-12.jpg\" alt=\"\" width=\"900\" height=\"600\" srcset=\"https:\/\/gobernacionaltaverapaz.gob.gt\/wp-content\/uploads\/2021\/09\/002-12.jpg 900w, https:\/\/gobernacionaltaverapaz.gob.gt\/wp-content\/uploads\/2021\/09\/002-12-300x200.jpg 300w, https:\/\/gobernacionaltaverapaz.gob.gt\/wp-content\/uploads\/2021\/09\/002-12-768x512.jpg 768w\" sizes=\"(max-width: 900px) 100vw, 900px\" \/><\/p>\n<p>&nbsp;<\/p>\n","protected":false},"excerpt":{"rendered":"<p>El d\u00eda de hoy en conferencia de prensa de las autoridades del Ministerio de Salud y Gobernaci\u00f3n Departamental de Alta Verapaz, abordaron el tema sobre la vacunaci\u00f3n masiva este 11 y 12 de Septiembre en \u00c1reas Urbanas y Periurbanas de Cob\u00e1n, San Pedro Carch\u00e1 Y Chisec y sobre la situaci\u00f3n actual del COVID-19 en el [&hellip;]<\/p>\n","protected":false},"author":1,"featured_media":11609,"comment_status":"closed","ping_status":"open","sticky":false,"template":"","format":"standard","meta":[],"categories":[5],"tags":[178],"_links":{"self":[{"href":"https:\/\/gobernacionaltaverapaz.gob.gt\/index.php?rest_route=\/wp\/v2\/posts\/11608"}],"collection":[{"href":"https:\/\/gobernacionaltaverapaz.gob.gt\/index.php?rest_route=\/wp\/v2\/posts"}],"about":[{"href":"https:\/\/gobernacionaltaverapaz.gob.gt\/index.php?rest_route=\/wp\/v2\/types\/post"}],"author":[{"embeddable":true,"href":"https:\/\/gobernacionaltaverapaz.gob.gt\/index.php?rest_route=\/wp\/v2\/users\/1"}],"replies":[{"embeddable":true,"href":"https:\/\/gobernacionaltaverapaz.gob.gt\/index.php?rest_route=%2Fwp%2Fv2%2Fcomments&post=11608"}],"version-history":[{"count":1,"href":"https:\/\/gobernacionaltaverapaz.gob.gt\/index.php?rest_route=\/wp\/v2\/posts\/11608\/revisions"}],"predecessor-version":[{"id":11611,"href":"https:\/\/gobernacionaltaverapaz.gob.gt\/index.php?rest_route=\/wp\/v2\/posts\/11608\/revisions\/11611"}],"wp:featuredmedia":[{"embeddable":true,"href":"https:\/\/gobernacionaltaverapaz.gob.gt\/index.php?rest_route=\/wp\/v2\/media\/11609"}],"wp:attachment":[{"href":"https:\/\/gobernacionaltaverapaz.gob.gt\/index.php?rest_route=%2Fwp%2Fv2%2Fmedia&parent=11608"}],"wp:term":[{"taxonomy":"category","embeddable":true,"href":"https:\/\/gobernacionaltaverapaz.gob.gt\/index.php?rest_route=%2Fwp%2Fv2%2Fcategories&post=11608"},{"taxonomy":"post_tag","embeddable":true,"href":"https:\/\/gobernacionaltaverapaz.gob.gt\/index.php?rest_route=%2Fwp%2Fv2%2Ftags&post=11608"}],"curies":[{"name":"wp","href":"https:\/\/api.w.org\/{rel}","templated":true}]}}