{"id":11621,"date":"2021-09-10T12:44:06","date_gmt":"2021-09-10T18:44:06","guid":{"rendered":"https:\/\/gobernacionaltaverapaz.gob.gt\/?p=11621"},"modified":"2021-09-16T15:11:14","modified_gmt":"2021-09-16T21:11:14","slug":"avanzan-gestiones-para-la-construccin-del-nuevo-hospital-para-alta-verapaz","status":"publish","type":"post","link":"https:\/\/gobernacionaltaverapaz.gob.gt\/?p=11621","title":{"rendered":"Avanzan gestiones para la construcci\u00f3n del nuevo Hospital para Alta Verapaz"},"content":{"rendered":"<p style=\"text-align: justify;\">Se ha estado realizando constantemente mesas de trabajos y visitas de campos a los posibles espacios para la construcci\u00f3n del nuevo hospital que est\u00e1 destinado para Alta Verapaz mismo que podr\u00eda beneficiar a m\u00e1s de un mill\u00f3n 450 mil 280 habitantes, de acuerdo al Censo 2018 del Instituto Nacional de Estad\u00edsticas (INE); tambi\u00e9n se tiene como expectativa que sea responsable de promover la atenci\u00f3n primaria en salud, mediante la atenci\u00f3n preventiva, para la recuperaci\u00f3n y rehabilitaci\u00f3n de los enfermos.<\/p>\n<p style=\"text-align: justify;\">Actualmente el departamento de Alta Verapaz cuenta con el Hospital Regional, que est\u00e1 catalogado como el \u00fanico servicio de tercer nivel en la regi\u00f3n, con especialidades de medicina interna, gineco-obstetricia, traumatolog\u00eda, cirug\u00eda general, pediatr\u00eda y neurolog\u00eda, con cobertura en todo el departamento de Alta Verapaz, incluyendo el \u00e1rea oriente y nororiente de Quiche, \u00e1rea norte de Baja Verapaz, \u00e1rea sur de Pet\u00e9n y \u00e1rea occidente de Izabal.<\/p>\n<p style=\"text-align: justify;\">Es por ello que el <a href=\"https:\/\/www.facebook.com\/guatemalagob\/?__cft__%5b0%5d=AZWsPhhnBIsjVeQQXitObLy24xSJAF-KTL8B17Wv8SkPOe7W49CRTgR2tv-9sPY4SW7M32gvlkAX61hz6J5vgxiJ_L73JMAJ8wdcwtkObqpf4wdqrUz60LGvmKHFENpMyQAGyHLHw2q6sJLRB39vVqAm&amp;__tn__=kK-R\" target=\"_blank\" rel=\"noopener\">Gobierno de Guatemala<\/a> en la gesti\u00f3n del se\u00f1or presidente <a href=\"https:\/\/www.facebook.com\/AlejandroGiammattei\/?__cft__%5b0%5d=AZWsPhhnBIsjVeQQXitObLy24xSJAF-KTL8B17Wv8SkPOe7W49CRTgR2tv-9sPY4SW7M32gvlkAX61hz6J5vgxiJ_L73JMAJ8wdcwtkObqpf4wdqrUz60LGvmKHFENpMyQAGyHLHw2q6sJLRB39vVqAm&amp;__tn__=kK-R\" target=\"_blank\" rel=\"noopener\">Alejandro Giammattei<\/a> brinda acompa\u00f1amiento y asesoramiento a trav\u00e9s de la Unidad Especial de Ejecuci\u00f3n de Programas y Proyectos de Salud (UEPPS) del <a href=\"https:\/\/www.facebook.com\/MinisteriodeSaludPublicayAsistenciaSocial\/?__cft__%5b0%5d=AZWsPhhnBIsjVeQQXitObLy24xSJAF-KTL8B17Wv8SkPOe7W49CRTgR2tv-9sPY4SW7M32gvlkAX61hz6J5vgxiJ_L73JMAJ8wdcwtkObqpf4wdqrUz60LGvmKHFENpMyQAGyHLHw2q6sJLRB39vVqAm&amp;__tn__=kK-R\" target=\"_blank\" rel=\"noopener\">Ministerio de Salud P\u00fablica y Asistencia Social<\/a> , quienes resaltan que a trav\u00e9s del el pr\u00e9stamo 2230 de BCIE (US$193.2 millones) es para construir 3 hospitales de reposici\u00f3n de Jutiapa, Suchitep\u00e9quez y Alta Verapaz, el programa consiste en el dise\u00f1o, construcci\u00f3n y equipamiento de estos hospitales.<\/p>\n<p><a href=\"https:\/\/www.facebook.com\/hashtag\/accionesquetransforman?__eep__=6&amp;__cft__%5b0%5d=AZWsPhhnBIsjVeQQXitObLy24xSJAF-KTL8B17Wv8SkPOe7W49CRTgR2tv-9sPY4SW7M32gvlkAX61hz6J5vgxiJ_L73JMAJ8wdcwtkObqpf4wdqrUz60LGvmKHFENpMyQAGyHLHw2q6sJLRB39vVqAm&amp;__tn__=*NK-R\">#AccionesQueTransforman<br \/>\n<\/a><a href=\"https:\/\/www.facebook.com\/hashtag\/altaverapazsigueavanzando?__eep__=6&amp;__cft__%5b0%5d=AZWsPhhnBIsjVeQQXitObLy24xSJAF-KTL8B17Wv8SkPOe7W49CRTgR2tv-9sPY4SW7M32gvlkAX61hz6J5vgxiJ_L73JMAJ8wdcwtkObqpf4wdqrUz60LGvmKHFENpMyQAGyHLHw2q6sJLRB39vVqAm&amp;__tn__=*NK-R\" target=\"_blank\" rel=\"noopener\">#altaverapazsigueavanzando<br \/>\n<\/a><a href=\"https:\/\/www.facebook.com\/hashtag\/unidostransformamosguatemala?__eep__=6&amp;__cft__%5b0%5d=AZWsPhhnBIsjVeQQXitObLy24xSJAF-KTL8B17Wv8SkPOe7W49CRTgR2tv-9sPY4SW7M32gvlkAX61hz6J5vgxiJ_L73JMAJ8wdcwtkObqpf4wdqrUz60LGvmKHFENpMyQAGyHLHw2q6sJLRB39vVqAm&amp;__tn__=*NK-R\" target=\"_blank\" rel=\"noopener\">#UnidosTransformamosGuatemala<\/a><\/p>\n<div><\/div>\n","protected":false},"excerpt":{"rendered":"<p>Se ha estado realizando constantemente mesas de trabajos y visitas de campos a los posibles espacios para la construcci\u00f3n del nuevo hospital que est\u00e1 destinado para Alta Verapaz mismo que podr\u00eda beneficiar a m\u00e1s de un mill\u00f3n 450 mil 280 habitantes, de acuerdo al Censo 2018 del Instituto Nacional de Estad\u00edsticas (INE); tambi\u00e9n se tiene [&hellip;]<\/p>\n","protected":false},"author":1,"featured_media":11626,"comment_status":"closed","ping_status":"open","sticky":false,"template":"","format":"gallery","meta":[],"categories":[5],"tags":[178],"_links":{"self":[{"href":"https:\/\/gobernacionaltaverapaz.gob.gt\/index.php?rest_route=\/wp\/v2\/posts\/11621"}],"collection":[{"href":"https:\/\/gobernacionaltaverapaz.gob.gt\/index.php?rest_route=\/wp\/v2\/posts"}],"about":[{"href":"https:\/\/gobernacionaltaverapaz.gob.gt\/index.php?rest_route=\/wp\/v2\/types\/post"}],"author":[{"embeddable":true,"href":"https:\/\/gobernacionaltaverapaz.gob.gt\/index.php?rest_route=\/wp\/v2\/users\/1"}],"replies":[{"embeddable":true,"href":"https:\/\/gobernacionaltaverapaz.gob.gt\/index.php?rest_route=%2Fwp%2Fv2%2Fcomments&post=11621"}],"version-history":[{"count":2,"href":"https:\/\/gobernacionaltaverapaz.gob.gt\/index.php?rest_route=\/wp\/v2\/posts\/11621\/revisions"}],"predecessor-version":[{"id":11630,"href":"https:\/\/gobernacionaltaverapaz.gob.gt\/index.php?rest_route=\/wp\/v2\/posts\/11621\/revisions\/11630"}],"wp:featuredmedia":[{"embeddable":true,"href":"https:\/\/gobernacionaltaverapaz.gob.gt\/index.php?rest_route=\/wp\/v2\/media\/11626"}],"wp:attachment":[{"href":"https:\/\/gobernacionaltaverapaz.gob.gt\/index.php?rest_route=%2Fwp%2Fv2%2Fmedia&parent=11621"}],"wp:term":[{"taxonomy":"category","embeddable":true,"href":"https:\/\/gobernacionaltaverapaz.gob.gt\/index.php?rest_route=%2Fwp%2Fv2%2Fcategories&post=11621"},{"taxonomy":"post_tag","embeddable":true,"href":"https:\/\/gobernacionaltaverapaz.gob.gt\/index.php?rest_route=%2Fwp%2Fv2%2Ftags&post=11621"}],"curies":[{"name":"wp","href":"https:\/\/api.w.org\/{rel}","templated":true}]}}