{"id":11631,"date":"2021-09-13T08:55:47","date_gmt":"2021-09-13T14:55:47","guid":{"rendered":"https:\/\/gobernacionaltaverapaz.gob.gt\/?p=11631"},"modified":"2021-09-16T15:24:06","modified_gmt":"2021-09-16T21:24:06","slug":"reunin-con-alcaldes-del-salvador","status":"publish","type":"post","link":"https:\/\/gobernacionaltaverapaz.gob.gt\/?p=11631","title":{"rendered":"Reuni\u00f3n con Alcaldes del Salvador"},"content":{"rendered":"<p style=\"text-align: justify;\">El d\u00eda 11 de Septiembre, el se\u00f1or gobernador departamental, Romel Manuel Veliz Castro y algunos alcaldes de Alta Verapaz, participaron en un intercambio de experiencias con alcaldes del hermano pa\u00eds del Salvador con el fin de mejorar la relaci\u00f3n bilateral.<\/p>\n<p style=\"text-align: justify;\">La actividad fue coordinada por <a href=\"https:\/\/www.facebook.com\/Fundalev\/?__cft__%5b0%5d=AZUTwJMkjDri_YlnVZkpg1Sx3GCL-c-ceXNoSUUiOFby8US7Qb1OArCLzkOKw_pvQeIk3kt8dFjdOv0WP7u8Ip0B6vpF429_vc3uu_e1tFJKURLY9AlcDgY5s-dYU-Azz-qCR_7UTwNupbOlM5_iLVv0&amp;__tn__=kK-R\" target=\"_blank\" rel=\"noopener\">Coalici\u00f3n Humanitaria de Mujeres<\/a> , la organizaci\u00f3n plan de desarrollo social, urbano y rural PLADESUR y <a href=\"https:\/\/www.facebook.com\/Fundacion-Jerusalem-404400316955758\/?__cft__%5b0%5d=AZUTwJMkjDri_YlnVZkpg1Sx3GCL-c-ceXNoSUUiOFby8US7Qb1OArCLzkOKw_pvQeIk3kt8dFjdOv0WP7u8Ip0B6vpF429_vc3uu_e1tFJKURLY9AlcDgY5s-dYU-Azz-qCR_7UTwNupbOlM5_iLVv0&amp;__tn__=kK-R\" target=\"_blank\" rel=\"noopener\">Fundacion Jerusalem<\/a>, uno de los temas principales a tratar fue el intercambio de experiencias en la implementaci\u00f3n de estrategias para el mejoramiento de agua y saneamiento desde las municipalidades.<\/p>\n<p><a href=\"https:\/\/www.facebook.com\/Mayra.ZetinoSv?__cft__%5b0%5d=AZUTwJMkjDri_YlnVZkpg1Sx3GCL-c-ceXNoSUUiOFby8US7Qb1OArCLzkOKw_pvQeIk3kt8dFjdOv0WP7u8Ip0B6vpF429_vc3uu_e1tFJKURLY9AlcDgY5s-dYU-Azz-qCR_7UTwNupbOlM5_iLVv0&amp;__tn__=-%5dK-R\" target=\"_blank\" rel=\"noopener\">Mayra Zetino<br \/>\n<\/a><a href=\"https:\/\/www.facebook.com\/hashtag\/accionesquetransforman?__eep__=6&amp;__cft__%5b0%5d=AZUTwJMkjDri_YlnVZkpg1Sx3GCL-c-ceXNoSUUiOFby8US7Qb1OArCLzkOKw_pvQeIk3kt8dFjdOv0WP7u8Ip0B6vpF429_vc3uu_e1tFJKURLY9AlcDgY5s-dYU-Azz-qCR_7UTwNupbOlM5_iLVv0&amp;__tn__=*NK-R\" target=\"_blank\" rel=\"noopener\">#AccionesQueTransforman<br \/>\n<\/a><a href=\"https:\/\/www.facebook.com\/hashtag\/unidostransformamosguatemala?__eep__=6&amp;__cft__%5b0%5d=AZUTwJMkjDri_YlnVZkpg1Sx3GCL-c-ceXNoSUUiOFby8US7Qb1OArCLzkOKw_pvQeIk3kt8dFjdOv0WP7u8Ip0B6vpF429_vc3uu_e1tFJKURLY9AlcDgY5s-dYU-Azz-qCR_7UTwNupbOlM5_iLVv0&amp;__tn__=*NK-R\" target=\"_blank\" rel=\"noopener\">#UnidosTransformamosGuatemala<br \/>\n<\/a><a href=\"https:\/\/www.facebook.com\/hashtag\/integraciondemunicipalidad?__eep__=6&amp;__cft__%5b0%5d=AZUTwJMkjDri_YlnVZkpg1Sx3GCL-c-ceXNoSUUiOFby8US7Qb1OArCLzkOKw_pvQeIk3kt8dFjdOv0WP7u8Ip0B6vpF429_vc3uu_e1tFJKURLY9AlcDgY5s-dYU-Azz-qCR_7UTwNupbOlM5_iLVv0&amp;__tn__=*NK-R\" target=\"_blank\" rel=\"noopener\">#integraciondemunicipalidad<\/a><\/p>\n<p>&nbsp;<\/p>\n","protected":false},"excerpt":{"rendered":"<p>El d\u00eda 11 de Septiembre, el se\u00f1or gobernador departamental, Romel Manuel Veliz Castro y algunos alcaldes de Alta Verapaz, participaron en un intercambio de experiencias con alcaldes del hermano pa\u00eds del Salvador con el fin de mejorar la relaci\u00f3n bilateral. La actividad fue coordinada por Coalici\u00f3n Humanitaria de Mujeres , la organizaci\u00f3n plan de desarrollo [&hellip;]<\/p>\n","protected":false},"author":1,"featured_media":11633,"comment_status":"closed","ping_status":"open","sticky":false,"template":"","format":"gallery","meta":[],"categories":[173],"tags":[178],"_links":{"self":[{"href":"https:\/\/gobernacionaltaverapaz.gob.gt\/index.php?rest_route=\/wp\/v2\/posts\/11631"}],"collection":[{"href":"https:\/\/gobernacionaltaverapaz.gob.gt\/index.php?rest_route=\/wp\/v2\/posts"}],"about":[{"href":"https:\/\/gobernacionaltaverapaz.gob.gt\/index.php?rest_route=\/wp\/v2\/types\/post"}],"author":[{"embeddable":true,"href":"https:\/\/gobernacionaltaverapaz.gob.gt\/index.php?rest_route=\/wp\/v2\/users\/1"}],"replies":[{"embeddable":true,"href":"https:\/\/gobernacionaltaverapaz.gob.gt\/index.php?rest_route=%2Fwp%2Fv2%2Fcomments&post=11631"}],"version-history":[{"count":1,"href":"https:\/\/gobernacionaltaverapaz.gob.gt\/index.php?rest_route=\/wp\/v2\/posts\/11631\/revisions"}],"predecessor-version":[{"id":11638,"href":"https:\/\/gobernacionaltaverapaz.gob.gt\/index.php?rest_route=\/wp\/v2\/posts\/11631\/revisions\/11638"}],"wp:featuredmedia":[{"embeddable":true,"href":"https:\/\/gobernacionaltaverapaz.gob.gt\/index.php?rest_route=\/wp\/v2\/media\/11633"}],"wp:attachment":[{"href":"https:\/\/gobernacionaltaverapaz.gob.gt\/index.php?rest_route=%2Fwp%2Fv2%2Fmedia&parent=11631"}],"wp:term":[{"taxonomy":"category","embeddable":true,"href":"https:\/\/gobernacionaltaverapaz.gob.gt\/index.php?rest_route=%2Fwp%2Fv2%2Fcategories&post=11631"},{"taxonomy":"post_tag","embeddable":true,"href":"https:\/\/gobernacionaltaverapaz.gob.gt\/index.php?rest_route=%2Fwp%2Fv2%2Ftags&post=11631"}],"curies":[{"name":"wp","href":"https:\/\/api.w.org\/{rel}","templated":true}]}}