{"id":11639,"date":"2021-09-13T15:23:49","date_gmt":"2021-09-13T21:23:49","guid":{"rendered":"https:\/\/gobernacionaltaverapaz.gob.gt\/?p=11639"},"modified":"2021-09-16T15:43:09","modified_gmt":"2021-09-16T21:43:09","slug":"resultados-de-vacunacin-masiva-en-el-departamento-de-alta-verapaz","status":"publish","type":"post","link":"https:\/\/gobernacionaltaverapaz.gob.gt\/?p=11639","title":{"rendered":"Resultados de vacunaci\u00f3n masiva en el Departamento de Alta Verapaz"},"content":{"rendered":"<p style=\"text-align: justify;\">El d\u00eda hoy en reuni\u00f3n del Centro de Operaciones de Emergencia del Departamento de Alta Verapaz \u2013COED- se dio a conocer los resultados de la vacunaci\u00f3n que se realiz\u00f3 en varios puntos de vacunaci\u00f3n de los Municipios de, Cob\u00e1n, Carcha y Chisec, siendo los siguientes.<\/p>\n<ul>\n<li style=\"text-align: justify;\">Cob\u00e1n: se vacunaron entre 1ra y 2da dosis la cantidad de 3,831 personas.<\/li>\n<li style=\"text-align: justify;\">Carcha: se vacunaron entre 1ra y 2da dosis la cantidad de 1,314 personas.<\/li>\n<li style=\"text-align: justify;\">Chisec: se vacunaron entre 1ra y 2da dosis la cantidad de 228 personas.<\/li>\n<\/ul>\n<p style=\"text-align: justify;\">Llegando a un total de 4,923 vacunados en los dos d\u00edas del fin de semana pasado, por lo cual se invita a la poblaci\u00f3n asistir a los puestos de vacunaci\u00f3n m\u00e1s cercanos, para administrarse la vacuna contra el Covid-19, motivar a sus familiares para que disipen las dudas y la desinformaci\u00f3n de los efectos de la vacuna, el <a href=\"https:\/\/www.facebook.com\/guatemalagob\/?__cft__%5b0%5d=AZU_eLi8oiKlxD9-1NScD1giuykZNubaup2hltF2ARzca-Db9wVOQlgzMxMNa4WYGBQnjGzl75kqNDeBHQ2_oqIQEDMBaHwcu-YqRr6r6PlqKRk84Jn3H1UkXDkOMOBYrUux0QHZHOivoTMSii_VYLFp&amp;__tn__=kK-R\" target=\"_blank\" rel=\"noopener\">Gobierno de Guatemala<\/a> a trav\u00e9s del <a href=\"https:\/\/www.facebook.com\/MinisteriodeSaludPublicayAsistenciaSocial\/?__cft__%5b0%5d=AZU_eLi8oiKlxD9-1NScD1giuykZNubaup2hltF2ARzca-Db9wVOQlgzMxMNa4WYGBQnjGzl75kqNDeBHQ2_oqIQEDMBaHwcu-YqRr6r6PlqKRk84Jn3H1UkXDkOMOBYrUux0QHZHOivoTMSii_VYLFp&amp;__tn__=kK-R\" target=\"_blank\" rel=\"noopener\">Ministerio de Salud P\u00fablica y Asistencia Social<\/a> en coordinaci\u00f3n interinstitucional est\u00e1 realizando el esfuerzo para abarcar la mayor poblaci\u00f3n posible, pero necesitamos de su apoyo, la vacuna es Gratuita, R\u00e1pida y Segura.<\/p>\n<p style=\"text-align: justify;\">La vacunaci\u00f3n es para las edades de 18 a\u00f1os en adelante, Si yo te cuido vacun\u00e1ndome t\u00fa tambi\u00e9n puedes cuidarme haciendo lo mismo.<\/p>\n<p><a href=\"https:\/\/www.facebook.com\/hashtag\/porlostuyos?__eep__=6&amp;__cft__%5b0%5d=AZU_eLi8oiKlxD9-1NScD1giuykZNubaup2hltF2ARzca-Db9wVOQlgzMxMNa4WYGBQnjGzl75kqNDeBHQ2_oqIQEDMBaHwcu-YqRr6r6PlqKRk84Jn3H1UkXDkOMOBYrUux0QHZHOivoTMSii_VYLFp&amp;__tn__=*NK-R\" target=\"_blank\" rel=\"noopener\">#PorLosTuyos<\/a><br \/>\n<a href=\"https:\/\/www.facebook.com\/hashtag\/yomevacuno?__eep__=6&amp;__cft__%5b0%5d=AZU_eLi8oiKlxD9-1NScD1giuykZNubaup2hltF2ARzca-Db9wVOQlgzMxMNa4WYGBQnjGzl75kqNDeBHQ2_oqIQEDMBaHwcu-YqRr6r6PlqKRk84Jn3H1UkXDkOMOBYrUux0QHZHOivoTMSii_VYLFp&amp;__tn__=*NK-R\" target=\"_blank\" rel=\"noopener\">#YoMeVacuno<br \/>\n<\/a><a href=\"https:\/\/www.facebook.com\/hashtag\/accionesquetransforman?__eep__=6&amp;__cft__%5b0%5d=AZU_eLi8oiKlxD9-1NScD1giuykZNubaup2hltF2ARzca-Db9wVOQlgzMxMNa4WYGBQnjGzl75kqNDeBHQ2_oqIQEDMBaHwcu-YqRr6r6PlqKRk84Jn3H1UkXDkOMOBYrUux0QHZHOivoTMSii_VYLFp&amp;__tn__=*NK-R\" target=\"_blank\" rel=\"noopener\">#AccionesQueTransforman<br \/>\n<\/a><a href=\"https:\/\/www.facebook.com\/hashtag\/unidostransformamosguatemala?__eep__=6&amp;__cft__%5b0%5d=AZU_eLi8oiKlxD9-1NScD1giuykZNubaup2hltF2ARzca-Db9wVOQlgzMxMNa4WYGBQnjGzl75kqNDeBHQ2_oqIQEDMBaHwcu-YqRr6r6PlqKRk84Jn3H1UkXDkOMOBYrUux0QHZHOivoTMSii_VYLFp&amp;__tn__=*NK-R\" target=\"_blank\" rel=\"noopener\">#UnidosTransformamosGuatemala<\/a><\/p>\n<div><\/div>\n","protected":false},"excerpt":{"rendered":"<p>El d\u00eda hoy en reuni\u00f3n del Centro de Operaciones de Emergencia del Departamento de Alta Verapaz \u2013COED- se dio a conocer los resultados de la vacunaci\u00f3n que se realiz\u00f3 en varios puntos de vacunaci\u00f3n de los Municipios de, Cob\u00e1n, Carcha y Chisec, siendo los siguientes. Cob\u00e1n: se vacunaron entre 1ra y 2da dosis la cantidad [&hellip;]<\/p>\n","protected":false},"author":1,"featured_media":11646,"comment_status":"closed","ping_status":"open","sticky":false,"template":"","format":"gallery","meta":[],"categories":[5],"tags":[178],"_links":{"self":[{"href":"https:\/\/gobernacionaltaverapaz.gob.gt\/index.php?rest_route=\/wp\/v2\/posts\/11639"}],"collection":[{"href":"https:\/\/gobernacionaltaverapaz.gob.gt\/index.php?rest_route=\/wp\/v2\/posts"}],"about":[{"href":"https:\/\/gobernacionaltaverapaz.gob.gt\/index.php?rest_route=\/wp\/v2\/types\/post"}],"author":[{"embeddable":true,"href":"https:\/\/gobernacionaltaverapaz.gob.gt\/index.php?rest_route=\/wp\/v2\/users\/1"}],"replies":[{"embeddable":true,"href":"https:\/\/gobernacionaltaverapaz.gob.gt\/index.php?rest_route=%2Fwp%2Fv2%2Fcomments&post=11639"}],"version-history":[{"count":2,"href":"https:\/\/gobernacionaltaverapaz.gob.gt\/index.php?rest_route=\/wp\/v2\/posts\/11639\/revisions"}],"predecessor-version":[{"id":11651,"href":"https:\/\/gobernacionaltaverapaz.gob.gt\/index.php?rest_route=\/wp\/v2\/posts\/11639\/revisions\/11651"}],"wp:featuredmedia":[{"embeddable":true,"href":"https:\/\/gobernacionaltaverapaz.gob.gt\/index.php?rest_route=\/wp\/v2\/media\/11646"}],"wp:attachment":[{"href":"https:\/\/gobernacionaltaverapaz.gob.gt\/index.php?rest_route=%2Fwp%2Fv2%2Fmedia&parent=11639"}],"wp:term":[{"taxonomy":"category","embeddable":true,"href":"https:\/\/gobernacionaltaverapaz.gob.gt\/index.php?rest_route=%2Fwp%2Fv2%2Fcategories&post=11639"},{"taxonomy":"post_tag","embeddable":true,"href":"https:\/\/gobernacionaltaverapaz.gob.gt\/index.php?rest_route=%2Fwp%2Fv2%2Ftags&post=11639"}],"curies":[{"name":"wp","href":"https:\/\/api.w.org\/{rel}","templated":true}]}}