{"id":11656,"date":"2021-09-14T19:26:32","date_gmt":"2021-09-15T01:26:32","guid":{"rendered":"https:\/\/gobernacionaltaverapaz.gob.gt\/?p=11656"},"modified":"2021-09-16T16:14:11","modified_gmt":"2021-09-16T22:14:11","slug":"inauguracin-entrega-oficial-de-la-ampliacin-escuela-primaria-prof-edgar-ronaldo-fernndez-moya-aldea-tampo-tactic-alta-verapaz","status":"publish","type":"post","link":"https:\/\/gobernacionaltaverapaz.gob.gt\/?p=11656","title":{"rendered":"Inauguraci\u00f3n y entrega oficial de la Ampliaci\u00f3n Escuela Primaria Prof. Edgar Ronaldo Fern\u00e1ndez Moya, Aldea Tampo, Tactic Alta Verapaz"},"content":{"rendered":"<p style=\"text-align: justify;\">El d\u00eda de ayer 13 de Septiembre el se\u00f1or gobernador departamental, Romel Manuel Veliz Castro en su calidad de presidente de los Consejos Departamentales de Desarrollo Urbano y Rural, junto al se\u00f1or alcalde de Tactic, Julio Baldomero Asig, su honorable Concejo Municipal, Cocodes, Maestros y Alumnos, dieron por inaugurado y entrega oficial de la Ampliaci\u00f3n de Escuela Primaria Prof. Edgar Ronaldo Fern\u00e1ndez Moya, Aldea Tampo, Tactic, Alta Verapaz.<\/p>\n<p style=\"text-align: justify;\">El <a href=\"https:\/\/www.facebook.com\/guatemalagob\/?__cft__%5b0%5d=AZUPFWV7rDp9AdM6dd0NsBtyRtmIyELCeAi9vJ2V4uFFPxekNZKPFLh1ZR9FfYLfvcKYvUWk1_dkmhcA1jAHwKh-OTsa_bNkR6zl0mA0pbhAl46GhvikpTv_9Rmq19SYuKhaopJuJz_Fs299vPK8DXA4&amp;__tn__=kK-R\" target=\"_blank\" rel=\"noopener\">Gobierno de Guatemala<\/a> a trav\u00e9s de los planes de trabajo del se\u00f1or Presidente de la Republica, <a href=\"https:\/\/www.facebook.com\/AlejandroGiammattei\/?__cft__%5b0%5d=AZUPFWV7rDp9AdM6dd0NsBtyRtmIyELCeAi9vJ2V4uFFPxekNZKPFLh1ZR9FfYLfvcKYvUWk1_dkmhcA1jAHwKh-OTsa_bNkR6zl0mA0pbhAl46GhvikpTv_9Rmq19SYuKhaopJuJz_Fs299vPK8DXA4&amp;__tn__=kK-R\" target=\"_blank\" rel=\"noopener\">Alejandro Giammattei<\/a> prioriza el seguimiento de las obras de arrastre y multianuales para que estas sean culminadas y con la importante coordinaci\u00f3n con los alcaldes de los diferentes municipios se le da seguimiento para que las obras sean canceladas en sus totalidades, para el <a href=\"https:\/\/www.facebook.com\/guatemalagob\/?__cft__%5b0%5d=AZUPFWV7rDp9AdM6dd0NsBtyRtmIyELCeAi9vJ2V4uFFPxekNZKPFLh1ZR9FfYLfvcKYvUWk1_dkmhcA1jAHwKh-OTsa_bNkR6zl0mA0pbhAl46GhvikpTv_9Rmq19SYuKhaopJuJz_Fs299vPK8DXA4&amp;__tn__=kK-R\" target=\"_blank\" rel=\"noopener\">Gobierno de Guatemala<\/a> la educaci\u00f3n y que los j\u00f3venes opten a una mejor vida en cuanto a su desarrollo profesional es la prioridad.<\/p>\n<p style=\"text-align: justify;\">Los vecinos de la Aldea Tampo, priorizaron y solicitaron la Ampliaci\u00f3n de Escuela Primaria Prof. Edgar Ronaldo Fern\u00e1ndez Moya, Aldea Tampo, Tactic, Alta Verapaz y as\u00ed\u0301 contribuir en bajar el porcentaje del \u00edndice de analfabetismo y delincuencia de los estudiantes.<\/p>\n<p style=\"text-align: justify;\">El proyecto consiste en la ampliaci\u00f3n de Escuela de la Aldea Tampo con 4 salones de clases con rampa, instalaci\u00f3n el\u00e9ctrica de iluminaci\u00f3n y fuerza, instalaciones hidr\u00e1ulicas y bodega, con un \u00e1rea total de 472.00m2.<\/p>\n<p><a href=\"https:\/\/www.facebook.com\/hashtag\/accionesquetransforman?__eep__=6&amp;__cft__%5b0%5d=AZUPFWV7rDp9AdM6dd0NsBtyRtmIyELCeAi9vJ2V4uFFPxekNZKPFLh1ZR9FfYLfvcKYvUWk1_dkmhcA1jAHwKh-OTsa_bNkR6zl0mA0pbhAl46GhvikpTv_9Rmq19SYuKhaopJuJz_Fs299vPK8DXA4&amp;__tn__=*NK-R\" target=\"_blank\" rel=\"noopener\">#AccionesQueTransforman<br \/>\n<\/a><a href=\"https:\/\/www.facebook.com\/hashtag\/unidostransformamosguatemala?__eep__=6&amp;__cft__%5b0%5d=AZUPFWV7rDp9AdM6dd0NsBtyRtmIyELCeAi9vJ2V4uFFPxekNZKPFLh1ZR9FfYLfvcKYvUWk1_dkmhcA1jAHwKh-OTsa_bNkR6zl0mA0pbhAl46GhvikpTv_9Rmq19SYuKhaopJuJz_Fs299vPK8DXA4&amp;__tn__=*NK-R\" target=\"_blank\" rel=\"noopener\">#UnidosTransformamosGuatemala<br \/>\n<\/a><a href=\"https:\/\/www.facebook.com\/hashtag\/juntossaldremosadelante?__eep__=6&amp;__cft__%5b0%5d=AZUPFWV7rDp9AdM6dd0NsBtyRtmIyELCeAi9vJ2V4uFFPxekNZKPFLh1ZR9FfYLfvcKYvUWk1_dkmhcA1jAHwKh-OTsa_bNkR6zl0mA0pbhAl46GhvikpTv_9Rmq19SYuKhaopJuJz_Fs299vPK8DXA4&amp;__tn__=*NK-R\" target=\"_blank\" rel=\"noopener\">#JuntosSaldremosAdelante<br \/>\n<\/a><a href=\"https:\/\/www.facebook.com\/hashtag\/altaverapazsigueavanzando?__eep__=6&amp;__cft__%5b0%5d=AZUPFWV7rDp9AdM6dd0NsBtyRtmIyELCeAi9vJ2V4uFFPxekNZKPFLh1ZR9FfYLfvcKYvUWk1_dkmhcA1jAHwKh-OTsa_bNkR6zl0mA0pbhAl46GhvikpTv_9Rmq19SYuKhaopJuJz_Fs299vPK8DXA4&amp;__tn__=*NK-R\" target=\"_blank\" rel=\"noopener\">#altaverapazsigueavanzando<\/a><\/p>\n<div><\/div>\n","protected":false},"excerpt":{"rendered":"<p>El d\u00eda de ayer 13 de Septiembre el se\u00f1or gobernador departamental, Romel Manuel Veliz Castro en su calidad de presidente de los Consejos Departamentales de Desarrollo Urbano y Rural, junto al se\u00f1or alcalde de Tactic, Julio Baldomero Asig, su honorable Concejo Municipal, Cocodes, Maestros y Alumnos, dieron por inaugurado y entrega oficial de la Ampliaci\u00f3n [&hellip;]<\/p>\n","protected":false},"author":1,"featured_media":11669,"comment_status":"closed","ping_status":"open","sticky":false,"template":"","format":"gallery","meta":[],"categories":[2],"tags":[178],"_links":{"self":[{"href":"https:\/\/gobernacionaltaverapaz.gob.gt\/index.php?rest_route=\/wp\/v2\/posts\/11656"}],"collection":[{"href":"https:\/\/gobernacionaltaverapaz.gob.gt\/index.php?rest_route=\/wp\/v2\/posts"}],"about":[{"href":"https:\/\/gobernacionaltaverapaz.gob.gt\/index.php?rest_route=\/wp\/v2\/types\/post"}],"author":[{"embeddable":true,"href":"https:\/\/gobernacionaltaverapaz.gob.gt\/index.php?rest_route=\/wp\/v2\/users\/1"}],"replies":[{"embeddable":true,"href":"https:\/\/gobernacionaltaverapaz.gob.gt\/index.php?rest_route=%2Fwp%2Fv2%2Fcomments&post=11656"}],"version-history":[{"count":2,"href":"https:\/\/gobernacionaltaverapaz.gob.gt\/index.php?rest_route=\/wp\/v2\/posts\/11656\/revisions"}],"predecessor-version":[{"id":11671,"href":"https:\/\/gobernacionaltaverapaz.gob.gt\/index.php?rest_route=\/wp\/v2\/posts\/11656\/revisions\/11671"}],"wp:featuredmedia":[{"embeddable":true,"href":"https:\/\/gobernacionaltaverapaz.gob.gt\/index.php?rest_route=\/wp\/v2\/media\/11669"}],"wp:attachment":[{"href":"https:\/\/gobernacionaltaverapaz.gob.gt\/index.php?rest_route=%2Fwp%2Fv2%2Fmedia&parent=11656"}],"wp:term":[{"taxonomy":"category","embeddable":true,"href":"https:\/\/gobernacionaltaverapaz.gob.gt\/index.php?rest_route=%2Fwp%2Fv2%2Fcategories&post=11656"},{"taxonomy":"post_tag","embeddable":true,"href":"https:\/\/gobernacionaltaverapaz.gob.gt\/index.php?rest_route=%2Fwp%2Fv2%2Ftags&post=11656"}],"curies":[{"name":"wp","href":"https:\/\/api.w.org\/{rel}","templated":true}]}}