{"id":11673,"date":"2021-09-20T12:14:26","date_gmt":"2021-09-20T18:14:26","guid":{"rendered":"https:\/\/gobernacionaltaverapaz.gob.gt\/?p=11673"},"modified":"2021-09-21T15:36:10","modified_gmt":"2021-09-21T21:36:10","slug":"mejoramiento-camino-rural-caserio-cahaboncito-ii-tactic-alta-verapaz","status":"publish","type":"post","link":"https:\/\/gobernacionaltaverapaz.gob.gt\/?p=11673","title":{"rendered":"Mejoramiento camino rural Caserio Cahaboncito II, Tactic, Alta Verapaz"},"content":{"rendered":"<p style=\"text-align: justify;\">El municipio de Tactic se localiza al norte del departamento de Alta Verapaz, cuenta con una extensi\u00f3n territorial de 85 KmA2., colinda al norte con Cob\u00e1n, al sur con San Miguel Chicaj, Salam\u00e1 y Purulh\u00e1 del departamento de Baja Verapaz; al este con Tamah\u00fa y al oeste con Santa Cruz Verapaz; est\u00e1 ubicado a 39 kil\u00f3metros de la cabecera departamental y a 185 kil\u00f3metros de la ciudad capital, la carretera CA-14 que conduce de la ciudad Capital atraviesa el municipio de Tactic se encuentra asfaltada.<\/p>\n<p style=\"text-align: justify;\">De acuerdo al an\u00e1lisis de problemas en el \u00e1rea de Cahaboncito ll, son diversas las problem\u00e1ticas que contribuyen con la disminuci\u00f3n de la cobertura de servicio en \u00e1reas periurbanas y rurales del municipio, contribuyendo a la mala calidad de vida y demanda de necesidades que van en aumento.<\/p>\n<p style=\"text-align: justify;\">El proyecto consiste en la construcci\u00f3n de un pavimento r\u00edgido mediante un empedrado revestido de espesor de 0.20 m con una longitud de 800 metros lineales, con 5.60 metros de ancho, dando como resultado 4000 m2 de \u00e1rea de empedrado. Debido a la topograf\u00eda se realizaran 1590.5 metros lineales de cuneta, con el objeto de dirigir de forma segura el agua pluvial que se concentre en dicho camino.<\/p>\n<p style=\"text-align: justify;\">El <a href=\"https:\/\/www.facebook.com\/guatemalagob\/?__cft__%5b0%5d=AZXslDzrKDnnetWlwxcyH8Wk1x0i0etO0oAnxbyU1B6dHPvqjnt-3lgsP-ZROd_2V9lF_r2Dwv79FJjAzYN37bijet4f7lA_io-HzoiEhOzEZkKGXPQFDN5EVWauOgD0krdCtbBwy9oeBWSlEGGjn55V&amp;__tn__=kK-R\" target=\"_blank\" rel=\"noopener\">Gobierno de Guatemala<\/a> a trav\u00e9s de los Consejos de Desarrollo invertir\u00e1 en este proyecto la cantidad de Q 2, 000,000 del ejercicio fiscal 2021.<\/p>\n<p><a href=\"https:\/\/www.facebook.com\/hashtag\/accionesquetransforman?__eep__=6&amp;__cft__%5b0%5d=AZXslDzrKDnnetWlwxcyH8Wk1x0i0etO0oAnxbyU1B6dHPvqjnt-3lgsP-ZROd_2V9lF_r2Dwv79FJjAzYN37bijet4f7lA_io-HzoiEhOzEZkKGXPQFDN5EVWauOgD0krdCtbBwy9oeBWSlEGGjn55V&amp;__tn__=*NK-R\" target=\"_blank\" rel=\"noopener\">#AccionesQueTransforman<br \/>\n<\/a><a href=\"https:\/\/www.facebook.com\/hashtag\/unidostransformamosguatemala?__eep__=6&amp;__cft__%5b0%5d=AZXslDzrKDnnetWlwxcyH8Wk1x0i0etO0oAnxbyU1B6dHPvqjnt-3lgsP-ZROd_2V9lF_r2Dwv79FJjAzYN37bijet4f7lA_io-HzoiEhOzEZkKGXPQFDN5EVWauOgD0krdCtbBwy9oeBWSlEGGjn55V&amp;__tn__=*NK-R\" target=\"_blank\" rel=\"noopener\">#UnidosTransformamosGuatemala<br \/>\n<\/a><a href=\"https:\/\/www.facebook.com\/hashtag\/juntossaldremosadelante?__eep__=6&amp;__cft__%5b0%5d=AZXslDzrKDnnetWlwxcyH8Wk1x0i0etO0oAnxbyU1B6dHPvqjnt-3lgsP-ZROd_2V9lF_r2Dwv79FJjAzYN37bijet4f7lA_io-HzoiEhOzEZkKGXPQFDN5EVWauOgD0krdCtbBwy9oeBWSlEGGjn55V&amp;__tn__=*NK-R\" target=\"_blank\" rel=\"noopener\">#JuntosSaldremosAdelante<br \/>\n<\/a><a href=\"https:\/\/www.facebook.com\/hashtag\/altaverapazsigueavanzando?__eep__=6&amp;__cft__%5b0%5d=AZXslDzrKDnnetWlwxcyH8Wk1x0i0etO0oAnxbyU1B6dHPvqjnt-3lgsP-ZROd_2V9lF_r2Dwv79FJjAzYN37bijet4f7lA_io-HzoiEhOzEZkKGXPQFDN5EVWauOgD0krdCtbBwy9oeBWSlEGGjn55V&amp;__tn__=*NK-R\" target=\"_blank\" rel=\"noopener\">#altaverapazsigueavanzando<\/a><\/p>\n<div><\/div>\n<p>&nbsp;<\/p>\n","protected":false},"excerpt":{"rendered":"<p>El municipio de Tactic se localiza al norte del departamento de Alta Verapaz, cuenta con una extensi\u00f3n territorial de 85 KmA2., colinda al norte con Cob\u00e1n, al sur con San Miguel Chicaj, Salam\u00e1 y Purulh\u00e1 del departamento de Baja Verapaz; al este con Tamah\u00fa y al oeste con Santa Cruz Verapaz; est\u00e1 ubicado a 39 [&hellip;]<\/p>\n","protected":false},"author":1,"featured_media":11675,"comment_status":"closed","ping_status":"open","sticky":false,"template":"","format":"gallery","meta":[],"categories":[4],"tags":[178],"_links":{"self":[{"href":"https:\/\/gobernacionaltaverapaz.gob.gt\/index.php?rest_route=\/wp\/v2\/posts\/11673"}],"collection":[{"href":"https:\/\/gobernacionaltaverapaz.gob.gt\/index.php?rest_route=\/wp\/v2\/posts"}],"about":[{"href":"https:\/\/gobernacionaltaverapaz.gob.gt\/index.php?rest_route=\/wp\/v2\/types\/post"}],"author":[{"embeddable":true,"href":"https:\/\/gobernacionaltaverapaz.gob.gt\/index.php?rest_route=\/wp\/v2\/users\/1"}],"replies":[{"embeddable":true,"href":"https:\/\/gobernacionaltaverapaz.gob.gt\/index.php?rest_route=%2Fwp%2Fv2%2Fcomments&post=11673"}],"version-history":[{"count":2,"href":"https:\/\/gobernacionaltaverapaz.gob.gt\/index.php?rest_route=\/wp\/v2\/posts\/11673\/revisions"}],"predecessor-version":[{"id":11680,"href":"https:\/\/gobernacionaltaverapaz.gob.gt\/index.php?rest_route=\/wp\/v2\/posts\/11673\/revisions\/11680"}],"wp:featuredmedia":[{"embeddable":true,"href":"https:\/\/gobernacionaltaverapaz.gob.gt\/index.php?rest_route=\/wp\/v2\/media\/11675"}],"wp:attachment":[{"href":"https:\/\/gobernacionaltaverapaz.gob.gt\/index.php?rest_route=%2Fwp%2Fv2%2Fmedia&parent=11673"}],"wp:term":[{"taxonomy":"category","embeddable":true,"href":"https:\/\/gobernacionaltaverapaz.gob.gt\/index.php?rest_route=%2Fwp%2Fv2%2Fcategories&post=11673"},{"taxonomy":"post_tag","embeddable":true,"href":"https:\/\/gobernacionaltaverapaz.gob.gt\/index.php?rest_route=%2Fwp%2Fv2%2Ftags&post=11673"}],"curies":[{"name":"wp","href":"https:\/\/api.w.org\/{rel}","templated":true}]}}