{"id":11684,"date":"2021-09-21T09:08:22","date_gmt":"2021-09-21T15:08:22","guid":{"rendered":"https:\/\/gobernacionaltaverapaz.gob.gt\/?p=11684"},"modified":"2021-09-21T16:00:44","modified_gmt":"2021-09-21T22:00:44","slug":"construccin-centro-comunitario-de-salud-aldea-sacsuha-santa-catalina-la-tinta-alta-verapaz","status":"publish","type":"post","link":"https:\/\/gobernacionaltaverapaz.gob.gt\/?p=11684","title":{"rendered":"Construcci\u00f3n Centro Comunitario de Salud Aldea Sacsuha I, Santa Catalina La Tinta, Alta Verapaz"},"content":{"rendered":"<p style=\"text-align: justify;\">En la aldea Sacsuha I del Municipio de Santa Catalina La Tinta, Alta Verapaz no se dispon\u00eda de un \u00e1rea apropiada en donde poder atender a las personas que requer\u00edan de atenci\u00f3n en salud, no se contaba con la infraestructura necesaria, en consideraci\u00f3n de lo anterior y estableciendo la necesidad de mejorar las condiciones en salud de aldea Sacsuha I, los vecinos a trav\u00e9s del administraci\u00f3n Municipal consideraron prioritario y emergente realizar la gesti\u00f3n y lograr la ejecuci\u00f3n del proyecto.<\/p>\n<p style=\"text-align: justify;\">El proyecto consistir\u00e1 en la construcci\u00f3n del Centro Comunitario de Salud en un \u00e1rea de 201 metros cuadrados, el <a href=\"https:\/\/www.facebook.com\/guatemalagob\/?__cft__%5b0%5d=AZVRzK1fJHM3iHU6wUOzXWuyKBojDtQ4HjvEcROF20jG82CkreQJsuPegyQT8hx5L3AG6VqidE0Rp48IkKdFNKfBAMpPZJXqxIUqUW4CtrkaJzdNjlDksU8uZPSsbRamy3fGyTtePdoLW2RTKF8bNwXC&amp;__tn__=kK-R\" target=\"_blank\" rel=\"noopener\">Gobierno de Guatemala<\/a> a trav\u00e9s de los Consejos de Desarrollo invertir\u00e1 un monto de Q 158,221 y con esto se pretende mejorar las condiciones en salud de la poblaci\u00f3n de la aldea de Sacsuha I disponiendo de un \u00e1rea apropiada en donde puedan recibir atenci\u00f3n digna en salud.<\/p>\n<p><a href=\"https:\/\/www.facebook.com\/hashtag\/accionesquetransforman?__eep__=6&amp;__cft__%5b0%5d=AZVRzK1fJHM3iHU6wUOzXWuyKBojDtQ4HjvEcROF20jG82CkreQJsuPegyQT8hx5L3AG6VqidE0Rp48IkKdFNKfBAMpPZJXqxIUqUW4CtrkaJzdNjlDksU8uZPSsbRamy3fGyTtePdoLW2RTKF8bNwXC&amp;__tn__=*NK-R\" target=\"_blank\" rel=\"noopener\">#AccionesQueTransforman<br \/>\n<\/a><a href=\"https:\/\/www.facebook.com\/hashtag\/unidostransformamosguatemala?__eep__=6&amp;__cft__%5b0%5d=AZVRzK1fJHM3iHU6wUOzXWuyKBojDtQ4HjvEcROF20jG82CkreQJsuPegyQT8hx5L3AG6VqidE0Rp48IkKdFNKfBAMpPZJXqxIUqUW4CtrkaJzdNjlDksU8uZPSsbRamy3fGyTtePdoLW2RTKF8bNwXC&amp;__tn__=*NK-R\" target=\"_blank\" rel=\"noopener\">#UnidosTransformamosGuatemala<br \/>\n<\/a><a href=\"https:\/\/www.facebook.com\/hashtag\/juntossaldremosadelante?__eep__=6&amp;__cft__%5b0%5d=AZVRzK1fJHM3iHU6wUOzXWuyKBojDtQ4HjvEcROF20jG82CkreQJsuPegyQT8hx5L3AG6VqidE0Rp48IkKdFNKfBAMpPZJXqxIUqUW4CtrkaJzdNjlDksU8uZPSsbRamy3fGyTtePdoLW2RTKF8bNwXC&amp;__tn__=*NK-R\" target=\"_blank\" rel=\"noopener\">#JuntosSaldremosAdelante<br \/>\n<\/a><a href=\"https:\/\/www.facebook.com\/hashtag\/altaverapazsigueavanzando?__eep__=6&amp;__cft__%5b0%5d=AZVRzK1fJHM3iHU6wUOzXWuyKBojDtQ4HjvEcROF20jG82CkreQJsuPegyQT8hx5L3AG6VqidE0Rp48IkKdFNKfBAMpPZJXqxIUqUW4CtrkaJzdNjlDksU8uZPSsbRamy3fGyTtePdoLW2RTKF8bNwXC&amp;__tn__=*NK-R\" target=\"_blank\" rel=\"noopener\">#altaverapazsigueavanzando<\/a><\/p>\n<p><img decoding=\"async\" loading=\"lazy\" class=\"alignnone wp-image-11685 size-full\" src=\"https:\/\/gobernacionaltaverapaz.gob.gt\/wp-content\/uploads\/2021\/09\/001-23.jpg\" alt=\"\" width=\"900\" height=\"600\" srcset=\"https:\/\/gobernacionaltaverapaz.gob.gt\/wp-content\/uploads\/2021\/09\/001-23.jpg 900w, https:\/\/gobernacionaltaverapaz.gob.gt\/wp-content\/uploads\/2021\/09\/001-23-300x200.jpg 300w, https:\/\/gobernacionaltaverapaz.gob.gt\/wp-content\/uploads\/2021\/09\/001-23-768x512.jpg 768w\" sizes=\"(max-width: 900px) 100vw, 900px\" \/> <img decoding=\"async\" loading=\"lazy\" class=\"alignnone wp-image-11686 size-full\" src=\"https:\/\/gobernacionaltaverapaz.gob.gt\/wp-content\/uploads\/2021\/09\/002-19.jpg\" alt=\"\" width=\"900\" height=\"600\" srcset=\"https:\/\/gobernacionaltaverapaz.gob.gt\/wp-content\/uploads\/2021\/09\/002-19.jpg 900w, https:\/\/gobernacionaltaverapaz.gob.gt\/wp-content\/uploads\/2021\/09\/002-19-300x200.jpg 300w, https:\/\/gobernacionaltaverapaz.gob.gt\/wp-content\/uploads\/2021\/09\/002-19-768x512.jpg 768w\" sizes=\"(max-width: 900px) 100vw, 900px\" \/><\/p>\n","protected":false},"excerpt":{"rendered":"<p>En la aldea Sacsuha I del Municipio de Santa Catalina La Tinta, Alta Verapaz no se dispon\u00eda de un \u00e1rea apropiada en donde poder atender a las personas que requer\u00edan de atenci\u00f3n en salud, no se contaba con la infraestructura necesaria, en consideraci\u00f3n de lo anterior y estableciendo la necesidad de mejorar las condiciones en [&hellip;]<\/p>\n","protected":false},"author":1,"featured_media":11687,"comment_status":"closed","ping_status":"open","sticky":false,"template":"","format":"standard","meta":[],"categories":[5],"tags":[178],"_links":{"self":[{"href":"https:\/\/gobernacionaltaverapaz.gob.gt\/index.php?rest_route=\/wp\/v2\/posts\/11684"}],"collection":[{"href":"https:\/\/gobernacionaltaverapaz.gob.gt\/index.php?rest_route=\/wp\/v2\/posts"}],"about":[{"href":"https:\/\/gobernacionaltaverapaz.gob.gt\/index.php?rest_route=\/wp\/v2\/types\/post"}],"author":[{"embeddable":true,"href":"https:\/\/gobernacionaltaverapaz.gob.gt\/index.php?rest_route=\/wp\/v2\/users\/1"}],"replies":[{"embeddable":true,"href":"https:\/\/gobernacionaltaverapaz.gob.gt\/index.php?rest_route=%2Fwp%2Fv2%2Fcomments&post=11684"}],"version-history":[{"count":2,"href":"https:\/\/gobernacionaltaverapaz.gob.gt\/index.php?rest_route=\/wp\/v2\/posts\/11684\/revisions"}],"predecessor-version":[{"id":11689,"href":"https:\/\/gobernacionaltaverapaz.gob.gt\/index.php?rest_route=\/wp\/v2\/posts\/11684\/revisions\/11689"}],"wp:featuredmedia":[{"embeddable":true,"href":"https:\/\/gobernacionaltaverapaz.gob.gt\/index.php?rest_route=\/wp\/v2\/media\/11687"}],"wp:attachment":[{"href":"https:\/\/gobernacionaltaverapaz.gob.gt\/index.php?rest_route=%2Fwp%2Fv2%2Fmedia&parent=11684"}],"wp:term":[{"taxonomy":"category","embeddable":true,"href":"https:\/\/gobernacionaltaverapaz.gob.gt\/index.php?rest_route=%2Fwp%2Fv2%2Fcategories&post=11684"},{"taxonomy":"post_tag","embeddable":true,"href":"https:\/\/gobernacionaltaverapaz.gob.gt\/index.php?rest_route=%2Fwp%2Fv2%2Ftags&post=11684"}],"curies":[{"name":"wp","href":"https:\/\/api.w.org\/{rel}","templated":true}]}}