{"id":11690,"date":"2021-09-21T14:07:34","date_gmt":"2021-09-21T20:07:34","guid":{"rendered":"https:\/\/gobernacionaltaverapaz.gob.gt\/?p=11690"},"modified":"2021-09-21T16:02:30","modified_gmt":"2021-09-21T22:02:30","slug":"reunin-de-coed-3","status":"publish","type":"post","link":"https:\/\/gobernacionaltaverapaz.gob.gt\/?p=11690","title":{"rendered":"Reuni\u00f3n de -COED-"},"content":{"rendered":"<p style=\"text-align: justify;\">El d\u00eda de hoy se realiz\u00f3 la Reuni\u00f3n del Grupo de Toma de Decisiones del Centro de Operaciones de Emergencia Departamental de Alta Verapaz, en la cual, personal del Ministerio de Salud P\u00fablica y Asistencia Social del Departamento, presento el estado actual de la pandemia ocasionada por el COVID-19, la estad\u00edstica del programa de vacunaci\u00f3n que se ha ejecutado y una estrategia a implementar para fortalecer el proceso de vacunaci\u00f3n para todos los municipios del Departamento de Alta Verapaz.<\/p>\n<p style=\"text-align: justify;\">El se\u00f1or Gobernador Departamental, Romel Manuel Veliz Castro, en su calidad de Director del \u2013COED-, resalt\u00f3 la importancia de que todas las instituciones Gubernamentales tienen que sumarse a una nueva campa\u00f1a de vacunaci\u00f3n, es por ello que se les convoco a una reuni\u00f3n de emergencia para el d\u00eda de hoy en horas de la tarde, para establecer medios y estrategias a utilizar durante la campa\u00f1a.<\/p>\n<p><a href=\"https:\/\/www.facebook.com\/hashtag\/accionesquetransforman?__eep__=6&amp;__cft__%5b0%5d=AZUQOBgobsDLWjUZ1SXxi4x-3BjZ0_87KYQNLB_vr17lDyg5cMGupnSfU4t090tNulaE-j6ReZ67mR-WeOr9kIne9B17p5LF3ViJkEBsBvdDWvnSXogtw3JvzIZZqgv1n_y7TeZJW51EMba0cnJ0R-du&amp;__tn__=*NK-R\" target=\"_blank\" rel=\"noopener\">#AccionesQueTransforman<br \/>\n<\/a><a href=\"https:\/\/www.facebook.com\/hashtag\/unidostransformamosguatemala?__eep__=6&amp;__cft__%5b0%5d=AZUQOBgobsDLWjUZ1SXxi4x-3BjZ0_87KYQNLB_vr17lDyg5cMGupnSfU4t090tNulaE-j6ReZ67mR-WeOr9kIne9B17p5LF3ViJkEBsBvdDWvnSXogtw3JvzIZZqgv1n_y7TeZJW51EMba0cnJ0R-du&amp;__tn__=*NK-R\" target=\"_blank\" rel=\"noopener\">#UnidosTransformamosGuatemala<br \/>\n<\/a><a href=\"https:\/\/www.facebook.com\/hashtag\/juntossaldremosadelante?__eep__=6&amp;__cft__%5b0%5d=AZUQOBgobsDLWjUZ1SXxi4x-3BjZ0_87KYQNLB_vr17lDyg5cMGupnSfU4t090tNulaE-j6ReZ67mR-WeOr9kIne9B17p5LF3ViJkEBsBvdDWvnSXogtw3JvzIZZqgv1n_y7TeZJW51EMba0cnJ0R-du&amp;__tn__=*NK-R\" target=\"_blank\" rel=\"noopener\">#JuntosSaldremosAdelante<br \/>\n<\/a><a href=\"https:\/\/www.facebook.com\/hashtag\/altaverapazsigueavanzando?__eep__=6&amp;__cft__%5b0%5d=AZUQOBgobsDLWjUZ1SXxi4x-3BjZ0_87KYQNLB_vr17lDyg5cMGupnSfU4t090tNulaE-j6ReZ67mR-WeOr9kIne9B17p5LF3ViJkEBsBvdDWvnSXogtw3JvzIZZqgv1n_y7TeZJW51EMba0cnJ0R-du&amp;__tn__=*NK-R\" target=\"_blank\" rel=\"noopener\">#altaverapazsigueavanzando<\/a><\/p>\n<div><\/div>\n","protected":false},"excerpt":{"rendered":"<p>El d\u00eda de hoy se realiz\u00f3 la Reuni\u00f3n del Grupo de Toma de Decisiones del Centro de Operaciones de Emergencia Departamental de Alta Verapaz, en la cual, personal del Ministerio de Salud P\u00fablica y Asistencia Social del Departamento, presento el estado actual de la pandemia ocasionada por el COVID-19, la estad\u00edstica del programa de vacunaci\u00f3n [&hellip;]<\/p>\n","protected":false},"author":1,"featured_media":11691,"comment_status":"closed","ping_status":"open","sticky":false,"template":"","format":"gallery","meta":[],"categories":[5],"tags":[178],"_links":{"self":[{"href":"https:\/\/gobernacionaltaverapaz.gob.gt\/index.php?rest_route=\/wp\/v2\/posts\/11690"}],"collection":[{"href":"https:\/\/gobernacionaltaverapaz.gob.gt\/index.php?rest_route=\/wp\/v2\/posts"}],"about":[{"href":"https:\/\/gobernacionaltaverapaz.gob.gt\/index.php?rest_route=\/wp\/v2\/types\/post"}],"author":[{"embeddable":true,"href":"https:\/\/gobernacionaltaverapaz.gob.gt\/index.php?rest_route=\/wp\/v2\/users\/1"}],"replies":[{"embeddable":true,"href":"https:\/\/gobernacionaltaverapaz.gob.gt\/index.php?rest_route=%2Fwp%2Fv2%2Fcomments&post=11690"}],"version-history":[{"count":2,"href":"https:\/\/gobernacionaltaverapaz.gob.gt\/index.php?rest_route=\/wp\/v2\/posts\/11690\/revisions"}],"predecessor-version":[{"id":11697,"href":"https:\/\/gobernacionaltaverapaz.gob.gt\/index.php?rest_route=\/wp\/v2\/posts\/11690\/revisions\/11697"}],"wp:featuredmedia":[{"embeddable":true,"href":"https:\/\/gobernacionaltaverapaz.gob.gt\/index.php?rest_route=\/wp\/v2\/media\/11691"}],"wp:attachment":[{"href":"https:\/\/gobernacionaltaverapaz.gob.gt\/index.php?rest_route=%2Fwp%2Fv2%2Fmedia&parent=11690"}],"wp:term":[{"taxonomy":"category","embeddable":true,"href":"https:\/\/gobernacionaltaverapaz.gob.gt\/index.php?rest_route=%2Fwp%2Fv2%2Fcategories&post=11690"},{"taxonomy":"post_tag","embeddable":true,"href":"https:\/\/gobernacionaltaverapaz.gob.gt\/index.php?rest_route=%2Fwp%2Fv2%2Ftags&post=11690"}],"curies":[{"name":"wp","href":"https:\/\/api.w.org\/{rel}","templated":true}]}}