{"id":11699,"date":"2021-09-22T12:08:14","date_gmt":"2021-09-22T18:08:14","guid":{"rendered":"https:\/\/gobernacionaltaverapaz.gob.gt\/?p=11699"},"modified":"2021-10-01T12:41:57","modified_gmt":"2021-10-01T18:41:57","slug":"seguimiento-al-cobro-de-energa-elctrica-afecta-vecinos-de-campur-san-pedro-carch","status":"publish","type":"post","link":"https:\/\/gobernacionaltaverapaz.gob.gt\/?p=11699","title":{"rendered":"Seguimiento al cobro de energ\u00eda el\u00e9ctrica que afecta vecinos de Campur, San Pedro Carch\u00e1"},"content":{"rendered":"<p style=\"text-align: justify;\">El d\u00eda de ayer delegados de la Comisi\u00f3n Nacional de Energ\u00eda El\u00e9ctrica <a href=\"https:\/\/www.facebook.com\/CNEE-Guatemala-107447257490252\/?__cft__%5b0%5d=AZVh_vBXY3mY0960g9ofmoPctjztT85svQaAK_6tPSGn9dX1drlQyy1swc_8EPageu6Zz8ET6QKTjj6b_9ePGr3rWr1G8H_-FTgNsfjLxXw4dyUwz6iZyfUFkJzyvPLHcljUvMApvoJtmgNH26C01hlD&amp;__tn__=kK-R\" target=\"_blank\" rel=\"noopener\">CNEE Guatemala<\/a>, sostuvieron reuni\u00f3n de trabajo con el se\u00f1or Gobernador Departamental, Romel Manuel V\u00e9liz Castro, con el fin de darle seguimiento al caso de cobro de energ\u00eda el\u00e9ctrica a vecinos afectados por ETA e IOTA en la aldea Campur del Municipio de San Pedro Carcha.<\/p>\n<p style=\"text-align: justify;\">El se\u00f1or Gobernador coordino directamente con los COCODEs y la comisi\u00f3n de Prevenci\u00f3n de la violencia de la Aldea Campur, para que los delegados de la \u2013CNEE- pudieran tener un panorama directo de la problem\u00e1tica que se viene suscitando y darle una pronta soluci\u00f3n con el fin de beneficiar a la parte afectada.<\/p>\n<p style=\"text-align: justify;\">\u00bfQu\u00e9 hace la Comisi\u00f3n Nacional de Energ\u00eda El\u00e9ctrica?<\/p>\n<p style=\"text-align: justify;\">La misi\u00f3n de la CNEE es velar por el cumplimiento de la Ley General de Electricidad y su Reglamento, regulando a favor de la eficiencia, estabilidad y sostenibilidad del subsector el\u00e9ctrico en Guatemala.<\/p>\n<p><a href=\"https:\/\/www.facebook.com\/hashtag\/accionesquetransforman?__eep__=6&amp;__cft__%5b0%5d=AZVh_vBXY3mY0960g9ofmoPctjztT85svQaAK_6tPSGn9dX1drlQyy1swc_8EPageu6Zz8ET6QKTjj6b_9ePGr3rWr1G8H_-FTgNsfjLxXw4dyUwz6iZyfUFkJzyvPLHcljUvMApvoJtmgNH26C01hlD&amp;__tn__=*NK-R\" target=\"_blank\" rel=\"noopener\">#AccionesQueTransforman<br \/>\n<\/a><a href=\"https:\/\/www.facebook.com\/hashtag\/unidostransformamosguatemala?__eep__=6&amp;__cft__%5b0%5d=AZVh_vBXY3mY0960g9ofmoPctjztT85svQaAK_6tPSGn9dX1drlQyy1swc_8EPageu6Zz8ET6QKTjj6b_9ePGr3rWr1G8H_-FTgNsfjLxXw4dyUwz6iZyfUFkJzyvPLHcljUvMApvoJtmgNH26C01hlD&amp;__tn__=*NK-R\" target=\"_blank\" rel=\"noopener\">#UnidosTransformamosGuatemala<br \/>\n<\/a><a href=\"https:\/\/www.facebook.com\/hashtag\/juntossaldremosadelante?__eep__=6&amp;__cft__%5b0%5d=AZVh_vBXY3mY0960g9ofmoPctjztT85svQaAK_6tPSGn9dX1drlQyy1swc_8EPageu6Zz8ET6QKTjj6b_9ePGr3rWr1G8H_-FTgNsfjLxXw4dyUwz6iZyfUFkJzyvPLHcljUvMApvoJtmgNH26C01hlD&amp;__tn__=*NK-R\" target=\"_blank\" rel=\"noopener\">#JuntosSaldremosAdelante<br \/>\n<\/a><a href=\"https:\/\/www.facebook.com\/hashtag\/altaverapazsigueavanzando?__eep__=6&amp;__cft__%5b0%5d=AZVh_vBXY3mY0960g9ofmoPctjztT85svQaAK_6tPSGn9dX1drlQyy1swc_8EPageu6Zz8ET6QKTjj6b_9ePGr3rWr1G8H_-FTgNsfjLxXw4dyUwz6iZyfUFkJzyvPLHcljUvMApvoJtmgNH26C01hlD&amp;__tn__=*NK-R\" target=\"_blank\" rel=\"noopener\">#altaverapazsigueavanzando<\/a><\/p>\n<p><img decoding=\"async\" loading=\"lazy\" class=\"alignnone wp-image-11702 size-full\" src=\"https:\/\/gobernacionaltaverapaz.gob.gt\/wp-content\/uploads\/2021\/10\/003.jpg\" alt=\"\" width=\"900\" height=\"600\" srcset=\"https:\/\/gobernacionaltaverapaz.gob.gt\/wp-content\/uploads\/2021\/10\/003.jpg 900w, https:\/\/gobernacionaltaverapaz.gob.gt\/wp-content\/uploads\/2021\/10\/003-300x200.jpg 300w, https:\/\/gobernacionaltaverapaz.gob.gt\/wp-content\/uploads\/2021\/10\/003-768x512.jpg 768w\" sizes=\"(max-width: 900px) 100vw, 900px\" \/> <img decoding=\"async\" loading=\"lazy\" class=\"alignnone wp-image-11701 size-full\" src=\"https:\/\/gobernacionaltaverapaz.gob.gt\/wp-content\/uploads\/2021\/10\/002.jpg\" alt=\"\" width=\"900\" height=\"600\" srcset=\"https:\/\/gobernacionaltaverapaz.gob.gt\/wp-content\/uploads\/2021\/10\/002.jpg 900w, https:\/\/gobernacionaltaverapaz.gob.gt\/wp-content\/uploads\/2021\/10\/002-300x200.jpg 300w, https:\/\/gobernacionaltaverapaz.gob.gt\/wp-content\/uploads\/2021\/10\/002-768x512.jpg 768w\" sizes=\"(max-width: 900px) 100vw, 900px\" \/><\/p>\n","protected":false},"excerpt":{"rendered":"<p>El d\u00eda de ayer delegados de la Comisi\u00f3n Nacional de Energ\u00eda El\u00e9ctrica CNEE Guatemala, sostuvieron reuni\u00f3n de trabajo con el se\u00f1or Gobernador Departamental, Romel Manuel V\u00e9liz Castro, con el fin de darle seguimiento al caso de cobro de energ\u00eda el\u00e9ctrica a vecinos afectados por ETA e IOTA en la aldea Campur del Municipio de San [&hellip;]<\/p>\n","protected":false},"author":1,"featured_media":11700,"comment_status":"closed","ping_status":"open","sticky":false,"template":"","format":"standard","meta":[],"categories":[201],"tags":[178],"_links":{"self":[{"href":"https:\/\/gobernacionaltaverapaz.gob.gt\/index.php?rest_route=\/wp\/v2\/posts\/11699"}],"collection":[{"href":"https:\/\/gobernacionaltaverapaz.gob.gt\/index.php?rest_route=\/wp\/v2\/posts"}],"about":[{"href":"https:\/\/gobernacionaltaverapaz.gob.gt\/index.php?rest_route=\/wp\/v2\/types\/post"}],"author":[{"embeddable":true,"href":"https:\/\/gobernacionaltaverapaz.gob.gt\/index.php?rest_route=\/wp\/v2\/users\/1"}],"replies":[{"embeddable":true,"href":"https:\/\/gobernacionaltaverapaz.gob.gt\/index.php?rest_route=%2Fwp%2Fv2%2Fcomments&post=11699"}],"version-history":[{"count":2,"href":"https:\/\/gobernacionaltaverapaz.gob.gt\/index.php?rest_route=\/wp\/v2\/posts\/11699\/revisions"}],"predecessor-version":[{"id":11704,"href":"https:\/\/gobernacionaltaverapaz.gob.gt\/index.php?rest_route=\/wp\/v2\/posts\/11699\/revisions\/11704"}],"wp:featuredmedia":[{"embeddable":true,"href":"https:\/\/gobernacionaltaverapaz.gob.gt\/index.php?rest_route=\/wp\/v2\/media\/11700"}],"wp:attachment":[{"href":"https:\/\/gobernacionaltaverapaz.gob.gt\/index.php?rest_route=%2Fwp%2Fv2%2Fmedia&parent=11699"}],"wp:term":[{"taxonomy":"category","embeddable":true,"href":"https:\/\/gobernacionaltaverapaz.gob.gt\/index.php?rest_route=%2Fwp%2Fv2%2Fcategories&post=11699"},{"taxonomy":"post_tag","embeddable":true,"href":"https:\/\/gobernacionaltaverapaz.gob.gt\/index.php?rest_route=%2Fwp%2Fv2%2Ftags&post=11699"}],"curies":[{"name":"wp","href":"https:\/\/api.w.org\/{rel}","templated":true}]}}