{"id":11705,"date":"2021-09-24T12:04:50","date_gmt":"2021-09-24T18:04:50","guid":{"rendered":"https:\/\/gobernacionaltaverapaz.gob.gt\/?p=11705"},"modified":"2021-10-01T12:53:38","modified_gmt":"2021-10-01T18:53:38","slug":"clausura-de-curso-de-cocina-bsica","status":"publish","type":"post","link":"https:\/\/gobernacionaltaverapaz.gob.gt\/?p=11705","title":{"rendered":"Clausura de Curso de Cocina B\u00e1sica"},"content":{"rendered":"<p style=\"text-align: justify;\">En Panz\u00f3s, Alta Verapaz, se realiz\u00f3 la clausura del CURSO DE COCINA B\u00c1SICA, FUSION CULINARIA que se llev\u00f3 a cabo en la Aldea Telem\u00e1n, con la participaci\u00f3n de 16 mujeres provenientes del Caser\u00edo Xucup.<\/p>\n<p style=\"text-align: justify;\">En la actividad participo el se\u00f1or Ernesto Ram\u00edrez Caal, Alcalde Municipal de Panz\u00f3s acompa\u00f1ado de se\u00f1or Gobernador, Romel Manuel Veliz Castro, la actividad fue coordinada a trav\u00e9s de la Oficina municipal de la Mujer de Panz\u00f3s DMM, auspiciado por <a href=\"https:\/\/www.facebook.com\/swisscontactworldwide\/?__cft__%5b0%5d=AZWHUOOdNkR4dIPKl-yjZ7n8Nanc8gmrdAEQWNL2uOfIwo3DjTQB0vwwShHqmrlQsXAQukFUFiYd4pNV2l5ZUoZYw6JaXL1x_fDgACo1phET9W4ARNo1fb5_J_SmfzKU4K_P2b0Iryv8bb7N7MwzUt8J&amp;__tn__=kK-R\" target=\"_blank\" rel=\"noopener\">Swisscontact<\/a>.<\/p>\n<p style=\"text-align: justify;\">El m\u00f3dulo de capacitaci\u00f3n tuvo una duraci\u00f3n de 40 horas, a cada una de las participantes se les hizo entrega del respectivo diploma avalado por el <a href=\"https:\/\/www.facebook.com\/intecapoficial\/?__cft__%5b0%5d=AZWHUOOdNkR4dIPKl-yjZ7n8Nanc8gmrdAEQWNL2uOfIwo3DjTQB0vwwShHqmrlQsXAQukFUFiYd4pNV2l5ZUoZYw6JaXL1x_fDgACo1phET9W4ARNo1fb5_J_SmfzKU4K_P2b0Iryv8bb7N7MwzUt8J&amp;__tn__=kK-R\" target=\"_blank\" rel=\"noopener\">Intecap<\/a>.<\/p>\n<p style=\"text-align: justify;\">El objetivo principal de estos cursos es que se siga trabajando y ampliando conocimientos, descubriendo capacidades para el empoderamiento econ\u00f3mico en la mujer panz\u00f3ce\u00f1a.<\/p>\n<p><a href=\"https:\/\/www.facebook.com\/hashtag\/accionesquetransforman?__eep__=6&amp;__cft__%5b0%5d=AZWHUOOdNkR4dIPKl-yjZ7n8Nanc8gmrdAEQWNL2uOfIwo3DjTQB0vwwShHqmrlQsXAQukFUFiYd4pNV2l5ZUoZYw6JaXL1x_fDgACo1phET9W4ARNo1fb5_J_SmfzKU4K_P2b0Iryv8bb7N7MwzUt8J&amp;__tn__=*NK-R\" target=\"_blank\" rel=\"noopener\">#AccionesQueTransforman<br \/>\n<\/a><a href=\"https:\/\/www.facebook.com\/hashtag\/unidostransformamosguatemala?__eep__=6&amp;__cft__%5b0%5d=AZWHUOOdNkR4dIPKl-yjZ7n8Nanc8gmrdAEQWNL2uOfIwo3DjTQB0vwwShHqmrlQsXAQukFUFiYd4pNV2l5ZUoZYw6JaXL1x_fDgACo1phET9W4ARNo1fb5_J_SmfzKU4K_P2b0Iryv8bb7N7MwzUt8J&amp;__tn__=*NK-R\" target=\"_blank\" rel=\"noopener\">#UnidosTransformamosGuatemala<br \/>\n<\/a><a href=\"https:\/\/www.facebook.com\/hashtag\/juntossaldremosadelante?__eep__=6&amp;__cft__%5b0%5d=AZWHUOOdNkR4dIPKl-yjZ7n8Nanc8gmrdAEQWNL2uOfIwo3DjTQB0vwwShHqmrlQsXAQukFUFiYd4pNV2l5ZUoZYw6JaXL1x_fDgACo1phET9W4ARNo1fb5_J_SmfzKU4K_P2b0Iryv8bb7N7MwzUt8J&amp;__tn__=*NK-R\" target=\"_blank\" rel=\"noopener\">#JuntosSaldremosAdelante<br \/>\n<\/a><a href=\"https:\/\/www.facebook.com\/hashtag\/altaverapazsigueavanzando?__eep__=6&amp;__cft__%5b0%5d=AZWHUOOdNkR4dIPKl-yjZ7n8Nanc8gmrdAEQWNL2uOfIwo3DjTQB0vwwShHqmrlQsXAQukFUFiYd4pNV2l5ZUoZYw6JaXL1x_fDgACo1phET9W4ARNo1fb5_J_SmfzKU4K_P2b0Iryv8bb7N7MwzUt8J&amp;__tn__=*NK-R\" target=\"_blank\" rel=\"noopener\">#altaverapazsigueavanzando<\/a><\/p>\n<div><\/div>\n<p>&nbsp;<\/p>\n","protected":false},"excerpt":{"rendered":"<p>En Panz\u00f3s, Alta Verapaz, se realiz\u00f3 la clausura del CURSO DE COCINA B\u00c1SICA, FUSION CULINARIA que se llev\u00f3 a cabo en la Aldea Telem\u00e1n, con la participaci\u00f3n de 16 mujeres provenientes del Caser\u00edo Xucup. En la actividad participo el se\u00f1or Ernesto Ram\u00edrez Caal, Alcalde Municipal de Panz\u00f3s acompa\u00f1ado de se\u00f1or Gobernador, Romel Manuel Veliz Castro, [&hellip;]<\/p>\n","protected":false},"author":1,"featured_media":11708,"comment_status":"closed","ping_status":"open","sticky":false,"template":"","format":"gallery","meta":[],"categories":[7],"tags":[178],"_links":{"self":[{"href":"https:\/\/gobernacionaltaverapaz.gob.gt\/index.php?rest_route=\/wp\/v2\/posts\/11705"}],"collection":[{"href":"https:\/\/gobernacionaltaverapaz.gob.gt\/index.php?rest_route=\/wp\/v2\/posts"}],"about":[{"href":"https:\/\/gobernacionaltaverapaz.gob.gt\/index.php?rest_route=\/wp\/v2\/types\/post"}],"author":[{"embeddable":true,"href":"https:\/\/gobernacionaltaverapaz.gob.gt\/index.php?rest_route=\/wp\/v2\/users\/1"}],"replies":[{"embeddable":true,"href":"https:\/\/gobernacionaltaverapaz.gob.gt\/index.php?rest_route=%2Fwp%2Fv2%2Fcomments&post=11705"}],"version-history":[{"count":4,"href":"https:\/\/gobernacionaltaverapaz.gob.gt\/index.php?rest_route=\/wp\/v2\/posts\/11705\/revisions"}],"predecessor-version":[{"id":11715,"href":"https:\/\/gobernacionaltaverapaz.gob.gt\/index.php?rest_route=\/wp\/v2\/posts\/11705\/revisions\/11715"}],"wp:featuredmedia":[{"embeddable":true,"href":"https:\/\/gobernacionaltaverapaz.gob.gt\/index.php?rest_route=\/wp\/v2\/media\/11708"}],"wp:attachment":[{"href":"https:\/\/gobernacionaltaverapaz.gob.gt\/index.php?rest_route=%2Fwp%2Fv2%2Fmedia&parent=11705"}],"wp:term":[{"taxonomy":"category","embeddable":true,"href":"https:\/\/gobernacionaltaverapaz.gob.gt\/index.php?rest_route=%2Fwp%2Fv2%2Fcategories&post=11705"},{"taxonomy":"post_tag","embeddable":true,"href":"https:\/\/gobernacionaltaverapaz.gob.gt\/index.php?rest_route=%2Fwp%2Fv2%2Ftags&post=11705"}],"curies":[{"name":"wp","href":"https:\/\/api.w.org\/{rel}","templated":true}]}}