{"id":11716,"date":"2021-09-25T18:20:17","date_gmt":"2021-09-26T00:20:17","guid":{"rendered":"https:\/\/gobernacionaltaverapaz.gob.gt\/?p=11716"},"modified":"2021-10-01T14:59:45","modified_gmt":"2021-10-01T20:59:45","slug":"inauguracin-construccin-centro-comunitario-de-salud-casero-santa-maria-panzos-alta-verapaz","status":"publish","type":"post","link":"https:\/\/gobernacionaltaverapaz.gob.gt\/?p=11716","title":{"rendered":"Inauguraci\u00f3n Construcci\u00f3n Centro Comunitario de Salud Caser\u00edo Santa Maria, Panzos Alta Verapaz"},"content":{"rendered":"<p style=\"text-align: justify;\">Panz\u00f3s, Alta Verapaz, el se\u00f1or gobernador departamental, Romel Manuel Veliz Castro, en su calidad de presidente de los Consejos Departamentales de Desarrollo Urbano y Rural, junto al se\u00f1or Alcalde Municipal de Panz\u00f3s, Ernesto Ram\u00edrez Caal, miembros del Concejo Municipal, Representantes de Salud P\u00fablica, COCODES de la Regi\u00f3n y vecinos, dieron por inaugurado el Proyecto denominado CONSTRUCCION CENTRO COMUNITARIO DE SALUD CASER\u00cdO SANTA MARIA, PANZOS ALTA VERAPAZ.<\/p>\n<p style=\"text-align: justify;\">Anteriormente los habitantes del Caser\u00edo Santa Mar\u00eda, recib\u00edan atenci\u00f3n medica en una vivienda en ambientes muy reducidos y en malas condiciones, techo de l\u00e1mina, paredes de tan\u00f1il y piso de tierra, en la \u00e9poca de invierno atravesaban serias dificultades para la atenci\u00f3n de la poblaci\u00f3n.<\/p>\n<p style=\"text-align: justify;\">El se\u00f1or presidente <a href=\"https:\/\/www.facebook.com\/AlejandroGiammattei\/?__cft__%5b0%5d=AZXZ-OVsXhUEMnlIIPpWjCEfKNPoyiKzZyX_0f9QjPqRhrOBbtJKcq4mXoceCuLgq-ntypblr3XtKKiU5TcfKC8dWcOSFP6HRoqWKuTmTZqrQThMwiS0culVYJH8c7cwKMkZ4Qxa23bJrmkXzp3Bt4dH&amp;__tn__=kK-R\" target=\"_blank\" rel=\"noopener\">Alejandro Giammattei<\/a> en su gira de trabajo que realizo en esta zona del Polochic, se comprometi\u00f3 con los habitantes de darle seguimiento a las obras de arrastre y que estas fueran canceladas y ejecutadas en su totalidad, hoy ya es una realidad, los habitantes de estos sectores cuenta con un nuevo centro de convergencia, atendiendo a m\u00e1s de cuatrocientas familias, de seis comunidades circunvecinas.<\/p>\n<p style=\"text-align: justify;\">La construcci\u00f3n del centro comunitario de salud cuenta con equipamiento y est\u00e1 dise\u00f1ada con sala de espera, consultorio, sal\u00f3n de reuniones, ba\u00f1os, agua potable Bodega de Medicina y fosa s\u00e9ptica.<\/p>\n<p><a href=\"https:\/\/www.facebook.com\/hashtag\/accionesquetransforman?__eep__=6&amp;__cft__%5b0%5d=AZXZ-OVsXhUEMnlIIPpWjCEfKNPoyiKzZyX_0f9QjPqRhrOBbtJKcq4mXoceCuLgq-ntypblr3XtKKiU5TcfKC8dWcOSFP6HRoqWKuTmTZqrQThMwiS0culVYJH8c7cwKMkZ4Qxa23bJrmkXzp3Bt4dH&amp;__tn__=*NK-R\" target=\"_blank\" rel=\"noopener\">#AccionesQueTransforman<br \/>\n<\/a><a href=\"https:\/\/www.facebook.com\/hashtag\/unidostransformamosguatemala?__eep__=6&amp;__cft__%5b0%5d=AZXZ-OVsXhUEMnlIIPpWjCEfKNPoyiKzZyX_0f9QjPqRhrOBbtJKcq4mXoceCuLgq-ntypblr3XtKKiU5TcfKC8dWcOSFP6HRoqWKuTmTZqrQThMwiS0culVYJH8c7cwKMkZ4Qxa23bJrmkXzp3Bt4dH&amp;__tn__=*NK-R\" target=\"_blank\" rel=\"noopener\">#UnidosTransformamosGuatemala<br \/>\n<\/a><a href=\"https:\/\/www.facebook.com\/hashtag\/juntossaldremosadelante?__eep__=6&amp;__cft__%5b0%5d=AZXZ-OVsXhUEMnlIIPpWjCEfKNPoyiKzZyX_0f9QjPqRhrOBbtJKcq4mXoceCuLgq-ntypblr3XtKKiU5TcfKC8dWcOSFP6HRoqWKuTmTZqrQThMwiS0culVYJH8c7cwKMkZ4Qxa23bJrmkXzp3Bt4dH&amp;__tn__=*NK-R\" target=\"_blank\" rel=\"noopener\">#JuntosSaldremosAdelante<br \/>\n<\/a><a href=\"https:\/\/www.facebook.com\/hashtag\/altaverapazsigueavanzando?__eep__=6&amp;__cft__%5b0%5d=AZXZ-OVsXhUEMnlIIPpWjCEfKNPoyiKzZyX_0f9QjPqRhrOBbtJKcq4mXoceCuLgq-ntypblr3XtKKiU5TcfKC8dWcOSFP6HRoqWKuTmTZqrQThMwiS0culVYJH8c7cwKMkZ4Qxa23bJrmkXzp3Bt4dH&amp;__tn__=*NK-R\" target=\"_blank\" rel=\"noopener\">#altaverapazsigueavanzando<\/a><\/p>\n<div><\/div>\n","protected":false},"excerpt":{"rendered":"<p>Panz\u00f3s, Alta Verapaz, el se\u00f1or gobernador departamental, Romel Manuel Veliz Castro, en su calidad de presidente de los Consejos Departamentales de Desarrollo Urbano y Rural, junto al se\u00f1or Alcalde Municipal de Panz\u00f3s, Ernesto Ram\u00edrez Caal, miembros del Concejo Municipal, Representantes de Salud P\u00fablica, COCODES de la Regi\u00f3n y vecinos, dieron por inaugurado el Proyecto denominado [&hellip;]<\/p>\n","protected":false},"author":1,"featured_media":11722,"comment_status":"closed","ping_status":"open","sticky":false,"template":"","format":"gallery","meta":[],"categories":[5],"tags":[178],"_links":{"self":[{"href":"https:\/\/gobernacionaltaverapaz.gob.gt\/index.php?rest_route=\/wp\/v2\/posts\/11716"}],"collection":[{"href":"https:\/\/gobernacionaltaverapaz.gob.gt\/index.php?rest_route=\/wp\/v2\/posts"}],"about":[{"href":"https:\/\/gobernacionaltaverapaz.gob.gt\/index.php?rest_route=\/wp\/v2\/types\/post"}],"author":[{"embeddable":true,"href":"https:\/\/gobernacionaltaverapaz.gob.gt\/index.php?rest_route=\/wp\/v2\/users\/1"}],"replies":[{"embeddable":true,"href":"https:\/\/gobernacionaltaverapaz.gob.gt\/index.php?rest_route=%2Fwp%2Fv2%2Fcomments&post=11716"}],"version-history":[{"count":3,"href":"https:\/\/gobernacionaltaverapaz.gob.gt\/index.php?rest_route=\/wp\/v2\/posts\/11716\/revisions"}],"predecessor-version":[{"id":11730,"href":"https:\/\/gobernacionaltaverapaz.gob.gt\/index.php?rest_route=\/wp\/v2\/posts\/11716\/revisions\/11730"}],"wp:featuredmedia":[{"embeddable":true,"href":"https:\/\/gobernacionaltaverapaz.gob.gt\/index.php?rest_route=\/wp\/v2\/media\/11722"}],"wp:attachment":[{"href":"https:\/\/gobernacionaltaverapaz.gob.gt\/index.php?rest_route=%2Fwp%2Fv2%2Fmedia&parent=11716"}],"wp:term":[{"taxonomy":"category","embeddable":true,"href":"https:\/\/gobernacionaltaverapaz.gob.gt\/index.php?rest_route=%2Fwp%2Fv2%2Fcategories&post=11716"},{"taxonomy":"post_tag","embeddable":true,"href":"https:\/\/gobernacionaltaverapaz.gob.gt\/index.php?rest_route=%2Fwp%2Fv2%2Ftags&post=11716"}],"curies":[{"name":"wp","href":"https:\/\/api.w.org\/{rel}","templated":true}]}}