{"id":11731,"date":"2021-09-29T20:04:36","date_gmt":"2021-09-30T02:04:36","guid":{"rendered":"https:\/\/gobernacionaltaverapaz.gob.gt\/?p=11731"},"modified":"2021-10-01T15:22:04","modified_gmt":"2021-10-01T21:22:04","slug":"reunin-ordinaria-de-coredur-regin-norte","status":"publish","type":"post","link":"https:\/\/gobernacionaltaverapaz.gob.gt\/?p=11731","title":{"rendered":"Reuni\u00f3n Ordinaria de COREDUR, Regi\u00f3n Norte"},"content":{"rendered":"<p style=\"text-align: justify;\">Se realiz\u00f3 reuni\u00f3n Ordinaria de Consejo Regional de Desarrollo Urbano y Rural -COREDUR_ regi\u00f3n Norte, en el municipio de San Jer\u00f3nimo, donde se trataron los siguientes temas: Juramentaci\u00f3n de representantes electos de los Pueblos Q&#8217;eqchi&#8217;, Achi&#8217; y K&#8217;aqchikel, Informe f\u00edsico y financiero de los CODEDE de Alta y Baja Verapaz del ejercicio fiscal 2021, Socializaci\u00f3n del Punto Resolutivo No. 8, III Informe de Revisi\u00f3n Nacional Voluntario y presentaci\u00f3n de Informe de situaci\u00f3n de Acreditaciones de integrantes del COREDUR.<\/p>\n<p><a href=\"https:\/\/www.facebook.com\/secretariaejecutiva.scep\/?__cft__%5b0%5d=AZXbARlp8N1RSmz4llXXj7QvUMSdU6f59McVKxUaGZvLKhtWjv77-MFOnK9q2loyMe5ExUuQ_usCX8TGnFVRjBxKkaoOaBZj0MHclYdKXG1p8eyPz0L4TISsol8Zdpe7i0AKTa6GSqgkjbu2Z9jLD4NK&amp;__tn__=kK-R\" target=\"_blank\" rel=\"noopener\">Secretar\u00eda Ejecutiva SCEP<br \/>\n<\/a><a href=\"https:\/\/www.facebook.com\/hashtag\/accionesquetransforman?__eep__=6&amp;__cft__%5b0%5d=AZXbARlp8N1RSmz4llXXj7QvUMSdU6f59McVKxUaGZvLKhtWjv77-MFOnK9q2loyMe5ExUuQ_usCX8TGnFVRjBxKkaoOaBZj0MHclYdKXG1p8eyPz0L4TISsol8Zdpe7i0AKTa6GSqgkjbu2Z9jLD4NK&amp;__tn__=*NK-R\" target=\"_blank\" rel=\"noopener\">#AccionesQueTransforman<br \/>\n<\/a><a href=\"https:\/\/www.facebook.com\/hashtag\/unidostransformamosguatemala?__eep__=6&amp;__cft__%5b0%5d=AZXbARlp8N1RSmz4llXXj7QvUMSdU6f59McVKxUaGZvLKhtWjv77-MFOnK9q2loyMe5ExUuQ_usCX8TGnFVRjBxKkaoOaBZj0MHclYdKXG1p8eyPz0L4TISsol8Zdpe7i0AKTa6GSqgkjbu2Z9jLD4NK&amp;__tn__=*NK-R\" target=\"_blank\" rel=\"noopener\">#UnidosTransformamosGuatemala<br \/>\n<\/a><a href=\"https:\/\/www.facebook.com\/hashtag\/altaverapazsigueavanzando?__eep__=6&amp;__cft__%5b0%5d=AZXbARlp8N1RSmz4llXXj7QvUMSdU6f59McVKxUaGZvLKhtWjv77-MFOnK9q2loyMe5ExUuQ_usCX8TGnFVRjBxKkaoOaBZj0MHclYdKXG1p8eyPz0L4TISsol8Zdpe7i0AKTa6GSqgkjbu2Z9jLD4NK&amp;__tn__=*NK-R\" target=\"_blank\" rel=\"noopener\">#altaverapazsigueavanzando<br \/>\n<\/a><a href=\"https:\/\/www.facebook.com\/hashtag\/scepesdesarrollo?__eep__=6&amp;__cft__%5b0%5d=AZXbARlp8N1RSmz4llXXj7QvUMSdU6f59McVKxUaGZvLKhtWjv77-MFOnK9q2loyMe5ExUuQ_usCX8TGnFVRjBxKkaoOaBZj0MHclYdKXG1p8eyPz0L4TISsol8Zdpe7i0AKTa6GSqgkjbu2Z9jLD4NK&amp;__tn__=*NK-R\" target=\"_blank\" rel=\"noopener\">#SCEPesDesarrollo<\/a><\/p>\n<div><\/div>\n","protected":false},"excerpt":{"rendered":"<p>Se realiz\u00f3 reuni\u00f3n Ordinaria de Consejo Regional de Desarrollo Urbano y Rural -COREDUR_ regi\u00f3n Norte, en el municipio de San Jer\u00f3nimo, donde se trataron los siguientes temas: Juramentaci\u00f3n de representantes electos de los Pueblos Q&#8217;eqchi&#8217;, Achi&#8217; y K&#8217;aqchikel, Informe f\u00edsico y financiero de los CODEDE de Alta y Baja Verapaz del ejercicio fiscal 2021, Socializaci\u00f3n [&hellip;]<\/p>\n","protected":false},"author":1,"featured_media":11733,"comment_status":"closed","ping_status":"open","sticky":false,"template":"","format":"gallery","meta":[],"categories":[194],"tags":[178],"_links":{"self":[{"href":"https:\/\/gobernacionaltaverapaz.gob.gt\/index.php?rest_route=\/wp\/v2\/posts\/11731"}],"collection":[{"href":"https:\/\/gobernacionaltaverapaz.gob.gt\/index.php?rest_route=\/wp\/v2\/posts"}],"about":[{"href":"https:\/\/gobernacionaltaverapaz.gob.gt\/index.php?rest_route=\/wp\/v2\/types\/post"}],"author":[{"embeddable":true,"href":"https:\/\/gobernacionaltaverapaz.gob.gt\/index.php?rest_route=\/wp\/v2\/users\/1"}],"replies":[{"embeddable":true,"href":"https:\/\/gobernacionaltaverapaz.gob.gt\/index.php?rest_route=%2Fwp%2Fv2%2Fcomments&post=11731"}],"version-history":[{"count":2,"href":"https:\/\/gobernacionaltaverapaz.gob.gt\/index.php?rest_route=\/wp\/v2\/posts\/11731\/revisions"}],"predecessor-version":[{"id":11738,"href":"https:\/\/gobernacionaltaverapaz.gob.gt\/index.php?rest_route=\/wp\/v2\/posts\/11731\/revisions\/11738"}],"wp:featuredmedia":[{"embeddable":true,"href":"https:\/\/gobernacionaltaverapaz.gob.gt\/index.php?rest_route=\/wp\/v2\/media\/11733"}],"wp:attachment":[{"href":"https:\/\/gobernacionaltaverapaz.gob.gt\/index.php?rest_route=%2Fwp%2Fv2%2Fmedia&parent=11731"}],"wp:term":[{"taxonomy":"category","embeddable":true,"href":"https:\/\/gobernacionaltaverapaz.gob.gt\/index.php?rest_route=%2Fwp%2Fv2%2Fcategories&post=11731"},{"taxonomy":"post_tag","embeddable":true,"href":"https:\/\/gobernacionaltaverapaz.gob.gt\/index.php?rest_route=%2Fwp%2Fv2%2Ftags&post=11731"}],"curies":[{"name":"wp","href":"https:\/\/api.w.org\/{rel}","templated":true}]}}