{"id":11740,"date":"2021-09-30T18:12:12","date_gmt":"2021-10-01T00:12:12","guid":{"rendered":"https:\/\/gobernacionaltaverapaz.gob.gt\/?p=11740"},"modified":"2021-10-01T15:49:46","modified_gmt":"2021-10-01T21:49:46","slug":"inauguracin-ampliacin-escuela-primaria-aldea-qeqxibal-san-juan-chamelco-alta-verapaz","status":"publish","type":"post","link":"https:\/\/gobernacionaltaverapaz.gob.gt\/?p=11740","title":{"rendered":"Inauguraci\u00f3n Ampliaci\u00f3n escuela primaria Aldea Qeqxibal, San Juan Chamelco, Alta Verapaz"},"content":{"rendered":"<p style=\"text-align: justify;\">San Juan Chamelco, Alta Verapaz, el se\u00f1or gobernador departamental, Romel Manuel Veliz Castro, en su calidad de presidente de los Consejos Departamentales de Desarrollo Urbano y Rural, junto al se\u00f1or Alcalde Municipal de San Juan Chamelco, Ervin Orlando Tut Quim, miembros del Concejo Municipal, COCODES de la Regi\u00f3n, maestros, alumnos y vecinos, dieron por inaugurado el Proyecto denominado AMPLIACION ESCUELA PRIMARIA ALDEA QEQXIBAL, SAN JUAN CHAMELCO, ALTA VERAPAZ.<\/p>\n<p style=\"text-align: justify;\">El proyecto consiste en la construcci\u00f3n de un m\u00f3dulo educativo de dos niveles, consistente en 8 aulas con equipamiento, adem\u00e1s de un m\u00f3dulo de ba\u00f1os.<\/p>\n<p style=\"text-align: justify;\">El <a href=\"https:\/\/www.facebook.com\/guatemalagob\/?__cft__%5b0%5d=AZXpl3bhmkOKIQ8AnP_FtgoqgI-iOX9J1v8BLZnKV7gK6RKnP9xINATWGUAXGM74rQLWzGIcTMuy6upCYF4PzFcCR-7n7-sT6AzymC9Ho5cXP4SBeVuOQRky3dciGqKTu3BbBU_jyKWA0tPFZyfuqVuV&amp;__tn__=kK-R\" target=\"_blank\" rel=\"noopener\">Gobierno de Guatemala<\/a> y en cumpliendo con los planes trabajo del Se\u00f1or Presidente <a href=\"https:\/\/www.facebook.com\/AlejandroGiammattei\/?__cft__%5b0%5d=AZXpl3bhmkOKIQ8AnP_FtgoqgI-iOX9J1v8BLZnKV7gK6RKnP9xINATWGUAXGM74rQLWzGIcTMuy6upCYF4PzFcCR-7n7-sT6AzymC9Ho5cXP4SBeVuOQRky3dciGqKTu3BbBU_jyKWA0tPFZyfuqVuV&amp;__tn__=kK-R\" target=\"_blank\" rel=\"noopener\">Alejandro Giammattei<\/a> a trav\u00e9s del Consejo Departamental de Desarrollo con aporte de IVA-PAZ, desembolso para este proyecto la cantidad de 3,018.410.00 y la Municipalidad de San Juan Chamelco a trav\u00e9s de la buena gesti\u00f3n del se\u00f1or Alcalde dio un aporte de 50,470.00.<\/p>\n<p><a href=\"https:\/\/www.facebook.com\/hashtag\/accionesquetransforman?__eep__=6&amp;__cft__%5b0%5d=AZXpl3bhmkOKIQ8AnP_FtgoqgI-iOX9J1v8BLZnKV7gK6RKnP9xINATWGUAXGM74rQLWzGIcTMuy6upCYF4PzFcCR-7n7-sT6AzymC9Ho5cXP4SBeVuOQRky3dciGqKTu3BbBU_jyKWA0tPFZyfuqVuV&amp;__tn__=*NK-R\" target=\"_blank\" rel=\"noopener\">#AccionesQueTransforman<br \/>\n<\/a><a href=\"https:\/\/www.facebook.com\/hashtag\/unidostransformamosguatemala?__eep__=6&amp;__cft__%5b0%5d=AZXpl3bhmkOKIQ8AnP_FtgoqgI-iOX9J1v8BLZnKV7gK6RKnP9xINATWGUAXGM74rQLWzGIcTMuy6upCYF4PzFcCR-7n7-sT6AzymC9Ho5cXP4SBeVuOQRky3dciGqKTu3BbBU_jyKWA0tPFZyfuqVuV&amp;__tn__=*NK-R\" target=\"_blank\" rel=\"noopener\">#UnidosTransformamosGuatemala<br \/>\n<\/a><a href=\"https:\/\/www.facebook.com\/hashtag\/juntossaldremosadelante?__eep__=6&amp;__cft__%5b0%5d=AZXpl3bhmkOKIQ8AnP_FtgoqgI-iOX9J1v8BLZnKV7gK6RKnP9xINATWGUAXGM74rQLWzGIcTMuy6upCYF4PzFcCR-7n7-sT6AzymC9Ho5cXP4SBeVuOQRky3dciGqKTu3BbBU_jyKWA0tPFZyfuqVuV&amp;__tn__=*NK-R\" target=\"_blank\" rel=\"noopener\">#JuntosSaldremosAdelante<br \/>\n<\/a><a href=\"https:\/\/www.facebook.com\/hashtag\/altaverapazsigueavanzando?__eep__=6&amp;__cft__%5b0%5d=AZXpl3bhmkOKIQ8AnP_FtgoqgI-iOX9J1v8BLZnKV7gK6RKnP9xINATWGUAXGM74rQLWzGIcTMuy6upCYF4PzFcCR-7n7-sT6AzymC9Ho5cXP4SBeVuOQRky3dciGqKTu3BbBU_jyKWA0tPFZyfuqVuV&amp;__tn__=*NK-R\" target=\"_blank\" rel=\"noopener\">#altaverapazsigueavanzando<\/a><\/p>\n","protected":false},"excerpt":{"rendered":"<p>San Juan Chamelco, Alta Verapaz, el se\u00f1or gobernador departamental, Romel Manuel Veliz Castro, en su calidad de presidente de los Consejos Departamentales de Desarrollo Urbano y Rural, junto al se\u00f1or Alcalde Municipal de San Juan Chamelco, Ervin Orlando Tut Quim, miembros del Concejo Municipal, COCODES de la Regi\u00f3n, maestros, alumnos y vecinos, dieron por inaugurado [&hellip;]<\/p>\n","protected":false},"author":1,"featured_media":11745,"comment_status":"closed","ping_status":"open","sticky":false,"template":"","format":"gallery","meta":[],"categories":[2],"tags":[178],"_links":{"self":[{"href":"https:\/\/gobernacionaltaverapaz.gob.gt\/index.php?rest_route=\/wp\/v2\/posts\/11740"}],"collection":[{"href":"https:\/\/gobernacionaltaverapaz.gob.gt\/index.php?rest_route=\/wp\/v2\/posts"}],"about":[{"href":"https:\/\/gobernacionaltaverapaz.gob.gt\/index.php?rest_route=\/wp\/v2\/types\/post"}],"author":[{"embeddable":true,"href":"https:\/\/gobernacionaltaverapaz.gob.gt\/index.php?rest_route=\/wp\/v2\/users\/1"}],"replies":[{"embeddable":true,"href":"https:\/\/gobernacionaltaverapaz.gob.gt\/index.php?rest_route=%2Fwp%2Fv2%2Fcomments&post=11740"}],"version-history":[{"count":1,"href":"https:\/\/gobernacionaltaverapaz.gob.gt\/index.php?rest_route=\/wp\/v2\/posts\/11740\/revisions"}],"predecessor-version":[{"id":11746,"href":"https:\/\/gobernacionaltaverapaz.gob.gt\/index.php?rest_route=\/wp\/v2\/posts\/11740\/revisions\/11746"}],"wp:featuredmedia":[{"embeddable":true,"href":"https:\/\/gobernacionaltaverapaz.gob.gt\/index.php?rest_route=\/wp\/v2\/media\/11745"}],"wp:attachment":[{"href":"https:\/\/gobernacionaltaverapaz.gob.gt\/index.php?rest_route=%2Fwp%2Fv2%2Fmedia&parent=11740"}],"wp:term":[{"taxonomy":"category","embeddable":true,"href":"https:\/\/gobernacionaltaverapaz.gob.gt\/index.php?rest_route=%2Fwp%2Fv2%2Fcategories&post=11740"},{"taxonomy":"post_tag","embeddable":true,"href":"https:\/\/gobernacionaltaverapaz.gob.gt\/index.php?rest_route=%2Fwp%2Fv2%2Ftags&post=11740"}],"curies":[{"name":"wp","href":"https:\/\/api.w.org\/{rel}","templated":true}]}}