{"id":11747,"date":"2021-10-04T18:33:30","date_gmt":"2021-10-05T00:33:30","guid":{"rendered":"https:\/\/gobernacionaltaverapaz.gob.gt\/?p=11747"},"modified":"2021-10-08T11:48:35","modified_gmt":"2021-10-08T17:48:35","slug":"supervisin-de-proyecto-de-mejoramiento-de-carretera-ruta-nacional-7w-tramo-san-cristbal-verapaz-alta-verapaz-rio-chixoy-chicamn-quich","status":"publish","type":"post","link":"https:\/\/gobernacionaltaverapaz.gob.gt\/?p=11747","title":{"rendered":"Supervisi\u00f3n de proyecto: Mejoramiento de carretera ruta nacional 7W tramo San Crist\u00f3bal Verapaz, Alta Verapaz y Rio Chixoy- Chicam\u00e1n, Quich\u00e9"},"content":{"rendered":"<p style=\"text-align: justify;\">Se continua con los trabajos de mejoramiento de carretera interdepartamental, el <a href=\"https:\/\/www.facebook.com\/guatemalagob\/?__cft__%5b0%5d=AZXBplFRCA2oFcXtqEAshBTDN-i6fmdaCWtMo9zXFlaBrGFCDChKAzlMBcg-LG9YDj2mkMQ9v2PgHwpVjXWLBipjPhuRdSHiDQkhX7F8uCoNW4Zwm5An9r9reklY9hjxRDDB61IaRTDuE_w3m5utS4mH&amp;__tn__=kK-R\" target=\"_blank\" rel=\"noopener\">Gobierno de Guatemala<\/a> a trav\u00e9s del <a href=\"https:\/\/www.facebook.com\/civguate\/?__cft__%5b0%5d=AZXBplFRCA2oFcXtqEAshBTDN-i6fmdaCWtMo9zXFlaBrGFCDChKAzlMBcg-LG9YDj2mkMQ9v2PgHwpVjXWLBipjPhuRdSHiDQkhX7F8uCoNW4Zwm5An9r9reklY9hjxRDDB61IaRTDuE_w3m5utS4mH&amp;__tn__=kK-R\" target=\"_blank\" rel=\"noopener\">CIV- Ministerio de Comunicaciones<\/a> agiliza los trabajos de los 45.71 kms de mejoramiento de carretera, actualmente se encuentra el personal y la maquinaria en la Aldea Santa Elena de San Crist\u00f3bal Verapaz, Alta Verapaz a 12 kms que conecta al Rio Chixoy de Chicam\u00e1n, Quiche.<\/p>\n<p><a href=\"https:\/\/www.facebook.com\/hashtag\/accionesquetransforman?__eep__=6&amp;__cft__%5b0%5d=AZXBplFRCA2oFcXtqEAshBTDN-i6fmdaCWtMo9zXFlaBrGFCDChKAzlMBcg-LG9YDj2mkMQ9v2PgHwpVjXWLBipjPhuRdSHiDQkhX7F8uCoNW4Zwm5An9r9reklY9hjxRDDB61IaRTDuE_w3m5utS4mH&amp;__tn__=*NK-R\" target=\"_blank\" rel=\"noopener\">#AccionesQueTransforman<br \/>\n<\/a><a href=\"https:\/\/www.facebook.com\/hashtag\/unidostransformamosguatemala?__eep__=6&amp;__cft__%5b0%5d=AZXBplFRCA2oFcXtqEAshBTDN-i6fmdaCWtMo9zXFlaBrGFCDChKAzlMBcg-LG9YDj2mkMQ9v2PgHwpVjXWLBipjPhuRdSHiDQkhX7F8uCoNW4Zwm5An9r9reklY9hjxRDDB61IaRTDuE_w3m5utS4mH&amp;__tn__=*NK-R\" target=\"_blank\" rel=\"noopener\">#UnidosTransformamosGuatemala<br \/>\n<\/a><a href=\"https:\/\/www.facebook.com\/hashtag\/juntossaldremosadelante?__eep__=6&amp;__cft__%5b0%5d=AZXBplFRCA2oFcXtqEAshBTDN-i6fmdaCWtMo9zXFlaBrGFCDChKAzlMBcg-LG9YDj2mkMQ9v2PgHwpVjXWLBipjPhuRdSHiDQkhX7F8uCoNW4Zwm5An9r9reklY9hjxRDDB61IaRTDuE_w3m5utS4mH&amp;__tn__=*NK-R\" target=\"_blank\" rel=\"noopener\">#JuntosSaldremosAdelante<br \/>\n<\/a><a href=\"https:\/\/www.facebook.com\/hashtag\/altaverapazsigueavanzando?__eep__=6&amp;__cft__%5b0%5d=AZXBplFRCA2oFcXtqEAshBTDN-i6fmdaCWtMo9zXFlaBrGFCDChKAzlMBcg-LG9YDj2mkMQ9v2PgHwpVjXWLBipjPhuRdSHiDQkhX7F8uCoNW4Zwm5An9r9reklY9hjxRDDB61IaRTDuE_w3m5utS4mH&amp;__tn__=*NK-R\" target=\"_blank\" rel=\"noopener\">#altaverapazsigueavanzando<\/a><\/p>\n<div><\/div>\n","protected":false},"excerpt":{"rendered":"<p>Se continua con los trabajos de mejoramiento de carretera interdepartamental, el Gobierno de Guatemala a trav\u00e9s del CIV- Ministerio de Comunicaciones agiliza los trabajos de los 45.71 kms de mejoramiento de carretera, actualmente se encuentra el personal y la maquinaria en la Aldea Santa Elena de San Crist\u00f3bal Verapaz, Alta Verapaz a 12 kms que [&hellip;]<\/p>\n","protected":false},"author":1,"featured_media":11748,"comment_status":"closed","ping_status":"open","sticky":false,"template":"","format":"gallery","meta":[],"categories":[4],"tags":[178],"_links":{"self":[{"href":"https:\/\/gobernacionaltaverapaz.gob.gt\/index.php?rest_route=\/wp\/v2\/posts\/11747"}],"collection":[{"href":"https:\/\/gobernacionaltaverapaz.gob.gt\/index.php?rest_route=\/wp\/v2\/posts"}],"about":[{"href":"https:\/\/gobernacionaltaverapaz.gob.gt\/index.php?rest_route=\/wp\/v2\/types\/post"}],"author":[{"embeddable":true,"href":"https:\/\/gobernacionaltaverapaz.gob.gt\/index.php?rest_route=\/wp\/v2\/users\/1"}],"replies":[{"embeddable":true,"href":"https:\/\/gobernacionaltaverapaz.gob.gt\/index.php?rest_route=%2Fwp%2Fv2%2Fcomments&post=11747"}],"version-history":[{"count":3,"href":"https:\/\/gobernacionaltaverapaz.gob.gt\/index.php?rest_route=\/wp\/v2\/posts\/11747\/revisions"}],"predecessor-version":[{"id":11755,"href":"https:\/\/gobernacionaltaverapaz.gob.gt\/index.php?rest_route=\/wp\/v2\/posts\/11747\/revisions\/11755"}],"wp:featuredmedia":[{"embeddable":true,"href":"https:\/\/gobernacionaltaverapaz.gob.gt\/index.php?rest_route=\/wp\/v2\/media\/11748"}],"wp:attachment":[{"href":"https:\/\/gobernacionaltaverapaz.gob.gt\/index.php?rest_route=%2Fwp%2Fv2%2Fmedia&parent=11747"}],"wp:term":[{"taxonomy":"category","embeddable":true,"href":"https:\/\/gobernacionaltaverapaz.gob.gt\/index.php?rest_route=%2Fwp%2Fv2%2Fcategories&post=11747"},{"taxonomy":"post_tag","embeddable":true,"href":"https:\/\/gobernacionaltaverapaz.gob.gt\/index.php?rest_route=%2Fwp%2Fv2%2Ftags&post=11747"}],"curies":[{"name":"wp","href":"https:\/\/api.w.org\/{rel}","templated":true}]}}