{"id":11756,"date":"2021-10-08T10:49:26","date_gmt":"2021-10-08T16:49:26","guid":{"rendered":"https:\/\/gobernacionaltaverapaz.gob.gt\/?p=11756"},"modified":"2021-10-08T12:03:39","modified_gmt":"2021-10-08T18:03:39","slug":"entrega-oficial-de-mejoramiento-escuela-primaria-aldea-purha-san-juan-chamelco-alta-verapaz","status":"publish","type":"post","link":"https:\/\/gobernacionaltaverapaz.gob.gt\/?p=11756","title":{"rendered":"Entrega oficial de Mejoramiento escuela primaria Aldea Purha, San Juan Chamelco, Alta Verapaz"},"content":{"rendered":"<p style=\"text-align: justify;\">San Juan Chamelco, Alta Verapaz, el se\u00f1or gobernador departamental, Romel Manuel Veliz Castro, en su calidad de presidente de los Consejos Departamentales de Desarrollo Urbano y Rural, junto al se\u00f1or Alcalde Municipal de San Juan Chamelco, Ervin Orlando Tut Quim, miembros del Concejo Municipal, COCODES de la Regi\u00f3n, maestros, alumnos y vecinos, dieron por inaugurado el Proyecto denominado Mejoramiento escuela primaria Aldea Purha, San Juan Chamelco, Alta Verapaz<\/p>\n<p style=\"text-align: justify;\">El proyecto consiste en la construcci\u00f3n de un m\u00f3dulo educativo de dos niveles, consistente en 8 aulas con equipamiento, adem\u00e1s de un m\u00f3dulo de ba\u00f1os.<\/p>\n<p style=\"text-align: justify;\">El <a href=\"https:\/\/www.facebook.com\/guatemalagob\/?__cft__%5b0%5d=AZV1-8zfb1i7H5Mh5kHyjaBzFbpSPf27E3owqzR3QsS4M-qe-XERcbUplgFaXQXvQifCgHOAelGUjqWyux2QEtY6Rpzflvq-UUNlvQOJ1xB5fnU5seD4qNd8-c7C6EktI0uW1a2Z-X2KXnxBCJePjCzT&amp;__tn__=kK-R\" target=\"_blank\" rel=\"noopener\">Gobierno de Guatemala<\/a> a trav\u00e9s del Consejo Departamental de Desarrollo <a href=\"https:\/\/www.facebook.com\/hashtag\/codede?__eep__=6&amp;__cft__%5b0%5d=AZV1-8zfb1i7H5Mh5kHyjaBzFbpSPf27E3owqzR3QsS4M-qe-XERcbUplgFaXQXvQifCgHOAelGUjqWyux2QEtY6Rpzflvq-UUNlvQOJ1xB5fnU5seD4qNd8-c7C6EktI0uW1a2Z-X2KXnxBCJePjCzT&amp;__tn__=*NK-R\" target=\"_blank\" rel=\"noopener\">#CODEDE<\/a> con aporte de IVA-PAZ, desembolso para este proyecto la cantidad de 3,018.410.00 y la Municipalidad de San Juan Chamelco a trav\u00e9s de la buena gesti\u00f3n del se\u00f1or Alcalde dio un aporte de 50,470.00.<\/p>\n<p><a href=\"https:\/\/www.facebook.com\/secretariaejecutiva.scep\/?__cft__%5b0%5d=AZV1-8zfb1i7H5Mh5kHyjaBzFbpSPf27E3owqzR3QsS4M-qe-XERcbUplgFaXQXvQifCgHOAelGUjqWyux2QEtY6Rpzflvq-UUNlvQOJ1xB5fnU5seD4qNd8-c7C6EktI0uW1a2Z-X2KXnxBCJePjCzT&amp;__tn__=kK-R\" target=\"_blank\" rel=\"noopener\">Secretar\u00eda Ejecutiva SCEP<br \/>\n<\/a><a href=\"https:\/\/www.facebook.com\/hashtag\/accionesquetransforman?__eep__=6&amp;__cft__%5b0%5d=AZV1-8zfb1i7H5Mh5kHyjaBzFbpSPf27E3owqzR3QsS4M-qe-XERcbUplgFaXQXvQifCgHOAelGUjqWyux2QEtY6Rpzflvq-UUNlvQOJ1xB5fnU5seD4qNd8-c7C6EktI0uW1a2Z-X2KXnxBCJePjCzT&amp;__tn__=*NK-R\" target=\"_blank\" rel=\"noopener\">#AccionesQueTransforman<br \/>\n<\/a><a href=\"https:\/\/www.facebook.com\/hashtag\/unidostransformamosguatemala?__eep__=6&amp;__cft__%5b0%5d=AZV1-8zfb1i7H5Mh5kHyjaBzFbpSPf27E3owqzR3QsS4M-qe-XERcbUplgFaXQXvQifCgHOAelGUjqWyux2QEtY6Rpzflvq-UUNlvQOJ1xB5fnU5seD4qNd8-c7C6EktI0uW1a2Z-X2KXnxBCJePjCzT&amp;__tn__=*NK-R\" target=\"_blank\" rel=\"noopener\">#UnidosTransformamosGuatemala<br \/>\n<\/a><a href=\"https:\/\/www.facebook.com\/hashtag\/juntossaldremosadelante?__eep__=6&amp;__cft__%5b0%5d=AZV1-8zfb1i7H5Mh5kHyjaBzFbpSPf27E3owqzR3QsS4M-qe-XERcbUplgFaXQXvQifCgHOAelGUjqWyux2QEtY6Rpzflvq-UUNlvQOJ1xB5fnU5seD4qNd8-c7C6EktI0uW1a2Z-X2KXnxBCJePjCzT&amp;__tn__=*NK-R\" target=\"_blank\" rel=\"noopener\">#JuntosSaldremosAdelante<br \/>\n<\/a><a href=\"https:\/\/www.facebook.com\/hashtag\/altaverapazsigueavanzando?__eep__=6&amp;__cft__%5b0%5d=AZV1-8zfb1i7H5Mh5kHyjaBzFbpSPf27E3owqzR3QsS4M-qe-XERcbUplgFaXQXvQifCgHOAelGUjqWyux2QEtY6Rpzflvq-UUNlvQOJ1xB5fnU5seD4qNd8-c7C6EktI0uW1a2Z-X2KXnxBCJePjCzT&amp;__tn__=*NK-R\" target=\"_blank\" rel=\"noopener\">#altaverapazsigueavanzando<\/a><\/p>\n<div><\/div>\n","protected":false},"excerpt":{"rendered":"<p>San Juan Chamelco, Alta Verapaz, el se\u00f1or gobernador departamental, Romel Manuel Veliz Castro, en su calidad de presidente de los Consejos Departamentales de Desarrollo Urbano y Rural, junto al se\u00f1or Alcalde Municipal de San Juan Chamelco, Ervin Orlando Tut Quim, miembros del Concejo Municipal, COCODES de la Regi\u00f3n, maestros, alumnos y vecinos, dieron por inaugurado [&hellip;]<\/p>\n","protected":false},"author":1,"featured_media":11762,"comment_status":"closed","ping_status":"open","sticky":false,"template":"","format":"gallery","meta":[],"categories":[2],"tags":[178],"_links":{"self":[{"href":"https:\/\/gobernacionaltaverapaz.gob.gt\/index.php?rest_route=\/wp\/v2\/posts\/11756"}],"collection":[{"href":"https:\/\/gobernacionaltaverapaz.gob.gt\/index.php?rest_route=\/wp\/v2\/posts"}],"about":[{"href":"https:\/\/gobernacionaltaverapaz.gob.gt\/index.php?rest_route=\/wp\/v2\/types\/post"}],"author":[{"embeddable":true,"href":"https:\/\/gobernacionaltaverapaz.gob.gt\/index.php?rest_route=\/wp\/v2\/users\/1"}],"replies":[{"embeddable":true,"href":"https:\/\/gobernacionaltaverapaz.gob.gt\/index.php?rest_route=%2Fwp%2Fv2%2Fcomments&post=11756"}],"version-history":[{"count":2,"href":"https:\/\/gobernacionaltaverapaz.gob.gt\/index.php?rest_route=\/wp\/v2\/posts\/11756\/revisions"}],"predecessor-version":[{"id":11768,"href":"https:\/\/gobernacionaltaverapaz.gob.gt\/index.php?rest_route=\/wp\/v2\/posts\/11756\/revisions\/11768"}],"wp:featuredmedia":[{"embeddable":true,"href":"https:\/\/gobernacionaltaverapaz.gob.gt\/index.php?rest_route=\/wp\/v2\/media\/11762"}],"wp:attachment":[{"href":"https:\/\/gobernacionaltaverapaz.gob.gt\/index.php?rest_route=%2Fwp%2Fv2%2Fmedia&parent=11756"}],"wp:term":[{"taxonomy":"category","embeddable":true,"href":"https:\/\/gobernacionaltaverapaz.gob.gt\/index.php?rest_route=%2Fwp%2Fv2%2Fcategories&post=11756"},{"taxonomy":"post_tag","embeddable":true,"href":"https:\/\/gobernacionaltaverapaz.gob.gt\/index.php?rest_route=%2Fwp%2Fv2%2Ftags&post=11756"}],"curies":[{"name":"wp","href":"https:\/\/api.w.org\/{rel}","templated":true}]}}